{"id":250743,"date":"2026-04-27T21:14:18","date_gmt":"2026-04-27T19:14:18","guid":{"rendered":"https:\/\/tropica-verde.de\/abholzung2026-artikel-ticotimes\/"},"modified":"2026-04-27T21:14:24","modified_gmt":"2026-04-27T19:14:24","slug":"abholzung2026-artikel-ticotimes","status":"publish","type":"post","link":"https:\/\/tropica-verde.de\/es\/abholzung2026-artikel-ticotimes\/","title":{"rendered":"Deforestaci\u00f3n en Costa Rica 2026: La deforestaci\u00f3n ilegal amenaza la selva tropical y el Estado de Derecho"},"content":{"rendered":"<p>[et_pb_section fb_built=\u00bb1&#8243; _builder_version=\u00bb4.23.1&#8243; _module_preset=\u00bbdefault\u00bb custom_padding=\u00bb0px||4px|||\u00bb global_colors_info=\u00bb{}\u00bb][et_pb_row _builder_version=\u00bb4.23.1&#8243; _module_preset=\u00bbdefault\u00bb global_colors_info=\u00bb{}\u00bb][et_pb_column type=\u00bb4_4&#8243; _builder_version=\u00bb4.23.1&#8243; _module_preset=\u00bbdefault\u00bb global_colors_info=\u00bb{}\u00bb][et_pb_text _builder_version=\u00bb4.27.6&#8243; _module_preset=\u00bbdefault\u00bb link_option_url_new_window=\u00bbon\u00bb inline_fonts=\u00bbArial\u00bb global_colors_info=\u00bb{}\u00bb]<\/p>\n<h2>Se agrava la crisis medioambiental en el norte de Costa Rica<\/h2>\n<p>En el norte de Costa Rica est\u00e1 desapareciendo una valiosa selva tropical, a pesar de las numerosas denuncias y de los claros requisitos legales. Las redes organizadas est\u00e1n cada vez m\u00e1s detr\u00e1s de la deforestaci\u00f3n en curso, mientras que los mecanismos de control estatales est\u00e1n fallando. Lo que est\u00e1 ocurriendo en La Guaria no es un caso aislado, sino la expresi\u00f3n de una crisis nacional<br \/>que amenaza tanto al medio ambiente como al Estado de derecho.  <\/p>\n<p><span style=\"font-size: small;\"><em>  Texto de Beate Klein | Voluntaria en Tropica Verde<\/em><\/span><\/p>\n<p>[\/et_pb_text][et_pb_image src=\u00bbhttps:\/\/tropica-verde.de\/wp-content\/uploads\/2019\/11\/Gef\u00e4lltes-Holz-\u00a9-Stefan-Rother-1428.jpg\u00bb alt=\u00bbDeforestaci\u00f3n selva tropical\u00bb title_text=\u00bbMadera talada \u00a9 Stefan Rother-1428&#8243; _builder_version=\u00bb4.27.6&#8243; _module_preset=\u00bbdefault\u00bb global_colors_info=\u00bb{}\u00bb][\/et_pb_image][et_pb_text _builder_version=\u00bb4.27.6&#8243; _module_preset=\u00bbdefault\u00bb custom_padding=\u00bb||0px|||\u00bb global_colors_info=\u00bb{}\u00bb]<\/p>\n<h2>Alarmante informe sobre la situaci\u00f3n en Costa Rica<\/h2>\n<p>A mediados de abril de 2026, se public\u00f3 un <a href=\"https:\/\/ticotimes.net\/2026\/04\/11\/costa-rica-faces-growing-outrage-over-illegal-logging-in-sarapiqui\" rel=\"nofollow noopener\" target=\"_blank\">alarmante art\u00edculo<\/a> en la edici\u00f3n digital del Tico Times, peri\u00f3dico que se publica diariamente en ingl\u00e9s en Costa Rica, que llamaba la atenci\u00f3n sobre el empeoramiento de la crisis medioambiental, mucho m\u00e1s all\u00e1 de un \u00fanico lugar. En el fondo, no se trata s\u00f3lo de la conservaci\u00f3n de la naturaleza, sino de la capacidad de funcionamiento del Estado de derecho. El gobierno que tomar\u00e1 posesi\u00f3n en 2026 tendr\u00e1 que marcar un rumbo fundamental: Se necesitan reformas de gran alcance, que incluyan m\u00e1s transparencia, organismos de supervisi\u00f3n independientes, una mejor financiaci\u00f3n de las autoridades y una persecuci\u00f3n penal coherente de las actividades ilegales. Sin una acci\u00f3n decisiva, la destrucci\u00f3n progresiva de uno de los patrimonios naturales m\u00e1s valiosos del pa\u00eds es inminente.   <\/p>\n<p>El punto de partida de los acontecimientos actuales es el municipio de La Guaria, en la regi\u00f3n de Sarapiqu\u00ed, donde se est\u00e1 destruyendo cada vez m\u00e1s bosque primario en uno de los corredores biol\u00f3gicos m\u00e1s importantes del pa\u00eds. A pesar de las numerosas denuncias de la poblaci\u00f3n y de las organizaciones ecologistas, la deforestaci\u00f3n contin\u00faa, a menudo de noche y aparentemente sin control alguno por parte de las autoridades responsables. <\/p>\n<h2>La deforestaci\u00f3n ilegal como problema estructural<\/h2>\n<p>No se trata en absoluto de un problema aislado o localizado, sino de un fen\u00f3meno nacional. La deforestaci\u00f3n ilegal ha adquirido proporciones considerables en Costa Rica. Cada a\u00f1o se registran miles de delitos contra el medio ambiente, siendo el robo de madera la categor\u00eda m\u00e1s com\u00fan. Sin embargo, estas denuncias rara vez conducen a medidas concretas o incluso a condenas, un claro indicio de los d\u00e9ficits estructurales de las instituciones responsables.   <\/p>\n<p>[\/et_pb_text][\/et_pb_column][\/et_pb_row][et_pb_row _builder_version=\u00bb4.27.6&#8243; _module_preset=\u00bbdefault\u00bb background_color=\u00bb#B6D79F\u00bb global_colors_info=\u00bb{}\u00bb][et_pb_column type=\u00bb4_4&#8243; _builder_version=\u00bb4.27.6&#8243; _module_preset=\u00bbdefault\u00bb global_colors_info=\u00bb{}\u00bb][et_pb_blurb title=\u00bbM\u00e1s informaci\u00f3n sobre nuestro trabajo en la protecci\u00f3n de la selva tropical\u00bb url=\u00bbhttps:\/\/www.youtube.com\/watch?v=GtWIwq6KlX0&#8243; use_icon=\u00bbon\u00bb font_icon=\u00bb&#xe04e;||divi||400&#8243; icon_color=\u00bb#006B46&#8243; icon_placement=\u00bbleft\u00bb _builder_version=\u00bb4.27.6&#8243; _module_preset=\u00bbdefault\u00bb header_level=\u00bbh2&#8243; header_text_color=\u00bb#006B46&#8243; header_font_size=\u00bb32px\u00bb body_font_size=\u00bb18px\u00bb background_color=\u00bb#B6D79F\u00bb min_height=\u00bb182px\u00bb custom_margin=\u00bb14px|||||\u00bb custom_padding=\u00bb0px|||||\u00bb link_option_url_new_window=\u00bbon\u00bb global_colors_info=\u00bb{}\u00bb]<\/p>\n<p>Inf\u00f3rmate sobre nuestros proyectos para proteger la selva tropical en Costa Rica: <span style=\"color: #ffffff;\">\u25b8 <a href=\"https:\/\/tropica-verde.de\/es\/proyectos\/\" style=\"color: #ffffff;\">https:\/\/tropica-verde.de\/projekte\/<\/a><\/span><\/p>\n<p>[\/et_pb_blurb][\/et_pb_column][\/et_pb_row][et_pb_row _builder_version=\u00bb4.27.6&#8243; _module_preset=\u00bbdefault\u00bb global_colors_info=\u00bb{}\u00bb][et_pb_column type=\u00bb4_4&#8243; _builder_version=\u00bb4.27.6&#8243; _module_preset=\u00bbdefault\u00bb global_colors_info=\u00bb{}\u00bb][et_pb_text _builder_version=\u00bb4.27.6&#8243; _module_preset=\u00bbdefault\u00bb custom_padding=\u00bb||0px|||\u00bb global_colors_info=\u00bb{}\u00bb]<\/p>\n<p>&nbsp;<\/p>\n<h2>Los monocultivos como motor de la deforestaci\u00f3n<\/h2>\n<p>Un motor clave de este desarrollo es la expansi\u00f3n de los monocultivos a gran escala, como las plantaciones de pi\u00f1a, pl\u00e1tano y aceite de palma. Estas formas de agricultura son extremadamente intensivas en el uso de la tierra y est\u00e1n invadiendo cada vez m\u00e1s zonas forestales antes v\u00edrgenes. Los madereros ilegales suelen preparar las zonas extrayendo primero la valiosa madera antes de utilizar la tierra para la agricultura.  <\/p>\n<h2>Delincuencia organizada en la selva tropical<\/h2>\n<p>Resulta especialmente preocupante que muchas de estas actividades parezcan estar respaldadas por estructuras delictivas organizadas. Las operaciones policiales han demostrado que los autores suelen ir fuertemente armados, utilizan tecnolog\u00edas modernas como drones y est\u00e1n muy organizados. Esto pone de relieve que no se trata de violaciones aisladas de la ley, sino de intervenciones sistem\u00e1ticas y profesionalmente coordinadas en espacios naturales protegidos.  <\/p>\n<h2>Fallo de los sistemas estatales de control<\/h2>\n<p>Al mismo tiempo, las investigaciones revelaron graves deficiencias en el sistema de control estatal. El SINAC (Sistema Nacional de \u00c1reas de Conservaci\u00f3n), que depende del Ministerio de Medio Ambiente y Energ\u00eda, es responsable de controlar m\u00e1s de 160 \u00e1reas protegidas, incluidos 30 parques nacionales. Sin embargo, un informe publicado en 2025 por la Contralor\u00eda General de la Rep\u00fablica de Costa Rica fue mordaz: Gran parte de las licencias de deforestaci\u00f3n expedidas por el SINAC no cumplen los requisitos legales. Adem\u00e1s, faltan mecanismos de control que funcionen, documentaci\u00f3n transparente y una trazabilidad fiable de la madera talada. Los d\u00e9ficits t\u00e9cnicos, la obsolescencia de los sistemas y la falta de digitalizaci\u00f3n agravaron a\u00fan m\u00e1s la situaci\u00f3n, sobre todo porque se desviaron t\u00e1citamente para otros fines fondos por valor de 325.000 USD previstos para 2024. Tambi\u00e9n hay indicios de corrupci\u00f3n y falta de integridad en las autoridades responsables.     <\/p>\n<h2>Corrupci\u00f3n e invasi\u00f3n ilegal de zonas protegidas<\/h2>\n<p>La situaci\u00f3n tambi\u00e9n est\u00e1 siendo cada vez m\u00e1s criticada pol\u00edticamente. El presupuesto del SINAC se ha recortado un 40%, lo que ha provocado considerables cuellos de botella en cuanto a personal y equipos y est\u00e1 restringiendo enormemente los controles efectivos sobre el terreno. En este vac\u00edo normativo, las redes ilegales pueden operar casi sin obst\u00e1culos. Un caso especialmente sensacional en la costa caribe\u00f1a ilustra tambi\u00e9n los estrechos v\u00ednculos entre la tala ilegal y la corrupci\u00f3n. En una zona protegida, funcionarios y empresarios fueron acusados de expedir conjuntamente licencias ilegales y manipular las clasificaciones del suelo para reducir los l\u00edmites de la zona protegida. De este modo, se ha destruido irremediablemente el patrimonio natural del estado en beneficio privado. A pesar de las reiteradas advertencias de la Fiscal\u00eda General, el SINAC a\u00fan no ha tomado las medidas necesarias para restablecer los l\u00edmites originales.      <\/p>\n<h2>Impacto en el medio ambiente y la sociedad<\/h2>\n<p>Para las comunidades afectadas, como La Guaria, esto significa concretamente que sus denuncias no son escuchadas mientras el bosque desaparece irremediablemente. Esto no s\u00f3lo conduce a la destrucci\u00f3n de ecosistemas sensibles, sino que mina permanentemente la confianza de la poblaci\u00f3n en las instituciones estatales. <\/p>\n<p>[\/et_pb_text][\/et_pb_column][\/et_pb_row][\/et_pb_section][et_pb_section fb_built=\u00bb1&#8243; fullwidth=\u00bbon\u00bb admin_label=\u00bbCall to Action\u00bb _builder_version=\u00bb4.16&#8243; animation_style=\u00bbslide\u00bb animation_direction=\u00bbbottom\u00bb animation_intensity_slide=\u00bb6%\u00bb animation_starting_opacity=\u00bb100%\u00bb locked=\u00bboff\u00bb global_colors_info=\u00bb{}\u00bb][et_pb_fullwidth_header title=\u00bbAct\u00faa ahora y protege la selva tropical\u00bb subhead=\u00bbDie Situation zeigt, wie dringend der Schutz der tropischen W\u00e4lder ist. Unterst\u00fctzen Sie unsere Arbeit f\u00fcr den Regenwald und setzen Sie gemeinsam mit uns ein Zeichen gegen illegale Abholzung und Umweltzerst\u00f6rung. &amp;#x1f33f; Informieren Sie sich, werden Sie Mitglied oder helfen Sie mit Ihrer Spende:\u00bb text_orientation=\u00bbcenter\u00bb button_one_text=\u00bbDONAR AHORA\u00bb button_one_url=\u00bbhttps:\/\/tropica-verde.de\/es\/ayudardonar\/donaciones\/\u00bb button_two_text=\u00bbH\u00c1GASE SOCIO\u00bb button_two_url=\u00bbhttps:\/\/tropica-verde.de\/es\/ayudardonar\/afiliarse\/\u00bb content_max_width=\u00bb800px\u00bb _builder_version=\u00bb4.23.1&#8243; title_level=\u00bbh2&#8243; title_font=\u00bb|700|||||||\u00bb title_text_color=\u00bb#006B46&#8243; title_font_size=\u00bb60px\u00bb title_line_height=\u00bb1.2em\u00bb content_font=\u00bbSource Sans 3||||||||\u00bb content_font_size=\u00bb20px\u00bb content_line_height=\u00bb1.8em\u00bb subhead_font=\u00bb||||||||\u00bb subhead_text_color=\u00bb#555858&#8243; subhead_font_size=\u00bb28px\u00bb subhead_line_height=\u00bb1.5em\u00bb background_color=\u00bbrgba(255, 255, 255, 0)\u00bb background_color_gradient_direction=\u00bb90deg\u00bb background_image=\u00bbhttps:\/\/tropica-verde.de\/wp-content\/uploads\/2022\/08\/footer_bg.png\u00bb button_one_text_size=\u00bb26px\u00bb button_one_text_color=\u00bb#ffffff\u00bb button_one_bg_color=\u00bb#ff6a09&#8243; button_one_border_width=\u00bb1px\u00bb button_one_border_color=\u00bb#ff6a09&#8243; button_one_border_radius=\u00bb15px\u00bb button_one_letter_spacing=\u00bb1px\u00bb button_two_text_size=\u00bb26px\u00bb button_two_text_color=\u00bb#555858&#8243; button_two_bg_color=\u00bb#ffffff\u00bb button_two_border_width=\u00bb1px\u00bb button_two_border_radius=\u00bb15px\u00bb min_height=\u00bb542.8px\u00bb custom_margin=\u00bb|||\u00bb custom_padding=\u00bb8%||8%|\u00bb animation_style=\u00bbfade\u00bb title_font_size_tablet=\u00bb48px\u00bb title_font_size_phone=\u00bb36px\u00bb title_font_size_last_edited=\u00bbon|phone\u00bb custom_css_subtitle=\u00bbfont-family: &#8216;Source Sans 3 Bold&#8217;!important;||  \u00bb button_one_letter_spacing_hover=\u00bb1px\u00bb button_two_letter_spacing_hover=\u00bb1px\u00bb global_colors_info=\u00bb{}\u00bb button_one_text_size__hover_enabled=\u00bboff\u00bb button_one_text_color__hover_enabled=\u00bboff\u00bb button_one_border_width__hover_enabled=\u00bboff\u00bb button_one_border_color__hover_enabled=\u00bboff\u00bb button_one_border_radius__hover_enabled=\u00bboff\u00bb button_one_letter_spacing__hover_enabled=\u00bbon|desktop\u00bb button_one_letter_spacing__hover=\u00bb1px\u00bb button_one_bg_color__hover_enabled=\u00bboff\u00bb button_two_letter_spacing__hover=\u00bb\u00bb button_two_letter_spacing__hover_enabled=\u00bbon|desktop\u00bb][\/et_pb_fullwidth_header][\/et_pb_section]<\/p>\n","protected":false},"excerpt":{"rendered":"<p>En el norte de Costa Rica est\u00e1 desapareciendo una valiosa selva tropical, a pesar de las numerosas denuncias y de los claros requisitos legales. Las redes organizadas est\u00e1n cada vez m\u00e1s detr\u00e1s de la deforestaci\u00f3n en curso, mientras que los mecanismos de control estatales est\u00e1n fallando. Lo que est\u00e1 ocurriendo en La Guaria no es un caso aislado, sino la expresi\u00f3n de una crisis nacional que amenaza tanto al medio ambiente como al Estado de derecho.  <\/p>\n","protected":false},"author":5,"featured_media":5531,"comment_status":"closed","ping_status":"open","sticky":false,"template":"","format":"standard","meta":{"_et_pb_use_builder":"on","_et_pb_old_content":"","_et_gb_content_width":"","inline_featured_image":false,"footnotes":""},"categories":[248,227,157],"tags":[],"class_list":["post-250743","post","type-post","status-publish","format-standard","has-post-thumbnail","hentry","category-conocimiento-animales-plantas","category-ods-15-la-vida-en-la-tierra","category-trabajo-educativo-en-alemania"],"_links":{"self":[{"href":"https:\/\/tropica-verde.de\/es\/wp-json\/wp\/v2\/posts\/250743","targetHints":{"allow":["GET"]}}],"collection":[{"href":"https:\/\/tropica-verde.de\/es\/wp-json\/wp\/v2\/posts"}],"about":[{"href":"https:\/\/tropica-verde.de\/es\/wp-json\/wp\/v2\/types\/post"}],"author":[{"embeddable":true,"href":"https:\/\/tropica-verde.de\/es\/wp-json\/wp\/v2\/users\/5"}],"replies":[{"embeddable":true,"href":"https:\/\/tropica-verde.de\/es\/wp-json\/wp\/v2\/comments?post=250743"}],"version-history":[{"count":2,"href":"https:\/\/tropica-verde.de\/es\/wp-json\/wp\/v2\/posts\/250743\/revisions"}],"predecessor-version":[{"id":250747,"href":"https:\/\/tropica-verde.de\/es\/wp-json\/wp\/v2\/posts\/250743\/revisions\/250747"}],"wp:featuredmedia":[{"embeddable":true,"href":"https:\/\/tropica-verde.de\/es\/wp-json\/wp\/v2\/media\/5531"}],"wp:attachment":[{"href":"https:\/\/tropica-verde.de\/es\/wp-json\/wp\/v2\/media?parent=250743"}],"wp:term":[{"taxonomy":"category","embeddable":true,"href":"https:\/\/tropica-verde.de\/es\/wp-json\/wp\/v2\/categories?post=250743"},{"taxonomy":"post_tag","embeddable":true,"href":"https:\/\/tropica-verde.de\/es\/wp-json\/wp\/v2\/tags?post=250743"}],"curies":[{"name":"wp","href":"https:\/\/api.w.org\/{rel}","templated":true}]}}