{"id":250396,"date":"2026-03-18T00:05:08","date_gmt":"2026-03-17T22:05:08","guid":{"rendered":"https:\/\/tropica-verde.de\/30-04-2026-noche-de-walpurgis-en-el-parque-natural-espectaculo-en-la-selva-hoguera-de-brujas-y-musica\/"},"modified":"2026-03-18T00:05:19","modified_gmt":"2026-03-17T22:05:19","slug":"30-04-2026-noche-de-walpurgis-en-el-parque-natural-espectaculo-en-la-selva-hoguera-de-brujas-y-musica","status":"publish","type":"post","link":"https:\/\/tropica-verde.de\/es\/30-04-2026-noche-de-walpurgis-en-el-parque-natural-espectaculo-en-la-selva-hoguera-de-brujas-y-musica\/","title":{"rendered":"30.04.2026 | Noche de Walpurgis en el parque natural: espect\u00e1culo en la selva, hoguera de brujas y m\u00fasica"},"content":{"rendered":"<p>[et_pb_section fb_built=\u00bb1&#8243; admin_label=\u00bbsection\u00bb _builder_version=\u00bb4.16&#8243; custom_padding=\u00bb2px|||||\u00bb global_colors_info=\u00bb{}\u00bb][et_pb_row column_structure=\u00bb1_2,1_2&#8243; _builder_version=\u00bb4.27.6&#8243; _module_preset=\u00bbdefault\u00bb global_colors_info=\u00bb{}\u00bb][et_pb_column type=\u00bb1_2&#8243; _builder_version=\u00bb4.27.6&#8243; _module_preset=\u00bbdefault\u00bb global_colors_info=\u00bb{}\u00bb][et_pb_text _builder_version=\u00bb4.27.6&#8243; _module_preset=\u00bbdefault\u00bb global_colors_info=\u00bb{}\u00bb]<\/p>\n<h2 data-section-id=\"1jtyusp\" data-start=\"189\" data-end=\"251\">Noche de brujas para j\u00f3venes y mayores con hoguera y m\u00fasica de guitarra<\/h2>\n<p data-start=\"253\" data-end=\"497\">Con motivo de <strong data-start=\"268\" data-end=\"286\">la Noche de Walpurgis<\/strong>, algunas brujas han anunciado su visita a la \u00abAlte Fasanerie\u00bb. Y nosotros, de <strong data-start=\"400\" data-end=\"422\">Tropica Verde e.V.<\/strong>, tambi\u00e9n estaremos all\u00ed. Juntos celebraremos una velada especial centrada en los bosques, la naturaleza y la conservaci\u00f3n de la selva tropical.  <\/p>\n<p data-start=\"499\" data-end=\"759\">En nuestro entretenido <strong>espect\u00e1culo<\/strong> de <strong>la selva tropical<\/strong>, a cargo del Dr. Stefan Rother, en la <strong data-start=\"637\" data-end=\"660\">Casa Gerhard Schulz<\/strong>, los visitantes de todas las edades podr\u00e1n conocer la fascinante flora y fauna de los tr\u00f3picos. El<strong> espect\u00e1culo de la selva tropical empieza a las 17:00<\/strong>. <\/p>\n<p>[\/et_pb_text][\/et_pb_column][et_pb_column type=\u00bb1_2&#8243; _builder_version=\u00bb4.27.6&#8243; _module_preset=\u00bbdefault\u00bb global_colors_info=\u00bb{}\u00bb][et_pb_image src=\u00bbhttps:\/\/tropica-verde.de\/wp-content\/uploads\/2026\/03\/Hexenfeuer-Veranstaltung-1.png\u00bb title_text=\u00bbHoguera de brujas en el parque natural el 30.04.2026&#8243; _builder_version=\u00bb4.27.6&#8243; _module_preset=\u00bbdefault\u00bb global_colors_info=\u00bb{}\u00bb][\/et_pb_image][\/et_pb_column][\/et_pb_row][et_pb_row admin_label=\u00bbfila\u00bb _builder_version=\u00bb4.16&#8243; background_size=\u00bbinitial\u00bb background_position=\u00bbtop_left\u00bb background_repeat=\u00bbrepeat\u00bb global_colors_info=\u00bb{}\u00bb][et_pb_column type=\u00bb4_4&#8243; _builder_version=\u00bb4.16&#8243; custom_padding=\u00bb|||\u00bb global_colors_info=\u00bb{}\u00bb custom_padding__hover=\u00bb|||\u00bb][et_pb_text admin_label=\u00bbText\u00bb _builder_version=\u00bb4.27.6&#8243; background_size=\u00bbinitial\u00bb background_position=\u00bbtop_left\u00bb background_repeat=\u00bbrepeat\u00bb global_colors_info=\u00bb{}\u00bb]<\/p>\n<p data-start=\"761\" data-end=\"964\">Alrededor del acto, nuestras brujas tambi\u00e9n te invitan a <strong data-start=\"818\" data-end=\"859\">participar en actividades pr\u00e1cticas y breves visitas guiadas<\/strong>. Tambi\u00e9n se leer\u00e1n cuentos de hadas en voz alta. Si quieres, puedes venir <strong data-start=\"885\" data-end=\"922\">disfrazado de bruja o mago<\/strong> y formar parte de la colorida velada.  <\/p>\n<p data-start=\"966\" data-end=\"1123\">Por \u00faltimo, encendemos una <strong data-start=\"1029\" data-end=\"1043\">hoguera de brujas<\/strong> junto con los amigos del bosque y cerramos la velada con <strong data-start=\"1069\" data-end=\"1097\">m\u00fasica de guitarra y canto<\/strong>.<\/p>\n<p data-start=\"966\" data-end=\"1123\">\n<h2 data-start=\"1278\" data-end=\"1307\">Informaci\u00f3n de un vistazo<\/h2>\n<blockquote>\n<p data-start=\"1603\" data-end=\"2155\"><strong data-start=\"1603\" data-end=\"1629\">Tipo de acto:<\/strong> Noche de Walpurgis con espect\u00e1culo en la selva tropical, actividades pr\u00e1cticas y breves visitas guiadas con brujas, hoguera comunitaria de brujas con m\u00fasica de guitarra<br data-start=\"1696\" data-end=\"1699\"><strong data-start=\"1699\" data-end=\"1709\">Fecha:<\/strong> 30 de abril de 2026 (Noche de Walpurgis)<br data-start=\"1736\" data-end=\"1739\"><strong data-start=\"1739\" data-end=\"1751\">Hora: <\/strong>16:00-20:00; el espect\u00e1culo en la selva tropical comienza a las 17:00<br data-start=\"1776\" data-end=\"1779\"><strong data-start=\"1779\" data-end=\"1787\">Lugar:<\/strong> Parque de Animales Salvajes \u00abAlte Fasanerie\u00bb, Hanau, Gerhard-Schulz-Haus<br data-start=\"1834\" data-end=\"1837\"><strong data-start=\"1837\" data-end=\"1848\">Costes:<\/strong> Entrada normal al parque de animales salvajes, disponible en <a href=\"https:\/\/www.hessen-forst.de\/freizeit\/wildpark-alte-fasanerie-hanau\" target=\"_blank\" rel=\"noopener nofollow\">la p\u00e1gina web de Hessen Forst<\/a><br data-start=\"1902\" data-end=\"1905\"><strong data-start=\"2042\" data-end=\"2056\">Inscripci\u00f3n:<\/strong> No es necesario inscribirse<br data-start=\"2085\" data-end=\"2088\"><strong data-start=\"2088\" data-end=\"2101\">M\u00e1s informaci\u00f3n:<\/strong> \u00a1Se invita a brujas y magos a disfrazarse!<\/p>\n<\/blockquote>\n<p>[\/et_pb_text][\/et_pb_column][\/et_pb_row][\/et_pb_section]<\/p>\n","protected":false},"excerpt":{"rendered":"<p>Noche de brujas para j\u00f3venes y mayores con hoguera y m\u00fasica de guitarra Con motivo de la Noche de Walpurgis, algunas brujas han anunciado su visita a la \u00abAlte Fasanerie\u00bb. Y nosotros, de Tropica Verde e.V., tambi\u00e9n estaremos all\u00ed. Juntos celebraremos una velada especial centrada en los bosques, la naturaleza y la conservaci\u00f3n de la [&hellip;]<\/p>\n","protected":false},"author":5,"featured_media":250400,"comment_status":"closed","ping_status":"open","sticky":false,"template":"","format":"standard","meta":{"_et_pb_use_builder":"on","_et_pb_old_content":"","_et_gb_content_width":"","inline_featured_image":false,"footnotes":""},"categories":[149],"tags":[],"class_list":["post-250396","post","type-post","status-publish","format-standard","has-post-thumbnail","hentry","category-eventos-fechas"],"_links":{"self":[{"href":"https:\/\/tropica-verde.de\/es\/wp-json\/wp\/v2\/posts\/250396","targetHints":{"allow":["GET"]}}],"collection":[{"href":"https:\/\/tropica-verde.de\/es\/wp-json\/wp\/v2\/posts"}],"about":[{"href":"https:\/\/tropica-verde.de\/es\/wp-json\/wp\/v2\/types\/post"}],"author":[{"embeddable":true,"href":"https:\/\/tropica-verde.de\/es\/wp-json\/wp\/v2\/users\/5"}],"replies":[{"embeddable":true,"href":"https:\/\/tropica-verde.de\/es\/wp-json\/wp\/v2\/comments?post=250396"}],"version-history":[{"count":5,"href":"https:\/\/tropica-verde.de\/es\/wp-json\/wp\/v2\/posts\/250396\/revisions"}],"predecessor-version":[{"id":250407,"href":"https:\/\/tropica-verde.de\/es\/wp-json\/wp\/v2\/posts\/250396\/revisions\/250407"}],"wp:featuredmedia":[{"embeddable":true,"href":"https:\/\/tropica-verde.de\/es\/wp-json\/wp\/v2\/media\/250400"}],"wp:attachment":[{"href":"https:\/\/tropica-verde.de\/es\/wp-json\/wp\/v2\/media?parent=250396"}],"wp:term":[{"taxonomy":"category","embeddable":true,"href":"https:\/\/tropica-verde.de\/es\/wp-json\/wp\/v2\/categories?post=250396"},{"taxonomy":"post_tag","embeddable":true,"href":"https:\/\/tropica-verde.de\/es\/wp-json\/wp\/v2\/tags?post=250396"}],"curies":[{"name":"wp","href":"https:\/\/api.w.org\/{rel}","templated":true}]}}