{"id":250215,"date":"2026-02-14T23:16:31","date_gmt":"2026-02-14T21:16:31","guid":{"rendered":"https:\/\/tropica-verde.de\/21-22-de-marzo-de-2026-vive-el-intercambio-de-plantas-en-el-palmengarten\/"},"modified":"2026-03-11T19:29:03","modified_gmt":"2026-03-11T17:29:03","slug":"21-22-de-marzo-de-2026-vive-el-intercambio-de-plantas-en-el-palmengarten","status":"publish","type":"post","link":"https:\/\/tropica-verde.de\/es\/21-22-de-marzo-de-2026-vive-el-intercambio-de-plantas-en-el-palmengarten\/","title":{"rendered":"21-22 de marzo de 2026 | Experimente el intercambio de plantas en el Palmengarten"},"content":{"rendered":"<p>[et_pb_section fb_built=\u00bb1&#8243; admin_label=\u00bbsection\u00bb _builder_version=\u00bb4.16&#8243; global_colors_info=\u00bb{}\u00bb][et_pb_row admin_label=\u00bbfila\u00bb _builder_version=\u00bb4.16&#8243; background_size=\u00bbinitial\u00bb background_position=\u00bbtop_left\u00bb background_repeat=\u00bbrepeat\u00bb global_colors_info=\u00bb{}\u00bb][et_pb_column type=\u00bb4_4&#8243; _builder_version=\u00bb4.16&#8243; custom_padding=\u00bb|||\u00bb global_colors_info=\u00bb{}\u00bb custom_padding__hover=\u00bb|||\u00bb][et_pb_text admin_label=\u00bbText\u00bb _builder_version=\u00bb4.27.6&#8243; background_size=\u00bbinitial\u00bb background_position=\u00bbtop_left\u00bb background_repeat=\u00bbrepeat\u00bb hover_enabled=\u00bb0&#8243; global_colors_info=\u00bb{}\u00bb sticky_enabled=\u00bb0&#8243;]<\/p>\n<h1 data-start=\"111\" data-end=\"151\">Palmengarten Frankfurt: Tropica Verde forma parte del programa de apoyo de la Bolsa de Plantas<\/h1>\n<p data-start=\"153\" data-end=\"479\">Cuando la naturaleza despierta en primavera, el Palmengarten le invita al gran intercambio de plantas los d\u00edas 21 y 22 de marzo de 2026. De 9.00 a 18.00 horas, los visitantes podr\u00e1n disfrutar de una variada selecci\u00f3n de plantas especiales, consejos expertos de jardineros experimentados y un inspirador programa de apoyo para j\u00f3venes y mayores.   <\/p>\n<p data-start=\"481\" data-end=\"774\">Ya sean rarezas, plantas perennes robustas, semillas ecol\u00f3gicas, cactus o cultivares antiguos, la bolsa de plantas ofrece una impresionante variedad para jardines, balcones e interiores. Los cultivadores especializados proporcionan informaci\u00f3n personal sobre el cuidado, la ubicaci\u00f3n y las caracter\u00edsticas especiales de las plantas que se ofrecen. <\/p>\n<p data-start=\"776\" data-end=\"1130\">Puestos de informaci\u00f3n, talleres, visitas guiadas y actividades pr\u00e1cticas complementan la Bolsa de Plantas bajo el tema conductor <strong data-start=\"796\" data-end=\"833\">\u00abEl Jard\u00edn del Futuro: Utop\u00edas\u00bb<\/strong>. Iniciativas y organizaciones presentar\u00e1n ideas sostenibles para huertos urbanos y un futuro m\u00e1s verde. Tambi\u00e9n encontrar\u00e1s aqu\u00ed <strong>nuestro puesto de informaci\u00f3n<\/strong> <strong>el 22 de marzo<\/strong>. Las familias pueden esperar un programa variado con actividades artesanales, pase de exploradores y rally de juegos.   <\/p>\n<p data-start=\"1132\" data-end=\"1271\">Adem\u00e1s de la venta de plantas, el acto se centrar\u00e1 especialmente en conceptos de jardiner\u00eda sostenible, jardiner\u00eda sin turba y biodiversidad.<\/p>\n<h2 data-start=\"1278\" data-end=\"1307\">Informaci\u00f3n de un vistazo<\/h2>\n<blockquote>\n<p data-start=\"1309\" data-end=\"1807\"><strong data-start=\"1309\" data-end=\"1335\">Tipo de acto:<\/strong> Intercambio de plantas con un amplio programa de apoyo<br data-start=\"1369\" data-end=\"1372\"><strong data-start=\"1372\" data-end=\"1382\">Fecha:<\/strong> 21 y 22 de marzo de 2026 | El stand de Tropica Verde <em>s\u00f3lo<\/em> el 22 de marzo <br data-start=\"1402\" data-end=\"1405\"><strong data-start=\"1405\" data-end=\"1417\">Horario:<\/strong> 9:00 - 18:00<br data-start=\"1434\" data-end=\"1437\"><strong data-start=\"1437\" data-end=\"1445\">Ubicaci\u00f3n:<\/strong> Palmengarten Frankfurt<br data-start=\"1468\" data-end=\"1471\"><strong data-start=\"1471\" data-end=\"1482\">Costes:<\/strong> Se aplicar\u00e1n los precios de entrada habituales del Palmengarten<strong data-start=\"1471\" data-end=\"1482\">.<\/strong> <br data-start=\"1540\" data-end=\"1543\"><strong data-start=\"1543\" data-end=\"1556\">Programa:<\/strong> Venta de plantas, intercambio de informaci\u00f3n \u00abUtop\u00edas\u00bb, talleres, visitas guiadas, programa familiar <a href=\"https:\/\/www.palmengarten.de\/de\/ereignis.html?tx_calendarize_calendar%5Baction%5D=detail&amp;tx_calendarize_calendar%5Bcontroller%5D=Calendar&amp;tx_calendarize_calendar%5Bindex%5D=116037&amp;cHash=c56fc5871d7059a5e1a87f30dcdbbfd2\" target=\"_blank\" rel=\"noopener nofollow\">-&gt; para consultar el programa completo<\/a><br data-start=\"1633\" data-end=\"1636\" data-is-only-node=\"\"><strong data-start=\"1636\" data-end=\"1650\">Inscripci\u00f3n:<\/strong> Para talleres y visitas guiadas por correo electr\u00f3nico a<em> palmengarten.kultur@stadt-frankfurt.de<\/em><br data-start=\"1731\" data-end=\"1734\"><strong data-start=\"1734\" data-end=\"1747\">M\u00e1s informaci\u00f3n:<\/strong> consejos sobre plantas individuales de jardineros in situ<\/p>\n<\/blockquote>\n<p>[\/et_pb_text][\/et_pb_column][\/et_pb_row][\/et_pb_section]<\/p>\n","protected":false},"excerpt":{"rendered":"<p>Palmengarten Frankfurt: Tropica Verde forma parte del programa de apoyo de la Bolsa de Plantas Cuando la naturaleza despierta en primavera, el Palmengarten le invita al gran intercambio de plantas los d\u00edas 21 y 22 de marzo de 2026. De 9.00 a 18.00 horas, los visitantes podr\u00e1n disfrutar de una variada selecci\u00f3n de plantas especiales, [&hellip;]<\/p>\n","protected":false},"author":5,"featured_media":250216,"comment_status":"closed","ping_status":"open","sticky":false,"template":"","format":"standard","meta":{"_et_pb_use_builder":"on","_et_pb_old_content":"","_et_gb_content_width":"","inline_featured_image":false,"footnotes":""},"categories":[149],"tags":[],"class_list":["post-250215","post","type-post","status-publish","format-standard","has-post-thumbnail","hentry","category-eventos-fechas"],"_links":{"self":[{"href":"https:\/\/tropica-verde.de\/es\/wp-json\/wp\/v2\/posts\/250215","targetHints":{"allow":["GET"]}}],"collection":[{"href":"https:\/\/tropica-verde.de\/es\/wp-json\/wp\/v2\/posts"}],"about":[{"href":"https:\/\/tropica-verde.de\/es\/wp-json\/wp\/v2\/types\/post"}],"author":[{"embeddable":true,"href":"https:\/\/tropica-verde.de\/es\/wp-json\/wp\/v2\/users\/5"}],"replies":[{"embeddable":true,"href":"https:\/\/tropica-verde.de\/es\/wp-json\/wp\/v2\/comments?post=250215"}],"version-history":[{"count":3,"href":"https:\/\/tropica-verde.de\/es\/wp-json\/wp\/v2\/posts\/250215\/revisions"}],"predecessor-version":[{"id":250374,"href":"https:\/\/tropica-verde.de\/es\/wp-json\/wp\/v2\/posts\/250215\/revisions\/250374"}],"wp:featuredmedia":[{"embeddable":true,"href":"https:\/\/tropica-verde.de\/es\/wp-json\/wp\/v2\/media\/250216"}],"wp:attachment":[{"href":"https:\/\/tropica-verde.de\/es\/wp-json\/wp\/v2\/media?parent=250215"}],"wp:term":[{"taxonomy":"category","embeddable":true,"href":"https:\/\/tropica-verde.de\/es\/wp-json\/wp\/v2\/categories?post=250215"},{"taxonomy":"post_tag","embeddable":true,"href":"https:\/\/tropica-verde.de\/es\/wp-json\/wp\/v2\/tags?post=250215"}],"curies":[{"name":"wp","href":"https:\/\/api.w.org\/{rel}","templated":true}]}}