{"id":249856,"date":"2025-12-21T15:52:53","date_gmt":"2025-12-21T13:52:53","guid":{"rendered":"https:\/\/tropica-verde.de\/colaboracion-activa-con-el-centro-de-rescate-del-jaguar-2\/"},"modified":"2025-12-21T15:53:58","modified_gmt":"2025-12-21T13:53:58","slug":"colaboracion-activa-con-el-centro-de-rescate-del-jaguar-2","status":"publish","type":"post","link":"https:\/\/tropica-verde.de\/es\/colaboracion-activa-con-el-centro-de-rescate-del-jaguar-2\/","title":{"rendered":"Informe anual sobre los proyectos en Costa Rica"},"content":{"rendered":"<p>[et_pb_section fb_built=\u00bb1&#8243; admin_label=\u00bbsection\u00bb _builder_version=\u00bb4.16&#8243; custom_padding=\u00bb0px||0px|||\u00bb global_colors_info=\u00bb{}\u00bb][et_pb_row admin_label=\u00bbfila\u00bb _builder_version=\u00bb4.16&#8243; background_size=\u00bbinitial\u00bb background_position=\u00bbtop_left\u00bb background_repeat=\u00bbrepeat\u00bb custom_padding=\u00bb0px||2px|||\u00bb global_colors_info=\u00bb{}\u00bb][et_pb_column type=\u00bb4_4&#8243; _builder_version=\u00bb4.16&#8243; custom_padding=\u00bb|||\u00bb global_colors_info=\u00bb{}\u00bb custom_padding__hover=\u00bb|||\u00bb][et_pb_text _builder_version=\u00bb4.27.4&#8243; _module_preset=\u00bbdefault\u00bb hover_enabled=\u00bb0&#8243; global_colors_info=\u00bb{}\u00bb sticky_enabled=\u00bb0&#8243;]<\/p>\n<h2>2025 fue un a\u00f1o muy activo en Costa Rica. Se integraron con \u00e9xito nuevos proyectos y se ampliaron considerablemente algunos de los ya existentes. <\/h2>\n<p>[\/et_pb_text][et_pb_text admin_label=\u00bbText\u00bb _builder_version=\u00bb4.27.4&#8243; background_size=\u00bbinitial\u00bb background_position=\u00bbtop_left\u00bb background_repeat=\u00bbrepeat\u00bb hover_enabled=\u00bb0&#8243; global_colors_info=\u00bb{}\u00bb sticky_enabled=\u00bb0&#8243;]<\/p>\n<p>Algunos hechos del a\u00f1o pasado:<\/p>\n<h2>1. trabajo de educaci\u00f3n medioambiental<\/h2>\n<p><span style=\"font-size: 17px;\">Se publicaron, utilizaron y distribuyeron nuevas herramientas, como el primer <strong>manual de educaci\u00f3n medioambiental<\/strong> para profesores costarricenses. El <g id=\"gid_1\">juego<\/g> interactivo <g id=\"gid_1\">\u00ab\u00bfQui\u00e9n ser\u00e1 el mejor conservacionista de la selva tropical?\u00bb<\/g> para escolares de distintos grupos de edad tambi\u00e9n recibi\u00f3 una gran acogida en las escuelas. Adem\u00e1s, recibimos permiso por primera vez para llevar a cabo una educaci\u00f3n medioambiental continua en las <g id=\"gid_2\">zonas ind\u00edgenas<\/g> de Talamanca, que de otro modo estar\u00edan muy aisladas. Esto es casi un elogio y demuestra el valor de nuestro programa. Lo mismo ocurre con el primer acuerdo con el <g id=\"gid_3\">MEP<\/g> (Ministerio de Educaci\u00f3n P\u00fablica de Costa Rica), que acoge favorablemente el trabajo de Tropica Verde en Costa Rica. Tropica Verde emplea ahora a <g id=\"gid_4\">7 profesores a tiempo parcial<\/g> a trav\u00e9s de socios o directamente, que han ense\u00f1ado a <g id=\"gid_5\"> 3000 ni\u00f1os y adultos <\/g>sobre la conservaci\u00f3n de la naturaleza en 2025. \u00a1Consideramos que esto es una parte esencial de la conservaci\u00f3n sostenible de la naturaleza! Muchas gracias a las fundaciones \u00abCordes &amp; Graefe\u00bb y \u00abR\u00fcm Hart\u00bb por apoyar nuestro trabajo.       <\/span><\/p>\n<p>[\/et_pb_text][et_pb_image src=\u00bbhttps:\/\/tropica-verde.de\/wp-content\/uploads\/2025\/12\/Stefan-1b.jpg\u00bb alt=\u00bbProteger la selva tropical Espect\u00e1culo sobre la selva tropical\u00bb title_text=\u00bbStefan 1b\u00bb force_fullwidth=\u00bbon\u00bb _builder_version=\u00bb4.27.4&#8243; _module_preset=\u00bbdefault\u00bb hover_enabled=\u00bb0&#8243; global_colors_info=\u00bb{}\u00bb sticky_enabled=\u00bb0&#8243;][\/et_pb_image][et_pb_text admin_label=\u00bbText\u00bb _builder_version=\u00bb4.27.4&#8243; background_size=\u00bbinitial\u00bb background_position=\u00bbtop_left\u00bb background_repeat=\u00bbrepeat\u00bb hover_enabled=\u00bb0&#8243; global_colors_info=\u00bb{}\u00bb sticky_enabled=\u00bb0&#8243;]<\/p>\n<h2>2\u00ba equipo de Tropica Verde en Costa Rica<\/h2>\n<p>Est\u00e1 creciendo, al igual que la red en el pa\u00eds. Tropica Verde ya es conocida en todo el pa\u00eds por su proyecto y su labor educativa. <strong>El miembro m\u00e1s reciente<\/strong> es Laura Alfaro Gonz\u00e1lez, de la Fundaci\u00f3n <strong>Abuela Ecol\u00f3gica<\/strong>. Tropica Verde apoya su <strong>nuevo proyecto de reforestaci\u00f3n \u00ab\u00c1rboles y Plumas<\/strong> \u00bb en el norte de Costa Rica, en el que se van a cultivar m\u00e1s de 8.000 \u00e1rboles de especies aut\u00f3ctonas en peligro de extinci\u00f3n en viveros y luego se plantar\u00e1n en pastizales deforestados en cooperaci\u00f3n con agricultores y propietarios.  <\/p>\n<p>[\/et_pb_text][et_pb_image src=\u00bbhttps:\/\/tropica-verde.de\/wp-content\/uploads\/2025\/12\/Bild-2.png\u00bb alt=\u00bbRed Tropica Verde\u00bb title_text=\u00bbRed Tropica Verde\u00bb force_fullwidth=\u00bbon\u00bb _builder_version=\u00bb4.27.4&#8243; _module_preset=\u00bbdefault\u00bb hover_enabled=\u00bb0&#8243; global_colors_info=\u00bb{}\u00bb sticky_enabled=\u00bb0&#8243;][\/et_pb_image][et_pb_text admin_label=\u00bbText\u00bb _builder_version=\u00bb4.27.4&#8243; background_size=\u00bbinitial\u00bb background_position=\u00bbtop_left\u00bb background_repeat=\u00bbrepeat\u00bb hover_enabled=\u00bb0&#8243; global_colors_info=\u00bb{}\u00bb sticky_enabled=\u00bb0&#8243;]<\/p>\n<h2>3er Taller Tropica Verde<\/h2>\n<p>Nuestro creciente equipo re\u00fane a muchos conservacionistas y profesores profesionales y apasionados. El objetivo es aprender unos de otros y desarrollar juntos nuevas ideas. Lo hacemos en talleres anuales y el <strong>taller actual<\/strong> tuvo lugar cerca de nuestra <strong>Reserva Kinkajou<\/strong>, en el Albergue Yatama. Nuestro socio y propietario del albergue, Pedro M\u00e9ndez Tam, nos prest\u00f3 un gran apoyo y nos facilit\u00f3 todas las instalaciones a un precio asequible. \u00a1Muchas gracias por ello! Fue estupendo ver c\u00f3mo se desarrolla un equipo excelente que trabaja bien en equipo y en el que todos aportan su contribuci\u00f3n. \u00a1Un total de 21 participantes formaron un equipo de trabajo de alto nivel! Nuestra dedicada jefa de la oficina de Frankfurt, <g id=\"gid_2\">Ingrith Tilly<\/g>, tambi\u00e9n pudo participar por primera vez junto con su marido Thomas y nuestra colaboradora Christine de Espa\u00f1a. Tambi\u00e9n hubo dos voluntarios de San Jos\u00e9: uno que apoya nuestro trabajo en las redes sociales y otro que se encarga de traducir nuestros textos.        <\/p>\n<p>[\/et_pb_text][et_pb_image src=\u00bbhttps:\/\/tropica-verde.de\/wp-content\/uploads\/2025\/12\/Stefan-3a.jpg\u00bb alt=\u00bbRed Tropica Verde\u00bb title_text=\u00bbStefan 3a\u00bb force_fullwidth=\u00bbon\u00bb _builder_version=\u00bb4.27.4&#8243; _module_preset=\u00bbdefault\u00bb hover_enabled=\u00bb0&#8243; global_colors_info=\u00bb{}\u00bb sticky_enabled=\u00bb0&#8243;][\/et_pb_image][et_pb_text admin_label=\u00bbText\u00bb _builder_version=\u00bb4.27.4&#8243; background_size=\u00bbinitial\u00bb background_position=\u00bbtop_left\u00bb background_repeat=\u00bbrepeat\u00bb hover_enabled=\u00bb0&#8243; global_colors_info=\u00bb{}\u00bb sticky_enabled=\u00bb0&#8243;]<\/p>\n<h2>4. proyectos<\/h2>\n<p>[\/et_pb_text][\/et_pb_column][\/et_pb_row][et_pb_row _builder_version=\u00bb4.27.4&#8243; _module_preset=\u00bbdefault\u00bb column_structure=\u00bb1_2,1_2&#8243;][et_pb_column _builder_version=\u00bb4.27.4&#8243; _module_preset=\u00bbdefault\u00bb type=\u00bb1_2&#8243;][et_pb_text _builder_version=\u00bb4.27.4&#8243; _module_preset=\u00bbdefault\u00bb hover_enabled=\u00bb0&#8243; sticky_enabled=\u00bb0&#8243;]<\/p>\n<p>Hubo nuevas actividades en todos los proyectos. En <strong>\u00abMonte Alto\u00bb<\/strong>, Lubi Bocantes, en colaboraci\u00f3n con Gabriele Schaar de R\u00f6mer, llev\u00f3 a cabo por primera vez con \u00e9xito el <strong>proyecto de transporte a\u00e9reo<\/strong> para escolares de Fr\u00e1ncfort del Meno y la regi\u00f3n de Hojancha, adem\u00e1s de la ya conocida buena labor de educaci\u00f3n medioambiental. <\/p>\n<p>Alrededor de nuestra <strong>reserva de bosque primario \u00abFinca Curr\u00e9<\/strong> \u00ab, muchos terratenientes firmaron un acuerdo de protecci\u00f3n forestal sostenible a trav\u00e9s de nuestra organizaci\u00f3n asociada \u00abASOGUABO\u00bb. Gracias a ello, <strong>m\u00e1s de 300 hect\u00e1reas<\/strong> de este importante corredor biol\u00f3gico est\u00e1n ahora <strong>mejor protegidas<\/strong>, y esta cifra aumentar\u00e1 pronto a 600 hect\u00e1reas.<\/p>\n<p>Tambi\u00e9n estamos activos en el norte de Costa Rica y, junto con la organizaci\u00f3n holandesa Oasebos, estamos estableciendo actualmente una <strong>nueva \u00e1rea protegida \u00abReserva Danta\u00bb<\/strong> que conecta nuestra Reserva Lapa Verde existente con otras reservas y que en el futuro formar\u00e1 un bloque forestal (el objetivo a largo plazo es de m\u00e1s de 600 ha) contra las plantaciones de pi\u00f1a en expansi\u00f3n. \u00c9stas son s\u00f3lo algunas de las muchas actividades en torno a los proyectos de Tropica Verde en Costa Rica. <\/p>\n<p><em>Tu Dr. Stefan Rother<\/em><\/p>\n<p><em>Si quieres saber m\u00e1s sobre el trabajo del proyecto en Costa Rica, con muchas fotos y v\u00eddeos, te invitamos a inscribirte en la <strong>conferencia Zoom del martes 20 de enero de 2026, a las 19.30 horas.<\/strong> Nuestro coordinador del proyecto, el Dr. Stefan Rother, nos proporcionar\u00e1 informaci\u00f3n completa y actualizada. <\/em><\/p>\n<p>&nbsp;<\/p>\n<p>&nbsp;<\/p>\n<p>&nbsp;<\/p>\n<p>[\/et_pb_text][\/et_pb_column][et_pb_column _builder_version=\u00bb4.27.4&#8243; _module_preset=\u00bbdefault\u00bb type=\u00bb1_2&#8243;][et_pb_image _builder_version=\u00bb4.27.4&#8243; _module_preset=\u00bbdefault\u00bb title_text=\u00bbStefan\u00bb src=\u00bbhttps:\/\/tropica-verde.de\/wp-content\/uploads\/2025\/12\/Stefan.jpg\u00bb hover_enabled=\u00bb0&#8243; sticky_enabled=\u00bb0&#8243;][\/et_pb_image][\/et_pb_column][\/et_pb_row][et_pb_row column_structure=\u00bb1_4,1_4,1_4,1_4&#8243; custom_padding_last_edited=\u00bbon|desktop\u00bb _builder_version=\u00bb4.27.4&#8243; _module_preset=\u00bbdefault\u00bb background_enable_color=\u00bboff\u00bb min_height=\u00bb355.1px\u00bb custom_margin=\u00bb3px|auto|0px|auto|false|false\u00bb custom_padding=\u00bb94px||52px||false|false\u00bb custom_padding_tablet=\u00bb||0px||false|false\u00bb custom_padding_phone=\u00bb0px|0px|0px|0px|false|false\u00bb global_module=\u00bb244553&#8243; global_colors_info=\u00bb{}\u00bb][et_pb_column type=\u00bb1_4&#8243; _builder_version=\u00bb4.23.1&#8243; _module_preset=\u00bbdefault\u00bb global_colors_info=\u00bb{}\u00bb][et_pb_image src=\u00bbhttps:\/\/tropica-verde.de\/wp-content\/uploads\/2024\/06\/Zasob-10.svg\u00bb title_text=\u00bbZas\u00f3b 10&#8243; url=\u00bbhttps:\/\/tropica-verde.de\/es\/ayudardonar\/donaciones\/\u00bb align=\u00bbcenter\u00bb _builder_version=\u00bb4.27.4&#8243; _module_preset=\u00bbdefault\u00bb max_width=\u00bb220px\u00bb global_colors_info=\u00bb{}\u00bb][\/et_pb_image][et_pb_text _builder_version=\u00bb4.23.1&#8243; _module_preset=\u00bb148b6e92-2377-47ed-a4d0-f5bd97198ef5&#8243; text_text_color=\u00bb#ffffff\u00bb header_text_color=\u00bb#006B46&#8243; header_font_size=\u00bb36px\u00bb header_2_text_color=\u00bb#006B46&#8243; header_2_font_size=\u00bb36px\u00bb header_3_font=\u00bbSource Sans 3|700|||||||\u00bb header_3_text_align=\u00bbcenter\u00bb header_3_text_color=\u00bb#575656&#8243; header_3_font_size=\u00bb24px\u00bb header_font_size_tablet=\u00bb30px\u00bb header_font_size_phone=\u00bb24px\u00bb header_font_size_last_edited=\u00bbon|phone\u00bb header_2_font_size_tablet=\u00bb30px\u00bb header_2_font_size_phone=\u00bb24px\u00bb header_2_font_size_last_edited=\u00bbon|desktop\u00bb header_3_font_size_tablet=\u00bb20px\u00bb header_3_font_size_phone=\u00bb18px\u00bb header_3_font_size_last_edited=\u00bbon|phone\u00bb global_colors_info=\u00bb{}\u00bb]<\/p>\n<h3>Haz un donativo<\/h3>\n<p>[\/et_pb_text][\/et_pb_column][et_pb_column type=\u00bb1_4&#8243; _builder_version=\u00bb4.23.1&#8243; _module_preset=\u00bbdefault\u00bb global_colors_info=\u00bb{}\u00bb][et_pb_image src=\u00bbhttps:\/\/tropica-verde.de\/wp-content\/uploads\/2024\/07\/image-2.svg\u00bb title_text=\u00bbimagen-2&#8243; url=\u00bbhttps:\/\/tropica-verde.de\/es\/ayudardonar\/afiliarse\/\u00bb align=\u00bbcenter\u00bb admin_label=\u00bbImage\u00bb _builder_version=\u00bb4.27.4&#8243; _module_preset=\u00bbdefault\u00bb max_width=\u00bb220px\u00bb global_colors_info=\u00bb{}\u00bb][\/et_pb_image][et_pb_text _builder_version=\u00bb4.27.4&#8243; _module_preset=\u00bb148b6e92-2377-47ed-a4d0-f5bd97198ef5&#8243; text_text_color=\u00bb#ffffff\u00bb header_text_color=\u00bb#006B46&#8243; header_font_size=\u00bb36px\u00bb header_2_text_color=\u00bb#006B46&#8243; header_2_font_size=\u00bb36px\u00bb header_3_font=\u00bbSource Sans 3|700|||||||\u00bb header_3_text_align=\u00bbcenter\u00bb header_3_text_color=\u00bb#575656&#8243; header_3_font_size=\u00bb24px\u00bb header_font_size_tablet=\u00bb30px\u00bb header_font_size_phone=\u00bb24px\u00bb header_font_size_last_edited=\u00bbon|phone\u00bb header_2_font_size_tablet=\u00bb30px\u00bb header_2_font_size_phone=\u00bb24px\u00bb header_2_font_size_last_edited=\u00bbon|desktop\u00bb header_3_font_size_tablet=\u00bb20px\u00bb header_3_font_size_phone=\u00bb18px\u00bb header_3_font_size_last_edited=\u00bbon|phone\u00bb global_colors_info=\u00bb{}\u00bb]<\/p>\n<h3>H\u00e1gase socio<\/h3>\n<p>[\/et_pb_text][\/et_pb_column][et_pb_column type=\u00bb1_4&#8243; _builder_version=\u00bb4.23.1&#8243; _module_preset=\u00bbdefault\u00bb global_colors_info=\u00bb{}\u00bb][et_pb_image src=\u00bbhttps:\/\/tropica-verde.de\/wp-content\/uploads\/2024\/07\/image-3.svg\u00bb title_text=\u00bbimagen-3&#8243; url=\u00bbhttps:\/\/tropica-verde.de\/es\/ayudardonar\/compensacion-de-co2\/\u00bb align=\u00bbcenter\u00bb admin_label=\u00bbImage\u00bb _builder_version=\u00bb4.27.4&#8243; _module_preset=\u00bbdefault\u00bb max_width=\u00bb220px\u00bb global_colors_info=\u00bb{}\u00bb][\/et_pb_image][et_pb_text _builder_version=\u00bb4.23.1&#8243; _module_preset=\u00bb148b6e92-2377-47ed-a4d0-f5bd97198ef5&#8243; text_text_color=\u00bb#ffffff\u00bb header_text_color=\u00bb#006B46&#8243; header_font_size=\u00bb36px\u00bb header_2_text_color=\u00bb#006B46&#8243; header_2_font_size=\u00bb36px\u00bb header_3_font=\u00bbSource Sans 3|700|||||||\u00bb header_3_text_align=\u00bbcenter\u00bb header_3_text_color=\u00bb#575656&#8243; header_3_font_size=\u00bb24px\u00bb header_font_size_tablet=\u00bb30px\u00bb header_font_size_phone=\u00bb24px\u00bb header_font_size_last_edited=\u00bbon|phone\u00bb header_2_font_size_tablet=\u00bb30px\u00bb header_2_font_size_phone=\u00bb24px\u00bb header_2_font_size_last_edited=\u00bbon|desktop\u00bb header_3_font_size_tablet=\u00bb20px\u00bb header_3_font_size_phone=\u00bb18px\u00bb header_3_font_size_last_edited=\u00bbon|phone\u00bb global_colors_info=\u00bb{}\u00bb]<\/p>\n<h3>\u00a1Compensa el CO2!<\/h3>\n<p>[\/et_pb_text][\/et_pb_column][et_pb_column type=\u00bb1_4&#8243; _builder_version=\u00bb4.23.1&#8243; _module_preset=\u00bbdefault\u00bb global_colors_info=\u00bb{}\u00bb][et_pb_image src=\u00bbhttps:\/\/tropica-verde.de\/wp-content\/uploads\/2024\/07\/image-4.svg\u00bb title_text=\u00bbimagen-4&#8243; url=\u00bbhttps:\/\/tropica-verde.de\/es\/ayudardonar\/voluntariado-y-voluntariado\/\u00bb align=\u00bbcenter\u00bb admin_label=\u00bbImage\u00bb _builder_version=\u00bb4.27.4&#8243; _module_preset=\u00bbdefault\u00bb max_width=\u00bb220px\u00bb global_colors_info=\u00bb{}\u00bb][\/et_pb_image][et_pb_text _builder_version=\u00bb4.23.1&#8243; _module_preset=\u00bb148b6e92-2377-47ed-a4d0-f5bd97198ef5&#8243; text_text_color=\u00bb#ffffff\u00bb header_text_color=\u00bb#006B46&#8243; header_font_size=\u00bb36px\u00bb header_2_text_color=\u00bb#006B46&#8243; header_2_font_size=\u00bb36px\u00bb header_3_font=\u00bbSource Sans 3|700|||||||\u00bb header_3_text_align=\u00bbcenter\u00bb header_3_text_color=\u00bb#575656&#8243; header_3_font_size=\u00bb24px\u00bb header_font_size_tablet=\u00bb30px\u00bb header_font_size_phone=\u00bb24px\u00bb header_font_size_last_edited=\u00bbon|phone\u00bb header_2_font_size_tablet=\u00bb30px\u00bb header_2_font_size_phone=\u00bb24px\u00bb header_2_font_size_last_edited=\u00bbon|desktop\u00bb header_3_font_size_tablet=\u00bb20px\u00bb header_3_font_size_phone=\u00bb18px\u00bb header_3_font_size_last_edited=\u00bbon|phone\u00bb global_colors_info=\u00bb{}\u00bb]<\/p>\n<h3>\u00a1Act\u00faa como voluntario!<\/h3>\n<p>[\/et_pb_text][\/et_pb_column][\/et_pb_row][\/et_pb_section]<\/p>\n","protected":false},"excerpt":{"rendered":"<p>La conservaci\u00f3n de la naturaleza s\u00f3lo es posible si se organiza colectivamente. En Talamanca, este principio cobra vida a\u00f1o tras a\u00f1o gracias a la colaboraci\u00f3n entre Tropica Verde y el Centro de Rescate del Jaguar (CRJ). Desde hace varios a\u00f1os, nuestro colega y amigo Andrey Morales nos abre las puertas del centro de rescate.  <\/p>\n","protected":false},"author":14,"featured_media":249857,"comment_status":"closed","ping_status":"open","sticky":false,"template":"","format":"standard","meta":{"_et_pb_use_builder":"on","_et_pb_old_content":"","_et_gb_content_width":"","inline_featured_image":false,"footnotes":""},"categories":[228,216,205],"tags":[],"class_list":["post-249856","post","type-post","status-publish","format-standard","has-post-thumbnail","hentry","category-labor-educativa-en-costa-rica","category-noticias-de-los-proyectos","category-testimonios"],"_links":{"self":[{"href":"https:\/\/tropica-verde.de\/es\/wp-json\/wp\/v2\/posts\/249856","targetHints":{"allow":["GET"]}}],"collection":[{"href":"https:\/\/tropica-verde.de\/es\/wp-json\/wp\/v2\/posts"}],"about":[{"href":"https:\/\/tropica-verde.de\/es\/wp-json\/wp\/v2\/types\/post"}],"author":[{"embeddable":true,"href":"https:\/\/tropica-verde.de\/es\/wp-json\/wp\/v2\/users\/14"}],"replies":[{"embeddable":true,"href":"https:\/\/tropica-verde.de\/es\/wp-json\/wp\/v2\/comments?post=249856"}],"version-history":[{"count":10,"href":"https:\/\/tropica-verde.de\/es\/wp-json\/wp\/v2\/posts\/249856\/revisions"}],"predecessor-version":[{"id":249880,"href":"https:\/\/tropica-verde.de\/es\/wp-json\/wp\/v2\/posts\/249856\/revisions\/249880"}],"wp:featuredmedia":[{"embeddable":true,"href":"https:\/\/tropica-verde.de\/es\/wp-json\/wp\/v2\/media\/249857"}],"wp:attachment":[{"href":"https:\/\/tropica-verde.de\/es\/wp-json\/wp\/v2\/media?parent=249856"}],"wp:term":[{"taxonomy":"category","embeddable":true,"href":"https:\/\/tropica-verde.de\/es\/wp-json\/wp\/v2\/categories?post=249856"},{"taxonomy":"post_tag","embeddable":true,"href":"https:\/\/tropica-verde.de\/es\/wp-json\/wp\/v2\/tags?post=249856"}],"curies":[{"name":"wp","href":"https:\/\/api.w.org\/{rel}","templated":true}]}}