{"id":249742,"date":"2025-12-20T15:37:25","date_gmt":"2025-12-20T13:37:25","guid":{"rendered":"https:\/\/tropica-verde.de\/educacion-medioambiental-en-costa-rica-y-en-frankfurt-hesse-alemania-para-una-mayor-justicia-en-el-cultivo-de-frutas-exoticas\/"},"modified":"2025-12-20T23:21:06","modified_gmt":"2025-12-20T21:21:06","slug":"educacion-medioambiental-en-costa-rica-y-en-frankfurt-hesse-alemania-para-una-mayor-justicia-en-el-cultivo-de-frutas-exoticas","status":"publish","type":"post","link":"https:\/\/tropica-verde.de\/es\/educacion-medioambiental-en-costa-rica-y-en-frankfurt-hesse-alemania-para-una-mayor-justicia-en-el-cultivo-de-frutas-exoticas\/","title":{"rendered":"Educaci\u00f3n medioambiental en Costa Rica y en Frankfurt\/Hesse\/Alemania para una mayor justicia en el cultivo de frutas ex\u00f3ticas"},"content":{"rendered":"<p><img loading=\"lazy\" decoding=\"async\" class=\"alignleft wp-image-249688 size-full\" src=\"https:\/\/tropica-verde.de\/wp-content\/uploads\/2025\/12\/IMG-20250516-WA0005-scaled.jpg\" alt=\"Educaci\u00f3n medioambiental Tropica Verde en Fr\u00e1ncfort para j\u00f3venes y mayores\" width=\"2560\" height=\"1154\" title=\"\"><\/p>\n<hr>\n<h2 data-start=\"225\" data-end=\"261\"><strong data-start=\"229\" data-end=\"261\">Compromiso con la selva tropical<\/strong><\/h2>\n<p data-start=\"262\" data-end=\"663\">Como sabes, la asociaci\u00f3n Tropica Verde est\u00e1 comprometida con la conservaci\u00f3n de la selva tropical de Costa Rica, y empleamos toda nuestra fuerza y energ\u00eda en ello. Una parte importante de esto es: \u00abHaz el bien y habla de ello\u00bb. Lo hacemos en Costa Rica y tambi\u00e9n en Frankfurt mediante la educaci\u00f3n medioambiental. El Dr. Stefan Rother ha desarrollado un programa para ello en Costa Rica junto con personal educativo cualificado.   <\/p>\n<h2 data-start=\"665\" data-end=\"719\"><strong>Conexi\u00f3n entre Costa Rica y Alemania<\/strong><\/h2>\n<p data-start=\"720\" data-end=\"954\">Para hacer visible este compromiso y tender un puente hacia Alemania, hemos creado un v\u00ednculo inicial con el proyecto \u00abPuente A\u00e9reo\u00bb. El proyecto fue financiado y apoyado por Engagement Global y el BMBF. <\/p>\n<h2 data-start=\"956\" data-end=\"997\"><strong>Experimenta la selva tropical en el jard\u00edn de palmeras<\/strong><\/h2>\n<p data-start=\"998\" data-end=\"1452\">No se pueden contar historias emocionantes sobre la selva tropical sin una selva real. Por eso desarrollamos un rally por la selva tropical en el Palmengarten para ni\u00f1os, j\u00f3venes y adultos. Los ni\u00f1os de la escuela primaria y los j\u00f3venes de la Integrierte Gesamtschule Nord se divirtieron mucho con el rally y lo siguieron desarrollando junto con Gabriele. Este desarrollo posterior es importante para poder ofrecer al final un rally realmente bueno.   <\/p>\n<h2 data-start=\"1454\" data-end=\"1501\"><strong data-start=\"1458\" data-end=\"1501\">Invitaci\u00f3n al rally de la selva acabada<\/strong><\/h2>\n<p data-start=\"1502\" data-end=\"2003\">El rally ya est\u00e1 listo y te invitamos cordialmente a probarlo junto con nuestros ponentes. Por supuesto, se incluye la \u00abcama de Monte Alto\u00bb con semillas aut\u00e9nticas directamente de Costa Rica. Una ceiba con pulcras espinas y muchos escondites para los animales mostrados anteriormente en el espect\u00e1culo de la selva tropical da una peque\u00f1a impresi\u00f3n de la selva tropical de Costa Rica. Agradecemos la cooperaci\u00f3n con el Palmengarten de Frankfurt, que nos apoya con su experiencia.   <\/p>\n<p data-start=\"1502\" data-end=\"2003\"><img loading=\"lazy\" decoding=\"async\" class=\"alignnone wp-image-249724 size-full\" src=\"https:\/\/tropica-verde.de\/wp-content\/uploads\/2025\/12\/Screenshot-2025-12-20-140553.png\" alt=\"\" width=\"579\" height=\"813\" title=\"\"><\/p>\n<h2 data-start=\"2005\" data-end=\"2062\"><strong data-start=\"2009\" data-end=\"2062\">Responsabilidad por la selva tropical y comercio justo<\/strong><\/h2>\n<p data-start=\"2063\" data-end=\"2468\">Sin embargo, lo que no debe faltar es la responsabilidad de cada persona en la conservaci\u00f3n de la selva tropical. Por eso el tema del \u00abcomercio justo\u00bb desempe\u00f1a un papel importante para los productos que desayunamos cada d\u00eda. \u00bfDe d\u00f3nde proceden los pl\u00e1tanos, las pi\u00f1as y el cacao? \u00bfQui\u00e9n trabaja por estas frutas y en qu\u00e9 condiciones se hace en Costa Rica para que podamos disfrutar de ellas aqu\u00ed en Alemania?   <\/p>\n<p data-start=\"2063\" data-end=\"2468\"><img loading=\"lazy\" decoding=\"async\" class=\"alignnone wp-image-249706 \" src=\"https:\/\/tropica-verde.de\/wp-content\/uploads\/2025\/12\/38Fotorallye-PG51-300x156.jpg\" alt=\"\" width=\"327\" height=\"170\" title=\"\">  <img loading=\"lazy\" decoding=\"async\" class=\"alignnone wp-image-249705 \" src=\"https:\/\/tropica-verde.de\/wp-content\/uploads\/2025\/12\/34Fotorallye-PG33-300x169.jpg\" alt=\"\" width=\"304\" height=\"171\" title=\"\"><\/p>\n<h2 data-start=\"2470\" data-end=\"2516\"><strong data-start=\"2474\" data-end=\"2516\">M\u00e1s justicia a trav\u00e9s del comercio justo<\/strong><\/h2>\n<p data-start=\"2517\" data-end=\"2798\">El sello de Comercio Justo orienta hacia unas condiciones de vida y de trabajo m\u00e1s justas en las plantaciones frut\u00edcolas de Costa Rica, y nos permite disfrutar de nuestros productos con la conciencia tranquila.<\/p>\n<p data-start=\"2517\" data-end=\"2798\">Mant\u00e9n la curiosidad y ven a la selva de Fr\u00e1ncfort y a nuestro rally.<\/p>\n<p data-start=\"2517\" data-end=\"2798\"><strong><em>Tu Gabriele Schaar-von R\u00f6mer - Vicepresidenta del Consejo Tropica Verde e. V.<\/em><\/strong><\/p>\n<hr>\n<h2 data-start=\"2517\" data-end=\"2798\"><\/h2>\n<h2 data-start=\"2517\" data-end=\"2798\">Descargar folleto<\/h2>\n<ul>\n<li><a href=\"https:\/\/tropica-verde.de\/wp-content\/uploads\/2025\/12\/TropicaVerde_Flyer_4Seiter_DinLang_2024_neu-1-1.pdf\">Consumo alimentario sostenible (Tama\u00f1o: 4,5 MB)<\/a><\/li>\n<li><a href=\"https:\/\/tropica-verde.de\/wp-content\/uploads\/2025\/12\/TV_-Saisonkalender_2025-98-x-210-mm.pdf\">Calendario de alimentos de temporada (Tama\u00f1o: 3,0 MB)<\/a><\/li>\n<\/ul>\n<p data-start=\"2517\" data-end=\"2798\">\n","protected":false},"excerpt":{"rendered":"<p>Compromiso con la selva tropical Como sabes, la asociaci\u00f3n Tropica Verde est\u00e1 comprometida con la conservaci\u00f3n de la selva tropical de Costa Rica, y empleamos toda nuestra fuerza y energ\u00eda en ello. Una parte importante de esto es: \u00abHaz el bien y habla de ello\u00bb. Lo hacemos en Costa Rica y tambi\u00e9n en Frankfurt mediante [&hellip;]<\/p>\n","protected":false},"author":17,"featured_media":249764,"comment_status":"closed","ping_status":"open","sticky":false,"template":"","format":"standard","meta":{"_et_pb_use_builder":"","_et_pb_old_content":"","_et_gb_content_width":"","inline_featured_image":false,"footnotes":""},"categories":[228,205,157],"tags":[],"class_list":["post-249742","post","type-post","status-publish","format-standard","has-post-thumbnail","hentry","category-labor-educativa-en-costa-rica","category-testimonios","category-trabajo-educativo-en-alemania"],"_links":{"self":[{"href":"https:\/\/tropica-verde.de\/es\/wp-json\/wp\/v2\/posts\/249742","targetHints":{"allow":["GET"]}}],"collection":[{"href":"https:\/\/tropica-verde.de\/es\/wp-json\/wp\/v2\/posts"}],"about":[{"href":"https:\/\/tropica-verde.de\/es\/wp-json\/wp\/v2\/types\/post"}],"author":[{"embeddable":true,"href":"https:\/\/tropica-verde.de\/es\/wp-json\/wp\/v2\/users\/17"}],"replies":[{"embeddable":true,"href":"https:\/\/tropica-verde.de\/es\/wp-json\/wp\/v2\/comments?post=249742"}],"version-history":[{"count":2,"href":"https:\/\/tropica-verde.de\/es\/wp-json\/wp\/v2\/posts\/249742\/revisions"}],"predecessor-version":[{"id":249825,"href":"https:\/\/tropica-verde.de\/es\/wp-json\/wp\/v2\/posts\/249742\/revisions\/249825"}],"wp:featuredmedia":[{"embeddable":true,"href":"https:\/\/tropica-verde.de\/es\/wp-json\/wp\/v2\/media\/249764"}],"wp:attachment":[{"href":"https:\/\/tropica-verde.de\/es\/wp-json\/wp\/v2\/media?parent=249742"}],"wp:term":[{"taxonomy":"category","embeddable":true,"href":"https:\/\/tropica-verde.de\/es\/wp-json\/wp\/v2\/categories?post=249742"},{"taxonomy":"post_tag","embeddable":true,"href":"https:\/\/tropica-verde.de\/es\/wp-json\/wp\/v2\/tags?post=249742"}],"curies":[{"name":"wp","href":"https:\/\/api.w.org\/{rel}","templated":true}]}}