{"id":249168,"date":"2025-09-16T16:10:43","date_gmt":"2025-09-16T14:10:43","guid":{"rendered":"https:\/\/tropica-verde.de\/concurso-de-ideas-mas-biodiversidad-en-frankfurt\/"},"modified":"2025-10-21T21:28:17","modified_gmt":"2025-10-21T19:28:17","slug":"concurso-de-ideas-mas-biodiversidad-en-frankfurt","status":"publish","type":"post","link":"https:\/\/tropica-verde.de\/es\/concurso-de-ideas-mas-biodiversidad-en-frankfurt\/","title":{"rendered":"Concurso de ideas: \u00a1M\u00e1s biodiversidad en Frankfurt!"},"content":{"rendered":"<p>[et_pb_section fb_built=\u00bb1&#8243; admin_label=\u00bbsection\u00bb _builder_version=\u00bb4.16&#8243; custom_padding=\u00bb0px||0px|||\u00bb global_colors_info=\u00bb{}\u00bb][et_pb_row admin_label=\u00bbfila\u00bb _builder_version=\u00bb4.16&#8243; background_size=\u00bbinitial\u00bb background_position=\u00bbtop_left\u00bb background_repeat=\u00bbrepeat\u00bb custom_padding=\u00bb0px|||||\u00bb global_colors_info=\u00bb{}\u00bb][et_pb_column type=\u00bb4_4&#8243; _builder_version=\u00bb4.16&#8243; custom_padding=\u00bb|||\u00bb global_colors_info=\u00bb{}\u00bb custom_padding__hover=\u00bb|||\u00bb][et_pb_text _builder_version=\u00bb4.27.4&#8243; _module_preset=\u00bbdefault\u00bb global_colors_info=\u00bb{}\u00bb]<\/p>\n<h2><b>Consigue financiaci\u00f3n y haz realidad tu proyecto<\/b><\/h2>\n<p><span style=\"font-size: large;\">\u00bfTienes una idea para conservar y fomentar la biodiversidad urbana en Fr\u00e1ncfort? Entonces participa en el concurso de ideas 2025 y s\u00e9 uno de los tres proyectos cuya idea se har\u00e1 realidad con una financiaci\u00f3n total de 30.000 euros. <\/span><\/p>\n<p>[\/et_pb_text][et_pb_image src=\u00bbhttps:\/\/tropica-verde.de\/wp-content\/uploads\/2025\/09\/1-scaled.png\u00bb alt=\u00bbProteger la selva tropical Espect\u00e1culo sobre la selva tropical\u00bb title_text=\u00bbConcurso de ideas 2025\/2026: Biodiversidad en Fr\u00e1ncfort\u00bb force_fullwidth=\u00bbon\u00bb _builder_version=\u00bb4.27.4&#8243; _module_preset=\u00bbdefault\u00bb global_colors_info=\u00bb{}\u00bb][\/et_pb_image][et_pb_text admin_label=\u00bbText\u00bb _builder_version=\u00bb4.27.4&#8243; background_size=\u00bbinitial\u00bb background_position=\u00bbtop_left\u00bb background_repeat=\u00bbrepeat\u00bb global_colors_info=\u00bb{}\u00bb]<\/p>\n<h2><b>El concurso  <\/b><\/h2>\n<p>El fomento de la biodiversidad urbana brinda la oportunidad de considerar y combinar cuestiones clave del futuro, como la seguridad alimentaria, la protecci\u00f3n del clima y la adaptaci\u00f3n clim\u00e1tica. Para contrarrestar eficazmente el declive de la biodiversidad en Fr\u00e1ncfort, BioFrankfurt convoca la presentaci\u00f3n de proyectos creativos, ejemplares y sostenibles. \u00c9stos no s\u00f3lo deben reforzar la biodiversidad urbana, sino tambi\u00e9n hacer visible su valor para las personas y el medio ambiente y, de este modo, repercutir en la sociedad urbana.  <\/p>\n<p><span style=\"color: #333333; font-family: 'Source Serif Pro Semibold', Helvetica, Arial, Lucida, sans-serif; font-size: 22px;\">\u00bfQui\u00e9n organiza el concurso?<\/span><\/p>\n<div class=\"x-text x-content e883-e11-v0 moj-1g moj-1i moj-1j moj-d moj-l x-effect-enter\" data-x-effect=\"{\"scroll\":true,\"offsetTop\":\"10px\",\"offsetBottom\":\"10px\",\"behaviorScroll\":\"fire-once\"}\">\n<p>El concurso de ideas est\u00e1 organizado por la red BioFrankfurt, que incluye a todos sus miembros. El concurso de ideas est\u00e1 organizado por la red BioFrankfurt, que actualmente cuenta con 13 instituciones miembros de los \u00e1mbitos de la conservaci\u00f3n de la naturaleza, la ciencia y la educaci\u00f3n. La red BioFrankfurt cuenta con el apoyo del Departamento de Clima, Medio Ambiente y Mujer de la Ciudad de Frankfurt, la Fundaci\u00f3n Polytechnische Gesellschaft y la Frankfurter Sparkasse.  <\/p>\n<p><span style=\"color: #333333; font-family: 'Source Serif Pro Semibold', Helvetica, Arial, Lucida, sans-serif; font-size: 22px;\">\u00bfQu\u00e9 tipo de ideas buscas?<\/span><\/p>\n<\/div>\n<div class=\"x-text x-content e883-e13-v0 moj-1g moj-1j moj-1k moj-d moj-n x-effect-enter\" data-x-effect=\"{\"scroll\":true,\"offsetTop\":\"10px\",\"offsetBottom\":\"10px\",\"behaviorScroll\":\"fire-once\"}\">\n<p>El objetivo es promover peque\u00f1os proyectos de la sociedad urbana centrados en el bien com\u00fan. Buscamos proyectos realizables que preserven y promuevan la biodiversidad urbana en Fr\u00e1ncfort de forma ejemplar, creativa y eficaz. El proyecto debe realizarse en el verano de 2026. Tambi\u00e9n son bienvenidos los programas educativos que inspiren entusiasmo por la biodiversidad.   <\/p>\n<h3>\u00bfC\u00f3mo se compone el jurado?<\/h3>\n<p>El jurado del concurso de ideas Biodiversidad 2025\/2026 est\u00e1 compuesto por la Fundaci\u00f3n Polytechnische Gesellschaft, la Confederaci\u00f3n Alemana de Deportes Ol\u00edmpicos, la Frankfurter Sparkasse, la Agencia de Medio Ambiente, la Sociedad Zool\u00f3gica de Fr\u00e1ncfort, Senckenberg y la Universidad Goethe.<\/p>\n<p><span style=\"color: #333333; font-family: 'Source Serif Pro Semibold', Helvetica, Arial, Lucida, sans-serif; font-size: 22px;\">\u00bfA cu\u00e1nto ascienden las subvenciones?<\/span><\/p>\n<\/div>\n<div class=\"x-text x-content e883-e17-v0 moj-1g moj-1j moj-1m moj-d moj-r x-effect-enter\" data-x-effect=\"{\"scroll\":true,\"offsetTop\":\"10px\",\"offsetBottom\":\"10px\",\"behaviorScroll\":\"fire-once\"}\">\n<p>El concurso est\u00e1 dotado con <strong>un total de 30.000 euros<\/strong>, que aporta la Frankfurter Sparkasse. Adem\u00e1s, se cuenta con los conocimientos y el apoyo de los miembros de BioFrankfurt. <\/p>\n<ul>\n<li>1er puesto: 15.000 euros<\/li>\n<li>2\u00ba puesto: 10.000 euros<\/li>\n<li>3er puesto: 5000 EUR<\/li>\n<\/ul>\n<p>&nbsp;<\/p>\n<h2 data-start=\"1692\" data-end=\"1730\">\u00bfQui\u00e9n puede solicitarlo y c\u00f3mo funciona?<\/h2>\n<p><span style=\"color: #333333; font-family: 'Source Serif Pro Semibold', Helvetica, Arial, Lucida, sans-serif; font-size: 22px;\">Plazo de solicitud<\/span><\/p>\n<p>Las solicitudes deben presentarse antes del <strong>22 de octubre de 2025<\/strong>.<\/p>\n<h3>\u00bfQui\u00e9n puede participar?<\/h3>\n<p data-start=\"1734\" data-end=\"1978\">Pueden participar particulares, asociaciones, clases escolares o grupos de proyecto, siempre que el proyecto no est\u00e9 financiado a\u00fan por la ciudad y no participe ning\u00fan empleado de la <strong data-start=\"1812\" data-end=\"1937\">red<\/strong> organizadora.<\/p>\n<p data-start=\"1734\" data-end=\"1978\">\n<\/div>\n<div class=\"x-text x-text-headline e883-e18-v0 moj-10 moj-12 moj-14 moj-18 moj-d moj-s x-effect-enter\" data-x-effect=\"{\"scroll\":true,\"offsetTop\":\"10px\",\"offsetBottom\":\"10px\",\"behaviorScroll\":\"fire-once\"}\">\n<div class=\"x-text-content\">\n<div class=\"x-text-content-text\">\n<h3 class=\"x-text-content-text-primary\">\u00bfC\u00f3mo funciona el concurso?<\/h3>\n<\/div>\n<\/div>\n<\/div>\n<div class=\"x-text x-content e883-e19-v0 moj-1g moj-1j moj-1n moj-d moj-t x-effect-enter\" data-x-effect=\"{\"scroll\":true,\"offsetTop\":\"10px\",\"offsetBottom\":\"10px\",\"behaviorScroll\":\"fire-once\"}\">\n<p>Los proyectos pueden presentarse en l\u00ednea hasta el 22 de octubre de 2025. En invierno de 2025, se seleccionar\u00e1n 10 proyectos y se publicar\u00e1 una lista restringida, que luego se examinar\u00e1 con m\u00e1s detalle. A continuaci\u00f3n, los proyectos seleccionados desarrollar\u00e1n un concepto detallado. En enero de 2026 se celebrar\u00e1 un taller para apoyar el desarrollo de estos conceptos. En la primavera de 2026, se elegir\u00e1n los tres proyectos ganadores en una ceremonia de entrega de premios en el Palmengarten y comenzar\u00e1 la fase de ejecuci\u00f3n.    <\/p>\n<p><span style=\"color: #333333; font-family: 'Source Serif Pro Semibold', Helvetica, Arial, Lucida, sans-serif; font-size: 22px;\">\u00bfD\u00f3nde puedo solicitarlo?<\/span><\/p>\n<\/div>\n<div class=\"x-text x-content e883-e21-v0 moj-1g moj-1j moj-1o moj-d moj-v x-effect-enter\" data-x-effect=\"{\"scroll\":true,\"offsetTop\":\"10px\",\"offsetBottom\":\"10px\",\"behaviorScroll\":\"fire-once\"}\"><span style=\"font-size: 17px;\">La participaci\u00f3n es <\/span><strong style=\"font-size: 17px;\" data-start=\"1999\" data-end=\"2009\">online<\/strong><span style=\"font-size: 17px;\">. <\/span>Puedes encontrar el formulario de solicitud en <a href=\"http:\/\/www.ideen-biodiversitaet-frankfurt.de\/\" target=\"_blank\" rel=\"noopener nofollow\">www.ideen-biodiversitaet-frankfurt.de<\/a><\/div>\n<p>&nbsp;<\/p>\n<blockquote>\n<h2><strong>\u00bfAlguna pregunta m\u00e1s?<\/strong><\/h2>\n<p><span style=\"font-size: 17px;\">El concurso est\u00e1 coordinado por <a href=\"https:\/\/biofrankfurt.de\/projekte\/biodiversitaets-wettbewerb\/\" target=\"_blank\" rel=\"noopener nofollow\">BioFrankfurt - Das Netzwerk f\u00fcr Biodiversit\u00e4t e.V.<\/a> <\/span><\/p>\n<p><span style=\"font-size: 17px;\">Si tienes alguna pregunta, ponte en contacto con nosotros en<\/span><span style=\"font-size: 17px;\"> <\/span><a style=\"font-size: 17px;\" href=\"mailto:ideen@biofrankfurt.de\">ideen@biofrankfurt.de.<\/a><\/p>\n<p>Puedes encontrar m\u00e1s informaci\u00f3n en la p\u00e1gina web del concurso de ideas <a href=\"https:\/\/www.ideen-biodiversitaet-frankfurt.de\/\" rel=\"nofollow noopener\" target=\"_blank\">https:\/\/www.ideen-biodiversitaet-frankfurt.de\/<\/a><\/p>\n<\/blockquote>\n<p>&nbsp;<\/p>\n<p>[\/et_pb_text][\/et_pb_column][\/et_pb_row][et_pb_row column_structure=\u00bb1_4,1_4,1_4,1_4&#8243; custom_padding_last_edited=\u00bbon|desktop\u00bb _builder_version=\u00bb4.27.4&#8243; _module_preset=\u00bbdefault\u00bb background_enable_color=\u00bboff\u00bb min_height=\u00bb355.1px\u00bb custom_margin=\u00bb3px|auto|0px|auto|false|false\u00bb custom_padding=\u00bb94px||52px||false|false\u00bb custom_padding_tablet=\u00bb||0px||false|false\u00bb custom_padding_phone=\u00bb0px|0px|0px|0px|false|false\u00bb global_module=\u00bb244553&#8243; global_colors_info=\u00bb{}\u00bb][et_pb_column type=\u00bb1_4&#8243; _builder_version=\u00bb4.23.1&#8243; _module_preset=\u00bbdefault\u00bb global_colors_info=\u00bb{}\u00bb][et_pb_image src=\u00bbhttps:\/\/tropica-verde.de\/wp-content\/uploads\/2024\/06\/Zasob-10.svg\u00bb title_text=\u00bbZas\u00f3b 10&#8243; url=\u00bbhttps:\/\/tropica-verde.de\/es\/ayudardonar\/donaciones\/\u00bb align=\u00bbcenter\u00bb _builder_version=\u00bb4.27.4&#8243; _module_preset=\u00bbdefault\u00bb max_width=\u00bb220px\u00bb global_colors_info=\u00bb{}\u00bb][\/et_pb_image][et_pb_text _builder_version=\u00bb4.23.1&#8243; _module_preset=\u00bb148b6e92-2377-47ed-a4d0-f5bd97198ef5&#8243; text_text_color=\u00bb#ffffff\u00bb header_text_color=\u00bb#006B46&#8243; header_font_size=\u00bb36px\u00bb header_2_text_color=\u00bb#006B46&#8243; header_2_font_size=\u00bb36px\u00bb header_3_font=\u00bbSource Sans 3|700|||||||\u00bb header_3_text_align=\u00bbcenter\u00bb header_3_text_color=\u00bb#575656&#8243; header_3_font_size=\u00bb24px\u00bb header_font_size_tablet=\u00bb30px\u00bb header_font_size_phone=\u00bb24px\u00bb header_font_size_last_edited=\u00bbon|phone\u00bb header_2_font_size_tablet=\u00bb30px\u00bb header_2_font_size_phone=\u00bb24px\u00bb header_2_font_size_last_edited=\u00bbon|desktop\u00bb header_3_font_size_tablet=\u00bb20px\u00bb header_3_font_size_phone=\u00bb18px\u00bb header_3_font_size_last_edited=\u00bbon|phone\u00bb global_colors_info=\u00bb{}\u00bb]<\/p>\n<h3>Haz un donativo<\/h3>\n<p>[\/et_pb_text][\/et_pb_column][et_pb_column type=\u00bb1_4&#8243; _builder_version=\u00bb4.23.1&#8243; _module_preset=\u00bbdefault\u00bb global_colors_info=\u00bb{}\u00bb][et_pb_image src=\u00bbhttps:\/\/tropica-verde.de\/wp-content\/uploads\/2024\/07\/image-2.svg\u00bb title_text=\u00bbimagen-2&#8243; url=\u00bbhttps:\/\/tropica-verde.de\/es\/ayudardonar\/afiliarse\/\u00bb align=\u00bbcenter\u00bb admin_label=\u00bbImage\u00bb _builder_version=\u00bb4.27.4&#8243; _module_preset=\u00bbdefault\u00bb max_width=\u00bb220px\u00bb global_colors_info=\u00bb{}\u00bb][\/et_pb_image][et_pb_text _builder_version=\u00bb4.27.4&#8243; _module_preset=\u00bb148b6e92-2377-47ed-a4d0-f5bd97198ef5&#8243; text_text_color=\u00bb#ffffff\u00bb header_text_color=\u00bb#006B46&#8243; header_font_size=\u00bb36px\u00bb header_2_text_color=\u00bb#006B46&#8243; header_2_font_size=\u00bb36px\u00bb header_3_font=\u00bbSource Sans 3|700|||||||\u00bb header_3_text_align=\u00bbcenter\u00bb header_3_text_color=\u00bb#575656&#8243; header_3_font_size=\u00bb24px\u00bb header_font_size_tablet=\u00bb30px\u00bb header_font_size_phone=\u00bb24px\u00bb header_font_size_last_edited=\u00bbon|phone\u00bb header_2_font_size_tablet=\u00bb30px\u00bb header_2_font_size_phone=\u00bb24px\u00bb header_2_font_size_last_edited=\u00bbon|desktop\u00bb header_3_font_size_tablet=\u00bb20px\u00bb header_3_font_size_phone=\u00bb18px\u00bb header_3_font_size_last_edited=\u00bbon|phone\u00bb global_colors_info=\u00bb{}\u00bb]<\/p>\n<h3>H\u00e1gase socio<\/h3>\n<p>[\/et_pb_text][\/et_pb_column][et_pb_column type=\u00bb1_4&#8243; _builder_version=\u00bb4.23.1&#8243; _module_preset=\u00bbdefault\u00bb global_colors_info=\u00bb{}\u00bb][et_pb_image src=\u00bbhttps:\/\/tropica-verde.de\/wp-content\/uploads\/2024\/07\/image-3.svg\u00bb title_text=\u00bbimagen-3&#8243; url=\u00bbhttps:\/\/tropica-verde.de\/es\/ayudardonar\/compensacion-de-co2\/\u00bb align=\u00bbcenter\u00bb admin_label=\u00bbImage\u00bb _builder_version=\u00bb4.27.4&#8243; _module_preset=\u00bbdefault\u00bb max_width=\u00bb220px\u00bb global_colors_info=\u00bb{}\u00bb][\/et_pb_image][et_pb_text _builder_version=\u00bb4.23.1&#8243; _module_preset=\u00bb148b6e92-2377-47ed-a4d0-f5bd97198ef5&#8243; text_text_color=\u00bb#ffffff\u00bb header_text_color=\u00bb#006B46&#8243; header_font_size=\u00bb36px\u00bb header_2_text_color=\u00bb#006B46&#8243; header_2_font_size=\u00bb36px\u00bb header_3_font=\u00bbSource Sans 3|700|||||||\u00bb header_3_text_align=\u00bbcenter\u00bb header_3_text_color=\u00bb#575656&#8243; header_3_font_size=\u00bb24px\u00bb header_font_size_tablet=\u00bb30px\u00bb header_font_size_phone=\u00bb24px\u00bb header_font_size_last_edited=\u00bbon|phone\u00bb header_2_font_size_tablet=\u00bb30px\u00bb header_2_font_size_phone=\u00bb24px\u00bb header_2_font_size_last_edited=\u00bbon|desktop\u00bb header_3_font_size_tablet=\u00bb20px\u00bb header_3_font_size_phone=\u00bb18px\u00bb header_3_font_size_last_edited=\u00bbon|phone\u00bb global_colors_info=\u00bb{}\u00bb]<\/p>\n<h3>\u00a1Compensa el CO2!<\/h3>\n<p>[\/et_pb_text][\/et_pb_column][et_pb_column type=\u00bb1_4&#8243; _builder_version=\u00bb4.23.1&#8243; _module_preset=\u00bbdefault\u00bb global_colors_info=\u00bb{}\u00bb][et_pb_image src=\u00bbhttps:\/\/tropica-verde.de\/wp-content\/uploads\/2024\/07\/image-4.svg\u00bb title_text=\u00bbimagen-4&#8243; url=\u00bbhttps:\/\/tropica-verde.de\/es\/ayudardonar\/voluntariado-y-voluntariado\/\u00bb align=\u00bbcenter\u00bb admin_label=\u00bbImage\u00bb _builder_version=\u00bb4.27.4&#8243; _module_preset=\u00bbdefault\u00bb max_width=\u00bb220px\u00bb global_colors_info=\u00bb{}\u00bb][\/et_pb_image][et_pb_text _builder_version=\u00bb4.23.1&#8243; _module_preset=\u00bb148b6e92-2377-47ed-a4d0-f5bd97198ef5&#8243; text_text_color=\u00bb#ffffff\u00bb header_text_color=\u00bb#006B46&#8243; header_font_size=\u00bb36px\u00bb header_2_text_color=\u00bb#006B46&#8243; header_2_font_size=\u00bb36px\u00bb header_3_font=\u00bbSource Sans 3|700|||||||\u00bb header_3_text_align=\u00bbcenter\u00bb header_3_text_color=\u00bb#575656&#8243; header_3_font_size=\u00bb24px\u00bb header_font_size_tablet=\u00bb30px\u00bb header_font_size_phone=\u00bb24px\u00bb header_font_size_last_edited=\u00bbon|phone\u00bb header_2_font_size_tablet=\u00bb30px\u00bb header_2_font_size_phone=\u00bb24px\u00bb header_2_font_size_last_edited=\u00bbon|desktop\u00bb header_3_font_size_tablet=\u00bb20px\u00bb header_3_font_size_phone=\u00bb18px\u00bb header_3_font_size_last_edited=\u00bbon|phone\u00bb global_colors_info=\u00bb{}\u00bb]<\/p>\n<h3>\u00a1Act\u00faa como voluntario!<\/h3>\n<p>[\/et_pb_text][\/et_pb_column][\/et_pb_row][\/et_pb_section]<\/p>\n","protected":false},"excerpt":{"rendered":"<p>Con im\u00e1genes impresionantes e historias cautivadoras, Stefan lleva a los visitantes a un emocionante viaje por las selvas tropicales desde Costa Rica hasta Borneo. Desde ranas de colores brillantes y aves deslumbrantes hasta cazadores bien camuflados, el evento promete un espect\u00e1culo que te mantendr\u00e1 adivinando, sonriendo y asombrado. <\/p>\n","protected":false},"author":5,"featured_media":249170,"comment_status":"closed","ping_status":"open","sticky":false,"template":"","format":"standard","meta":{"_et_pb_use_builder":"on","_et_pb_old_content":"","_et_gb_content_width":"","inline_featured_image":false,"footnotes":""},"categories":[205,157],"tags":[],"class_list":["post-249168","post","type-post","status-publish","format-standard","has-post-thumbnail","hentry","category-testimonios","category-trabajo-educativo-en-alemania"],"_links":{"self":[{"href":"https:\/\/tropica-verde.de\/es\/wp-json\/wp\/v2\/posts\/249168","targetHints":{"allow":["GET"]}}],"collection":[{"href":"https:\/\/tropica-verde.de\/es\/wp-json\/wp\/v2\/posts"}],"about":[{"href":"https:\/\/tropica-verde.de\/es\/wp-json\/wp\/v2\/types\/post"}],"author":[{"embeddable":true,"href":"https:\/\/tropica-verde.de\/es\/wp-json\/wp\/v2\/users\/5"}],"replies":[{"embeddable":true,"href":"https:\/\/tropica-verde.de\/es\/wp-json\/wp\/v2\/comments?post=249168"}],"version-history":[{"count":23,"href":"https:\/\/tropica-verde.de\/es\/wp-json\/wp\/v2\/posts\/249168\/revisions"}],"predecessor-version":[{"id":249572,"href":"https:\/\/tropica-verde.de\/es\/wp-json\/wp\/v2\/posts\/249168\/revisions\/249572"}],"wp:featuredmedia":[{"embeddable":true,"href":"https:\/\/tropica-verde.de\/es\/wp-json\/wp\/v2\/media\/249170"}],"wp:attachment":[{"href":"https:\/\/tropica-verde.de\/es\/wp-json\/wp\/v2\/media?parent=249168"}],"wp:term":[{"taxonomy":"category","embeddable":true,"href":"https:\/\/tropica-verde.de\/es\/wp-json\/wp\/v2\/categories?post=249168"},{"taxonomy":"post_tag","embeddable":true,"href":"https:\/\/tropica-verde.de\/es\/wp-json\/wp\/v2\/tags?post=249168"}],"curies":[{"name":"wp","href":"https:\/\/api.w.org\/{rel}","templated":true}]}}