{"id":248656,"date":"2025-07-18T16:58:45","date_gmt":"2025-07-18T14:58:45","guid":{"rendered":"https:\/\/tropica-verde.de\/protegiendo-juntos-la-selva-tropical-gracias-al-cordes-graefe-stiftung\/"},"modified":"2025-09-04T17:04:31","modified_gmt":"2025-09-04T15:04:31","slug":"protegiendo-juntos-la-selva-tropical-gracias-al-cordes-graefe-stiftung","status":"publish","type":"post","link":"https:\/\/tropica-verde.de\/es\/protegiendo-juntos-la-selva-tropical-gracias-al-cordes-graefe-stiftung\/","title":{"rendered":"Protegiendo juntos la selva tropical: Gracias al CORDES &amp; GRAEFE STIFTUNG"},"content":{"rendered":"<p>[et_pb_section fb_built=\u00bb1&#8243; _builder_version=\u00bb4.23.1&#8243; _module_preset=\u00bbdefault\u00bb custom_padding=\u00bb0px||4px|||\u00bb global_colors_info=\u00bb{}\u00bb][et_pb_row _builder_version=\u00bb4.23.1&#8243; _module_preset=\u00bbdefault\u00bb global_colors_info=\u00bb{}\u00bb][et_pb_column type=\u00bb4_4&#8243; _builder_version=\u00bb4.23.1&#8243; _module_preset=\u00bbdefault\u00bb global_colors_info=\u00bb{}\u00bb][et_pb_text _builder_version=\u00bb4.27.4&#8243; _module_preset=\u00bbdefault\u00bb link_option_url_new_window=\u00bbon\u00bb global_colors_info=\u00bb{}\u00bb]<\/p>\n<h2>\u00c9xito de la colaboraci\u00f3n con la Fundaci\u00f3n Cordes &amp; Graefe<\/h2>\n<p><a href=\"https:\/\/tropica-verde.de\/es\/proyectos\/educacion-ambiental\/\">La educaci\u00f3n medioambiental<\/a> es una parte esencial del trabajo de nuestros proyectos en Costa Rica, como deber\u00eda serlo de todos nuestros proyectos en aras de la sostenibilidad. 2024 fue el a\u00f1o de mayor \u00e9xito hasta la fecha: pudimos llegar a m\u00e1s de 3.000 ni\u00f1os y muchos adultos a trav\u00e9s de nuestros profesores locales. <\/p>\n<p>Se elabor\u00f3 el primer manual de educaci\u00f3n medioambiental y se distribuy\u00f3 a los centros de educaci\u00f3n medioambiental. Con el juego \u00ab\u00bfQui\u00e9n ser\u00e1 el mejor conservacionista de la selva tropical?\u00bb <a href=\"https:\/\/tropica-verde.de\/es\/bildungsmaterial\/\">(desc\u00e1rgalo aqu\u00ed gratuitamente)<\/a>, pudimos complementar las lecciones de forma l\u00fadica y did\u00e1ctica, lo que gener\u00f3 una gran respuesta por parte de las escuelas. Y por primera vez, la educaci\u00f3n medioambiental que ofrece Tropica Verde tambi\u00e9n se ha establecido en las escuelas ind\u00edgenas de la regi\u00f3n de Talamanca. \u00a1Otro importante paso adelante!   <\/p>\n<p>[\/et_pb_text][\/et_pb_column][\/et_pb_row][et_pb_row column_structure=\u00bb1_2,1_2&#8243; _builder_version=\u00bb4.27.4&#8243; _module_preset=\u00bbdefault\u00bb global_colors_info=\u00bb{}\u00bb][et_pb_column type=\u00bb1_2&#8243; _builder_version=\u00bb4.27.4&#8243; _module_preset=\u00bbdefault\u00bb global_colors_info=\u00bb{}\u00bb][et_pb_image src=\u00bbhttps:\/\/tropica-verde.de\/wp-content\/uploads\/2025\/07\/1000010217-scaled.jpg\u00bb alt=\u00bbEducaci\u00f3n medioambiental Costa Rica\u00bb title_text=\u00bbDid\u00e1cticamente, nuestro juego es muy diferente de las clases cotidianas\u00bb _builder_version=\u00bb4.27.4&#8243; _module_preset=\u00bbdefault\u00bb global_colors_info=\u00bb{}\u00bb][\/et_pb_image][\/et_pb_column][et_pb_column type=\u00bb1_2&#8243; _builder_version=\u00bb4.27.4&#8243; _module_preset=\u00bbdefault\u00bb global_colors_info=\u00bb{}\u00bb][et_pb_image src=\u00bbhttps:\/\/tropica-verde.de\/wp-content\/uploads\/2025\/07\/1000010237-scaled.jpg\u00bb alt=\u00bbEducaci\u00f3n medioambiental Costa Rica\u00bb title_text=\u00bbEl juego &quot;Qui\u00e9n ser\u00e1 el mejor conservacionista de la selva tropical&quot; complementa las lecciones\u00bb _builder_version=\u00bb4.27.4&#8243; _module_preset=\u00bbdefault\u00bb global_colors_info=\u00bb{}\u00bb][\/et_pb_image][\/et_pb_column][\/et_pb_row][et_pb_row column_structure=\u00bb1_2,1_2&#8243; _builder_version=\u00bb4.27.4&#8243; _module_preset=\u00bbdefault\u00bb global_colors_info=\u00bb{}\u00bb][et_pb_column type=\u00bb1_2&#8243; _builder_version=\u00bb4.27.4&#8243; _module_preset=\u00bbdefault\u00bb global_colors_info=\u00bb{}\u00bb][et_pb_image src=\u00bbhttps:\/\/tropica-verde.de\/wp-content\/uploads\/2025\/07\/1000010149-scaled.jpg\u00bb title_text=\u00bbUn \u00e1rbol plantado en Costa Rica m\u00e1s\u00bb _builder_version=\u00bb4.27.4&#8243; _module_preset=\u00bbdefault\u00bb global_colors_info=\u00bb{}\u00bb][\/et_pb_image][\/et_pb_column][et_pb_column type=\u00bb1_2&#8243; _builder_version=\u00bb4.27.4&#8243; _module_preset=\u00bbdefault\u00bb global_colors_info=\u00bb{}\u00bb][et_pb_image src=\u00bbhttps:\/\/tropica-verde.de\/wp-content\/uploads\/2025\/07\/1000010209-scaled.jpg\u00bb title_text=\u00bbLas cuestiones medioambientales tambi\u00e9n se tratan art\u00edsticamente\u00bb _builder_version=\u00bb4.27.4&#8243; _module_preset=\u00bbdefault\u00bb global_colors_info=\u00bb{}\u00bb][\/et_pb_image][\/et_pb_column][\/et_pb_row][et_pb_row column_structure=\u00bb3_5,2_5&#8243; _builder_version=\u00bb4.27.4&#8243; _module_preset=\u00bbdefault\u00bb global_colors_info=\u00bb{}\u00bb][et_pb_column type=\u00bb3_5&#8243; _builder_version=\u00bb4.27.4&#8243; _module_preset=\u00bbdefault\u00bb global_colors_info=\u00bb{}\u00bb][et_pb_text _builder_version=\u00bb4.27.4&#8243; _module_preset=\u00bbdefault\u00bb hover_enabled=\u00bb0&#8243; global_colors_info=\u00bb{}\u00bb sticky_enabled=\u00bb0&#8243;]<\/p>\n<p>Todo esto s\u00f3lo es posible gracias a inversores y patrocinadores. Porque los educadores medioambientales cobran unos honorarios, hay que adquirir material de formaci\u00f3n y organizar el transporte a las excursiones. <\/p>\n<p>Por ello, queremos expresar nuestro especial agradecimiento a la <a href=\"https:\/\/www.cordesundgraefe-stiftung.de\/\" rel=\"nofollow noopener\" target=\"_blank\">Fundaci\u00f3n Cordes &amp; Graefe<\/a>, que vuelve a apoyarnos en 2025 con una cantidad de 25.000 euros a partir de 2024. Sin este apoyo, Tropica Verde no podr\u00eda ofrecer educaci\u00f3n medioambiental en esta medida. <\/p>\n<p>\u00a1Una contribuci\u00f3n muy importante a la sostenibilidad y al tratamiento respetuoso de la naturaleza!<\/p>\n<p><em>Tu Stefan Rother<\/em><\/p>\n<p>[\/et_pb_text][\/et_pb_column][et_pb_column type=\u00bb2_5&#8243; _builder_version=\u00bb4.27.4&#8243; _module_preset=\u00bbdefault\u00bb global_colors_info=\u00bb{}\u00bb][et_pb_image src=\u00bbhttps:\/\/tropica-verde.de\/wp-content\/uploads\/2025\/07\/Logo-Cordes-Graefe.jpg\u00bb title_text=\u00bbLogotipo Cordes &amp; Graefe\u00bb url=\u00bbhttps:\/\/www.cordesundgraefe-stiftung.de\/\u00bb url_new_window=\u00bbon\u00bb _builder_version=\u00bb4.27.4&#8243; _module_preset=\u00bbdefault\u00bb global_colors_info=\u00bb{}\u00bb][\/et_pb_image][\/et_pb_column][\/et_pb_row][\/et_pb_section][et_pb_section fb_built=\u00bb1&#8243; fullwidth=\u00bbon\u00bb admin_label=\u00bbCall to Action\u00bb _builder_version=\u00bb4.16&#8243; animation_style=\u00bbslide\u00bb animation_direction=\u00bbbottom\u00bb animation_intensity_slide=\u00bb6%\u00bb animation_starting_opacity=\u00bb100%\u00bb locked=\u00bboff\u00bb global_colors_info=\u00bb{}\u00bb][et_pb_fullwidth_header title=\u00bbAyudar en lugar de quejarse\u00bb subhead=\u00bbApoye la selva tropical con su donativo o h\u00e1gase socio de la organizaci\u00f3n\u00bb text_orientation=\u00bbcenter\u00bb button_one_text=\u00bbDONAR AHORA\u00bb button_one_url=\u00bbhttps:\/\/tropica-verde.de\/es\/ayudardonar\/donaciones\/\u00bb button_two_text=\u00bbH\u00c1GASE SOCIO\u00bb button_two_url=\u00bbhttps:\/\/tropica-verde.de\/es\/ayudardonar\/afiliarse\/\u00bb content_max_width=\u00bb800px\u00bb _builder_version=\u00bb4.23.1&#8243; title_level=\u00bbh2&#8243; title_font=\u00bb|700|||||||\u00bb title_text_color=\u00bb#006B46&#8243; title_font_size=\u00bb60px\u00bb title_line_height=\u00bb1.2em\u00bb content_font=\u00bbSource Sans 3||||||||\u00bb content_font_size=\u00bb20px\u00bb content_line_height=\u00bb1.8em\u00bb subhead_font=\u00bb||||||||\u00bb subhead_text_color=\u00bb#555858&#8243; subhead_font_size=\u00bb28px\u00bb subhead_line_height=\u00bb1.5em\u00bb background_color=\u00bbrgba(255, 255, 255, 0)\u00bb background_color_gradient_direction=\u00bb90deg\u00bb background_image=\u00bbhttps:\/\/tropica-verde.de\/wp-content\/uploads\/2022\/08\/footer_bg.png\u00bb button_one_text_size=\u00bb26px\u00bb button_one_text_color=\u00bb#ffffff\u00bb button_one_bg_color=\u00bb#ff6a09&#8243; button_one_border_width=\u00bb1px\u00bb button_one_border_color=\u00bb#ff6a09&#8243; button_one_border_radius=\u00bb15px\u00bb button_one_letter_spacing=\u00bb1px\u00bb button_two_text_size=\u00bb26px\u00bb button_two_text_color=\u00bb#555858&#8243; button_two_bg_color=\u00bb#ffffff\u00bb button_two_border_width=\u00bb1px\u00bb button_two_border_radius=\u00bb15px\u00bb min_height=\u00bb542.8px\u00bb custom_margin=\u00bb|||\u00bb custom_padding=\u00bb8%||8%|\u00bb animation_style=\u00bbfade\u00bb title_font_size_tablet=\u00bb48px\u00bb title_font_size_phone=\u00bb36px\u00bb title_font_size_last_edited=\u00bbon|phone\u00bb custom_css_subtitle=\u00bbfont-family: &#8216;Source Sans 3 Bold&#8217;!important;||  \u00bb button_one_letter_spacing_hover=\u00bb1px\u00bb button_two_letter_spacing_hover=\u00bb1px\u00bb global_colors_info=\u00bb{}\u00bb button_one_text_size__hover_enabled=\u00bboff\u00bb button_one_text_color__hover_enabled=\u00bboff\u00bb button_one_border_width__hover_enabled=\u00bboff\u00bb button_one_border_color__hover_enabled=\u00bboff\u00bb button_one_border_radius__hover_enabled=\u00bboff\u00bb button_one_letter_spacing__hover_enabled=\u00bbon|desktop\u00bb button_one_letter_spacing__hover=\u00bb1px\u00bb button_one_bg_color__hover_enabled=\u00bboff\u00bb button_two_letter_spacing__hover=\u00bb\u00bb button_two_letter_spacing__hover_enabled=\u00bbon|desktop\u00bb][\/et_pb_fullwidth_header][\/et_pb_section]<\/p>\n","protected":false},"excerpt":{"rendered":"<p>\u00c9xito de la colaboraci\u00f3n con la Fundaci\u00f3n Cordes &amp; Graefe La educaci\u00f3n medioambiental es una parte esencial del trabajo de nuestros proyectos en Costa Rica, como deber\u00eda serlo de todos nuestros proyectos en aras de la sostenibilidad. 2024 fue el a\u00f1o de mayor \u00e9xito hasta la fecha: pudimos llegar a m\u00e1s de 3.000 ni\u00f1os y [&hellip;]<\/p>\n","protected":false},"author":14,"featured_media":248643,"comment_status":"closed","ping_status":"open","sticky":false,"template":"","format":"standard","meta":{"_et_pb_use_builder":"on","_et_pb_old_content":"","_et_gb_content_width":"","inline_featured_image":false,"footnotes":""},"categories":[228,147],"tags":[],"class_list":["post-248656","post","type-post","status-publish","format-standard","has-post-thumbnail","hentry","category-labor-educativa-en-costa-rica","category-todo-lo-demas-sobre-el-club"],"_links":{"self":[{"href":"https:\/\/tropica-verde.de\/es\/wp-json\/wp\/v2\/posts\/248656","targetHints":{"allow":["GET"]}}],"collection":[{"href":"https:\/\/tropica-verde.de\/es\/wp-json\/wp\/v2\/posts"}],"about":[{"href":"https:\/\/tropica-verde.de\/es\/wp-json\/wp\/v2\/types\/post"}],"author":[{"embeddable":true,"href":"https:\/\/tropica-verde.de\/es\/wp-json\/wp\/v2\/users\/14"}],"replies":[{"embeddable":true,"href":"https:\/\/tropica-verde.de\/es\/wp-json\/wp\/v2\/comments?post=248656"}],"version-history":[{"count":12,"href":"https:\/\/tropica-verde.de\/es\/wp-json\/wp\/v2\/posts\/248656\/revisions"}],"predecessor-version":[{"id":248981,"href":"https:\/\/tropica-verde.de\/es\/wp-json\/wp\/v2\/posts\/248656\/revisions\/248981"}],"wp:featuredmedia":[{"embeddable":true,"href":"https:\/\/tropica-verde.de\/es\/wp-json\/wp\/v2\/media\/248643"}],"wp:attachment":[{"href":"https:\/\/tropica-verde.de\/es\/wp-json\/wp\/v2\/media?parent=248656"}],"wp:term":[{"taxonomy":"category","embeddable":true,"href":"https:\/\/tropica-verde.de\/es\/wp-json\/wp\/v2\/categories?post=248656"},{"taxonomy":"post_tag","embeddable":true,"href":"https:\/\/tropica-verde.de\/es\/wp-json\/wp\/v2\/tags?post=248656"}],"curies":[{"name":"wp","href":"https:\/\/api.w.org\/{rel}","templated":true}]}}