{"id":247993,"date":"2025-05-28T17:05:46","date_gmt":"2025-05-28T15:05:46","guid":{"rendered":"https:\/\/tropica-verde.de\/rally-por-la-selva-con-tropica-verde-excursion-escolar-al-jardin-de-palmeras\/"},"modified":"2025-10-28T20:09:44","modified_gmt":"2025-10-28T18:09:44","slug":"rally-por-la-selva-con-tropica-verde-excursion-escolar-al-jardin-de-palmeras","status":"publish","type":"post","link":"https:\/\/tropica-verde.de\/es\/rally-por-la-selva-con-tropica-verde-excursion-escolar-al-jardin-de-palmeras\/","title":{"rendered":"Rally por la selva con Tropica Verde: excursi\u00f3n escolar al Jard\u00edn de Palmeras"},"content":{"rendered":"[et_pb_section fb_built=\u00bb1&#8243; admin_label=\u00bbsection\u00bb _builder_version=\u00bb4.16&#8243; min_height=\u00bb2752.1px\u00bb custom_padding=\u00bb21px|||||\u00bb global_colors_info=\u00bb{}\u00bb][et_pb_row admin_label=\u00bbfila\u00bb _builder_version=\u00bb4.23.1&#8243; background_size=\u00bbinitial\u00bb background_position=\u00bbtop_left\u00bb background_repeat=\u00bbrepeat\u00bb custom_margin=\u00bb-34px|auto|-43px|auto||\u00bb custom_padding=\u00bb0px|||||\u00bb global_colors_info=\u00bb{}\u00bb][et_pb_column type=\u00bb4_4&#8243; _builder_version=\u00bb4.16&#8243; custom_padding=\u00bb|||\u00bb global_colors_info=\u00bb{}\u00bb custom_padding__hover=\u00bb|||\u00bb][et_pb_text admin_label=\u00bbText\u00bb _builder_version=\u00bb4.23.1&#8243; background_size=\u00bbinitial\u00bb background_position=\u00bbtop_left\u00bb background_repeat=\u00bbrepeat\u00bb custom_padding=\u00bb||0px|||\u00bb global_colors_info=\u00bb{}\u00bb][\/et_pb_text][et_pb_text admin_label=\u00bbText\u00bb _builder_version=\u00bb4.27.4&#8243; background_size=\u00bbinitial\u00bb background_position=\u00bbtop_left\u00bb background_repeat=\u00bbrepeat\u00bb custom_padding=\u00bb||0px|||\u00bb global_colors_info=\u00bb{}\u00bb]<h2><strong>Visita de 5\u00ba curso al Palmengarten de Frankfurt - un viaje tropical de descubrimiento con Tropica Verde<\/strong><\/h2>\r\n<p><em>de <\/em><em style=\"font-size: 17px;\">Laura Jutrowska<\/em><\/p>\r\n<p>El mi\u00e9rcoles y el jueves, 7 y 8 de mayo de 2025, nuestra <strong>clase de 5\u00ba curso realiz\u00f3 una emocionante excursi\u00f3n<\/strong> al Palmengarten de Frankfurt. <strong>Esta experiencia especial<\/strong> <strong>-el rally de la selva tropical<\/strong> - fue organizada y <strong>financiada<\/strong> por la asociaci\u00f3n Tropica Verde de Frankfurt. Esta organizaci\u00f3n sin \u00e1nimo de lucro lleva m\u00e1s de 30 a\u00f1os comprometida con la protecci\u00f3n de las selvas tropicales y tambi\u00e9n est\u00e1 muy implicada en la educaci\u00f3n medioambiental en las escuelas.    <\/p>\r\n<p><\/p>[\/et_pb_text][et_pb_image src=\u00bbhttps:\/\/tropica-verde.de\/wp-content\/uploads\/2025\/05\/5.-Klasse-bei-der-Regenwald-Rallye-im-Palmengarten-Mai-2025.jpg\u00bb alt=\u00bbReforestaci\u00f3n Finca Alicia Monte Alto\u00bb title_text=\u00bb5\u00ba curso en la concentraci\u00f3n de la selva tropical en el Palmengarten Mayo 2025&#8243; _builder_version=\u00bb4.27.4&#8243; _module_preset=\u00bbdefault\u00bb global_colors_info=\u00bb{}\u00bb][\/et_pb_image][\/et_pb_column][\/et_pb_row][et_pb_row _builder_version=\u00bb4.23.1&#8243; _module_preset=\u00bbdefault\u00bb custom_margin=\u00bb30px|auto||auto||\u00bb custom_padding=\u00bb||0px|||\u00bb global_colors_info=\u00bb{}\u00bb][et_pb_column type=\u00bb4_4&#8243; _builder_version=\u00bb4.23.1&#8243; _module_preset=\u00bbdefault\u00bb global_colors_info=\u00bb{}\u00bb][et_pb_text _builder_version=\u00bb4.23.1&#8243; _module_preset=\u00bbdefault\u00bb custom_margin=\u00bb||3px|||\u00bb custom_padding=\u00bb||0px|||\u00bb global_colors_info=\u00bb{}\u00bb]<h2 data-start=\"653\" data-end=\"694\">Descubre mundos vegetales fascinantes<\/h2>\r\n<p data-start=\"696\" data-end=\"983\">En el jard\u00edn de palmeras les esperaba un emocionante viaje por diferentes zonas clim\u00e1ticas y mundos vegetales. En peque\u00f1os grupos, exploraron la <strong data-start=\"878\" data-end=\"912\">casa de las flores y las mariposas<\/strong>, donde pudieron observar coloridas mariposas tropicales. <\/p>\r\n<p data-start=\"985\" data-end=\"1326\"><\/p>[\/et_pb_text][\/et_pb_column][\/et_pb_row][et_pb_row column_structure=\u00bb1_2,1_2&#8243; _builder_version=\u00bb4.27.4&#8243; _module_preset=\u00bbdefault\u00bb custom_padding=\u00bb0px|||||\u00bb global_colors_info=\u00bb{}\u00bb][et_pb_column type=\u00bb1_2&#8243; _builder_version=\u00bb4.27.4&#8243; _module_preset=\u00bbdefault\u00bb global_colors_info=\u00bb{}\u00bb][et_pb_text _builder_version=\u00bb4.27.4&#8243; _module_preset=\u00bbdefault\u00bb custom_margin=\u00bb28px|||||\u00bb global_colors_info=\u00bb{}\u00bb]<p>Especialmente impresionante fue el <strong data-start=\"1017\" data-end=\"1032\">Tropicarium<\/strong> -una colecci\u00f3n de 14 casas de exposici\u00f3n interconectadas- que representa diversos h\u00e1bitats tropicales, como selvas tropicales, manglares y bosques secos. Aqu\u00ed los ni\u00f1os encontraron plantas ins\u00f3litas como el <strong data-start=\"1258\" data-end=\"1271\">\u00e1rbol del cacao<\/strong>, <strong data-start=\"1273\" data-end=\"1283\">lianas<\/strong>, <strong data-start=\"1285\" data-end=\"1298\">orqu\u00eddeas<\/strong> y el <strong data-start=\"1308\" data-end=\"1325\">\u00e1rbol baobab<\/strong>. <\/p>\r\n<p>&nbsp;<\/p>\r\n<h2 data-start=\"1333\" data-end=\"1383\">Aprender con todos los sentidos: El rally Tropicarium<\/h2>\r\n<p data-start=\"1385\" data-end=\"1615\">Uno de los momentos m\u00e1s destacados de la excursi\u00f3n fue el <strong data-start=\"1420\" data-end=\"1452\">recorrido por el Tropicarium<\/strong>. Los ni\u00f1os aprendieron de forma divertida y curiosa la estructura de la selva tropical, las especies vegetales que crecen en ella y su importancia para el clima global <a href=\"https:\/\/tropica-verde.de\/es\/educacion-para-el-desarrollo-sostenible\/\" target=\"_blank\" rel=\"noopener\">(-&gt; Educaci\u00f3n para el desarrollo sostenible)<\/a>. <\/p>\r\n<p data-start=\"1617\" data-end=\"1894\">Al participar activamente, los alumnos no s\u00f3lo pudieron profundizar en sus conocimientos, sino tambi\u00e9n adquirirlos de forma independiente. El contacto directo con el mundo vegetal foment\u00f3 un aprendizaje v\u00edvido y sostenible, <strong data-start=\"1855\" data-end=\"1894\">mucho m\u00e1s all\u00e1 del aula<\/strong>. <\/p>[\/et_pb_text][\/et_pb_column][et_pb_column type=\u00bb1_2&#8243; _builder_version=\u00bb4.27.4&#8243; _module_preset=\u00bbdefault\u00bb global_colors_info=\u00bb{}\u00bb][et_pb_gallery gallery_ids=\u00bb247974,247971,247968,247962&#8243; fullwidth=\u00bbon\u00bb _builder_version=\u00bb4.27.4&#8243; _module_preset=\u00bbdefault\u00bb background_color=\u00bbRGBA(255,255,255,0)\u00bb auto=\u00bbon\u00bb global_colors_info=\u00bb{}\u00bb][\/et_pb_gallery][\/et_pb_column][\/et_pb_row][et_pb_row _builder_version=\u00bb4.27.4&#8243; _module_preset=\u00bbdefault\u00bb global_colors_info=\u00bb{}\u00bb][et_pb_column type=\u00bb4_4&#8243; _builder_version=\u00bb4.27.4&#8243; _module_preset=\u00bbdefault\u00bb global_colors_info=\u00bb{}\u00bb][et_pb_text _builder_version=\u00bb4.27.4&#8243; _module_preset=\u00bbdefault\u00bb global_colors_info=\u00bb{}\u00bb]<h2 data-start=\"1901\" data-end=\"1940\">Un recuerdo imborrable<\/h2>\r\n<p data-start=\"1942\" data-end=\"2104\">El peque\u00f1o regalo que cada ni\u00f1o recibi\u00f3 al final tambi\u00e9n fue especialmente sostenible: una <strong data-start=\"2036\" data-end=\"2101\">bolsa con chocolate de comercio justo y semillas de plantas<\/strong>. Las semillas se plantar\u00e1n juntas en clase, se documentar\u00e1 el proceso de crecimiento y se presentar\u00e1n a un <a href=\"https:\/\/tropica-verde.de\/es\/proyectos\/educacion-medioambiental-concurso\/\">concurso de flores silvestres<\/a>. <\/p>\r\n<p data-start=\"2283\" data-end=\"2413\">\r\n<p data-start=\"2283\" data-end=\"2413\">Muchas<strong> gracias a<\/strong> <strong data-start=\"2314\" data-end=\"2333\">Tropica<\/strong> Verde, cuyo compromiso hizo posible esta excursi\u00f3n inolvidable.<\/p>\r\n<p data-start=\"2421\" data-end=\"2487\"><em data-start=\"2421\" data-end=\"2438\">Laura Jutrowska<\/em><br data-start=\"2438\" data-end=\"2441\"><em data-start=\"2441\" data-end=\"2487\">Profesora en la IGS Lindenfeld Offenbach<\/em><\/p>[\/et_pb_text][et_pb_button button_url=\u00bbhttps:\/\/tropica-verde.de\/es\/proyectos\/educacion-medioambiental-en-alemania\/\u00bb button_text=\u00bbVER TODOS LOS PROGRAMAS DE EDUCACI\u00d3N MEDIOAMBIENTAL\u00bb button_alignment_tablet=\u00bbcenter\u00bb button_alignment_phone=\u00bbcenter\u00bb button_alignment_last_edited=\u00bbon|tablet\u00bb _builder_version=\u00bb4.27.4&#8243; button_text_size=\u00bb18px\u00bb button_text_color=\u00bb#ffffff\u00bb button_bg_color=\u00bb#ff6a09&#8243; button_border_width=\u00bb1px\u00bb button_border_color=\u00bb#ff6a09&#8243; button_border_radius=\u00bb10px\u00bb button_font=\u00bb|700|||||||\u00bb button_icon=\u00bb&#xf054;||fa||900&#8243; vertical_offset_tablet=\u00bb0&#8243; horizontal_offset_tablet=\u00bb0&#8243; custom_margin=\u00bb-21px||0px||false|false\u00bb z_index_tablet=\u00bb0&#8243; button_text_shadow_horizontal_length_tablet=\u00bb0px\u00bb button_text_shadow_vertical_length_tablet=\u00bb0px\u00bb button_text_shadow_blur_strength_tablet=\u00bb1px\u00bb box_shadow_horizontal_tablet=\u00bb0px\u00bb box_shadow_vertical_tablet=\u00bb0px\u00bb box_shadow_blur_tablet=\u00bb40px\u00bb box_shadow_spread_tablet=\u00bb0px\u00bb global_colors_info=\u00bb{}\u00bb][\/et_pb_button][et_pb_divider show_divider=\u00bboff\u00bb _builder_version=\u00bb4.27.4&#8243; _module_preset=\u00bbdefault\u00bb global_colors_info=\u00bb{}\u00bb][\/et_pb_divider][et_pb_image src=\u00bbhttps:\/\/tropica-verde.de\/wp-content\/uploads\/2025\/05\/Spielerisches-Lernen-foerder-Schluesselkompetenzen-scaled.jpg\u00bb title_text=\u00bbEl aprendizaje l\u00fadico fomenta las habilidades clave\u00bb _builder_version=\u00bb4.27.4&#8243; _module_preset=\u00bbdefault\u00bb global_colors_info=\u00bb{}\u00bb][\/et_pb_image][\/et_pb_column][\/et_pb_row][et_pb_row column_structure=\u00bb1_4,1_4,1_4,1_4&#8243; custom_padding_last_edited=\u00bbon|desktop\u00bb _builder_version=\u00bb4.23.1&#8243; _module_preset=\u00bbdefault\u00bb background_enable_color=\u00bboff\u00bb min_height=\u00bb355.1px\u00bb custom_margin=\u00bb-25px|auto|0px|auto|false|false\u00bb custom_padding=\u00bb94px||0px||false|false\u00bb custom_padding_tablet=\u00bb||0px||false|false\u00bb custom_padding_phone=\u00bb0px|0px|0px|0px|false|false\u00bb global_module=\u00bb244553&#8243; global_colors_info=\u00bb{}\u00bb][et_pb_column type=\u00bb1_4&#8243; _builder_version=\u00bb4.23.1&#8243; _module_preset=\u00bbdefault\u00bb global_colors_info=\u00bb{}\u00bb][et_pb_image src=\u00bbhttps:\/\/tropica-verde.de\/wp-content\/uploads\/2024\/06\/Zasob-10.svg\u00bb title_text=\u00bbZas\u00f3b 10&#8243; url=\u00bbhttps:\/\/tropica-verde.de\/es\/ayudardonar\/#spenden\u00bb align=\u00bbcenter\u00bb _builder_version=\u00bb4.23.1&#8243; _module_preset=\u00bbdefault\u00bb max_width=\u00bb220px\u00bb global_colors_info=\u00bb{}\u00bb][\/et_pb_image][et_pb_text _builder_version=\u00bb4.23.1&#8243; _module_preset=\u00bb148b6e92-2377-47ed-a4d0-f5bd97198ef5&#8243; text_text_color=\u00bb#ffffff\u00bb header_text_color=\u00bb#006B46&#8243; header_font_size=\u00bb36px\u00bb header_2_text_color=\u00bb#006B46&#8243; header_2_font_size=\u00bb36px\u00bb header_3_font=\u00bbSource Sans 3|700|||||||\u00bb header_3_text_align=\u00bbcenter\u00bb header_3_text_color=\u00bb#575656&#8243; header_3_font_size=\u00bb24px\u00bb header_font_size_tablet=\u00bb30px\u00bb header_font_size_phone=\u00bb24px\u00bb header_font_size_last_edited=\u00bbon|phone\u00bb header_2_font_size_tablet=\u00bb30px\u00bb header_2_font_size_phone=\u00bb24px\u00bb header_2_font_size_last_edited=\u00bbon|desktop\u00bb header_3_font_size_tablet=\u00bb20px\u00bb header_3_font_size_phone=\u00bb18px\u00bb header_3_font_size_last_edited=\u00bbon|phone\u00bb global_colors_info=\u00bb{}\u00bb]<h3>Haz un donativo<\/h3>[\/et_pb_text][\/et_pb_column][et_pb_column type=\u00bb1_4&#8243; _builder_version=\u00bb4.23.1&#8243; _module_preset=\u00bbdefault\u00bb global_colors_info=\u00bb{}\u00bb][et_pb_image src=\u00bbhttps:\/\/tropica-verde.de\/wp-content\/uploads\/2024\/07\/image-2.svg\u00bb title_text=\u00bbimagen-2&#8243; url=\u00bbhttps:\/\/tropica-verde.de\/es\/ayudardonar\/#mitglied\u00bb align=\u00bbcenter\u00bb admin_label=\u00bbImage\u00bb _builder_version=\u00bb4.23.1&#8243; _module_preset=\u00bbdefault\u00bb max_width=\u00bb220px\u00bb global_colors_info=\u00bb{}\u00bb][\/et_pb_image][et_pb_text _builder_version=\u00bb4.23.1&#8243; _module_preset=\u00bb148b6e92-2377-47ed-a4d0-f5bd97198ef5&#8243; text_text_color=\u00bb#ffffff\u00bb header_text_color=\u00bb#006B46&#8243; header_font_size=\u00bb36px\u00bb header_2_text_color=\u00bb#006B46&#8243; header_2_font_size=\u00bb36px\u00bb header_3_font=\u00bbSource Sans 3|700|||||||\u00bb header_3_text_align=\u00bbcenter\u00bb header_3_text_color=\u00bb#575656&#8243; header_3_font_size=\u00bb24px\u00bb header_font_size_tablet=\u00bb30px\u00bb header_font_size_phone=\u00bb24px\u00bb header_font_size_last_edited=\u00bbon|phone\u00bb header_2_font_size_tablet=\u00bb30px\u00bb header_2_font_size_phone=\u00bb24px\u00bb header_2_font_size_last_edited=\u00bbon|desktop\u00bb header_3_font_size_tablet=\u00bb20px\u00bb header_3_font_size_phone=\u00bb18px\u00bb header_3_font_size_last_edited=\u00bbon|phone\u00bb global_colors_info=\u00bb{}\u00bb]<h3><br>\u00a1Hazte miembro de !<\/h3>[\/et_pb_text][\/et_pb_column][et_pb_column type=\u00bb1_4&#8243; _builder_version=\u00bb4.23.1&#8243; _module_preset=\u00bbdefault\u00bb global_colors_info=\u00bb{}\u00bb][et_pb_image src=\u00bbhttps:\/\/tropica-verde.de\/wp-content\/uploads\/2024\/07\/image-3.svg\u00bb title_text=\u00bbimagen-3&#8243; url=\u00bbhttps:\/\/tropica-verde.de\/es\/ayudardonar\/voluntariado-y-voluntariado\/\u00bb align=\u00bbcenter\u00bb admin_label=\u00bbImage\u00bb _builder_version=\u00bb4.27.4&#8243; _module_preset=\u00bbdefault\u00bb max_width=\u00bb220px\u00bb global_colors_info=\u00bb{}\u00bb][\/et_pb_image][et_pb_text _builder_version=\u00bb4.23.1&#8243; _module_preset=\u00bb148b6e92-2377-47ed-a4d0-f5bd97198ef5&#8243; text_text_color=\u00bb#ffffff\u00bb header_text_color=\u00bb#006B46&#8243; header_font_size=\u00bb36px\u00bb header_2_text_color=\u00bb#006B46&#8243; header_2_font_size=\u00bb36px\u00bb header_3_font=\u00bbSource Sans 3|700|||||||\u00bb header_3_text_align=\u00bbcenter\u00bb header_3_text_color=\u00bb#575656&#8243; header_3_font_size=\u00bb24px\u00bb header_font_size_tablet=\u00bb30px\u00bb header_font_size_phone=\u00bb24px\u00bb header_font_size_last_edited=\u00bbon|phone\u00bb header_2_font_size_tablet=\u00bb30px\u00bb header_2_font_size_phone=\u00bb24px\u00bb header_2_font_size_last_edited=\u00bbon|desktop\u00bb header_3_font_size_tablet=\u00bb20px\u00bb header_3_font_size_phone=\u00bb18px\u00bb header_3_font_size_last_edited=\u00bbon|phone\u00bb global_colors_info=\u00bb{}\u00bb]<h3>\u00a1Act\u00faa como voluntario!<\/h3>[\/et_pb_text][\/et_pb_column][et_pb_column type=\u00bb1_4&#8243; _builder_version=\u00bb4.23.1&#8243; _module_preset=\u00bbdefault\u00bb global_colors_info=\u00bb{}\u00bb][et_pb_image src=\u00bbhttps:\/\/tropica-verde.de\/wp-content\/uploads\/2024\/07\/image-4.svg\u00bb title_text=\u00bbimagen-4&#8243; align=\u00bbcenter\u00bb admin_label=\u00bbImage\u00bb _builder_version=\u00bb4.23.1&#8243; _module_preset=\u00bbdefault\u00bb max_width=\u00bb220px\u00bb global_colors_info=\u00bb{}\u00bb][\/et_pb_image][et_pb_text _builder_version=\u00bb4.23.1&#8243; _module_preset=\u00bb148b6e92-2377-47ed-a4d0-f5bd97198ef5&#8243; text_text_color=\u00bb#ffffff\u00bb header_text_color=\u00bb#006B46&#8243; header_font_size=\u00bb36px\u00bb header_2_text_color=\u00bb#006B46&#8243; header_2_font_size=\u00bb36px\u00bb header_3_font=\u00bbSource Sans 3|700|||||||\u00bb header_3_text_align=\u00bbcenter\u00bb header_3_text_color=\u00bb#575656&#8243; header_3_font_size=\u00bb24px\u00bb header_font_size_tablet=\u00bb30px\u00bb header_font_size_phone=\u00bb24px\u00bb header_font_size_last_edited=\u00bbon|phone\u00bb header_2_font_size_tablet=\u00bb30px\u00bb header_2_font_size_phone=\u00bb24px\u00bb header_2_font_size_last_edited=\u00bbon|desktop\u00bb header_3_font_size_tablet=\u00bb20px\u00bb header_3_font_size_phone=\u00bb18px\u00bb header_3_font_size_last_edited=\u00bbon|phone\u00bb global_colors_info=\u00bb{}\u00bb]<h3><br>\u00a1Recomi\u00e9ndanos!<\/h3>[\/et_pb_text][\/et_pb_column][\/et_pb_row][\/et_pb_section]<!-- \/wp:post-content -->","protected":false},"excerpt":{"rendered":"<p>El 5\u00ba curso descubre la selva tropical en el Palmengarten de Frankfurt. Con Tropica Verde puedes aprender jugando, merendar chocolate y plantar semillas para el futuro.   <\/p>\n","protected":false},"author":5,"featured_media":247977,"comment_status":"closed","ping_status":"open","sticky":false,"template":"","format":"standard","meta":{"_et_pb_use_builder":"on","_et_pb_old_content":"<!-- wp:paragraph -->\r\n<p>Am Freitag 16.06.2023 wurde in Monte Alto gemeinsam mit unserer Partnerorganisation Ecodesi der Tag des Baumes gefeiert! <\/p>\r\n<!-- \/wp:paragraph -->\r\n\r\n<!-- wp:paragraph -->\r\n<p>Zu diesem j\u00e4hrlichen Anlass kommen Schulklassen, Freiwillige und andere engagierte Menschen zusammen und pflanzen B\u00e4ume auf der Reserva. Ganz nebenbei erlernen und erleben sie so die Bedeutung des Urwaldes und der Artenvielfalt.<\/p>\r\n<!-- \/wp:paragraph -->\r\n\r\n<!-- wp:paragraph -->\r\n<p>Wir freuen uns Teil dieser Aktion zu sein & somit einen wichtigen Beitrag zur Umweltbildung beizutragen!<\/p>\r\n<!-- \/wp:paragraph -->\r\n\r\n<!-- wp:paragraph -->\r\n<p><\/p>\r\n<!-- \/wp:paragraph -->\r\n\r\n<!-- wp:image {\"id\":237696,\"sizeSlug\":\"large\",\"linkDestination\":\"none\"} -->\r\n<figure class=\"wp-block-image size-large\"><img src=\"https:\/\/tropica-verde.de\/wp-content\/uploads\/2023\/06\/Collage_TagdesBaumes-1024x819.png\" alt=\"\" class=\"wp-image-237696\"\/><\/figure>\r\n<!-- \/wp:image -->","_et_gb_content_width":"","inline_featured_image":false,"footnotes":""},"categories":[157],"tags":[381,383,382,380],"class_list":["post-247993","post","type-post","status-publish","format-standard","has-post-thumbnail","hentry","category-trabajo-educativo-en-alemania","tag-bne","tag-palmengarten-frankfurt","tag-sdgs","tag-umweltbildung"],"_links":{"self":[{"href":"https:\/\/tropica-verde.de\/es\/wp-json\/wp\/v2\/posts\/247993","targetHints":{"allow":["GET"]}}],"collection":[{"href":"https:\/\/tropica-verde.de\/es\/wp-json\/wp\/v2\/posts"}],"about":[{"href":"https:\/\/tropica-verde.de\/es\/wp-json\/wp\/v2\/types\/post"}],"author":[{"embeddable":true,"href":"https:\/\/tropica-verde.de\/es\/wp-json\/wp\/v2\/users\/5"}],"replies":[{"embeddable":true,"href":"https:\/\/tropica-verde.de\/es\/wp-json\/wp\/v2\/comments?post=247993"}],"version-history":[{"count":14,"href":"https:\/\/tropica-verde.de\/es\/wp-json\/wp\/v2\/posts\/247993\/revisions"}],"predecessor-version":[{"id":249605,"href":"https:\/\/tropica-verde.de\/es\/wp-json\/wp\/v2\/posts\/247993\/revisions\/249605"}],"wp:featuredmedia":[{"embeddable":true,"href":"https:\/\/tropica-verde.de\/es\/wp-json\/wp\/v2\/media\/247977"}],"wp:attachment":[{"href":"https:\/\/tropica-verde.de\/es\/wp-json\/wp\/v2\/media?parent=247993"}],"wp:term":[{"taxonomy":"category","embeddable":true,"href":"https:\/\/tropica-verde.de\/es\/wp-json\/wp\/v2\/categories?post=247993"},{"taxonomy":"post_tag","embeddable":true,"href":"https:\/\/tropica-verde.de\/es\/wp-json\/wp\/v2\/tags?post=247993"}],"curies":[{"name":"wp","href":"https:\/\/api.w.org\/{rel}","templated":true}]}}