{"id":247896,"date":"2025-05-27T18:09:05","date_gmt":"2025-05-27T16:09:05","guid":{"rendered":"https:\/\/tropica-verde.de\/voluntariado-en-costa-rica-informe-de-noreen-y-bennet\/"},"modified":"2025-10-28T20:15:00","modified_gmt":"2025-10-28T18:15:00","slug":"voluntariado-en-costa-rica-informe-de-noreen-y-bennet","status":"publish","type":"post","link":"https:\/\/tropica-verde.de\/es\/voluntariado-en-costa-rica-informe-de-noreen-y-bennet\/","title":{"rendered":"Voluntariado en Costa Rica: informe de Noreen y Bennet"},"content":{"rendered":"[et_pb_section fb_built=\u00bb1&#8243; admin_label=\u00bbsection\u00bb _builder_version=\u00bb4.16&#8243; min_height=\u00bb2728.1px\u00bb custom_padding=\u00bb0px|||||\u00bb global_colors_info=\u00bb{}\u00bb][et_pb_row admin_label=\u00bbfila\u00bb _builder_version=\u00bb4.16&#8243; background_size=\u00bbinitial\u00bb background_position=\u00bbtop_left\u00bb background_repeat=\u00bbrepeat\u00bb custom_margin=\u00bb|auto|-43px|auto||\u00bb global_colors_info=\u00bb{}\u00bb][et_pb_column type=\u00bb4_4&#8243; _builder_version=\u00bb4.16&#8243; custom_padding=\u00bb|||\u00bb global_colors_info=\u00bb{}\u00bb custom_padding__hover=\u00bb|||\u00bb][et_pb_image src=\u00bbhttps:\/\/tropica-verde.de\/wp-content\/uploads\/2025\/05\/Bennet-und-Noreen-in-Karibik-mit-Blumen-scaled.jpg\u00bb alt=\u00bbVoluntariado en Costa Rica\u00bb title_text=\u00bbBennet y Noreen en el Caribe con flores\u00bb _builder_version=\u00bb4.27.4&#8243; _module_preset=\u00bbdefault\u00bb global_colors_info=\u00bb{}\u00bb][\/et_pb_image][et_pb_text admin_label=\u00bbText\u00bb _builder_version=\u00bb4.23.1&#8243; background_size=\u00bbinitial\u00bb background_position=\u00bbtop_left\u00bb background_repeat=\u00bbrepeat\u00bb min_height=\u00bb363.4px\u00bb custom_padding=\u00bb||0px|||\u00bb global_colors_info=\u00bb{}\u00bb]<p>Hola, somos Bennet y Noreen y estudiamos ecolog\u00eda y planificaci\u00f3n medioambiental en Berl\u00edn. Paralelamente a nuestros estudios, Noreen trabaja en una oficina de planificaci\u00f3n paisaj\u00edstica y juntos realizamos ocasionalmente cartograf\u00eda avifaun\u00edstica.  <\/p>\n<p>Como parte de nuestra carrera, tenemos medio a\u00f1o libre para hacer pr\u00e1cticas. Quer\u00edamos pasar un mes de este tiempo haciendo pr\u00e1cticas en Costa Rica, ya que aqu\u00ed hay selva tropical y siempre nos ha interesado mucho este ecosistema y su biodiversidad. As\u00ed que buscamos proyectos de conservaci\u00f3n de la selva tropical en Costa Rica y, durante nuestra investigaci\u00f3n, dimos con Tropica Verde.  <\/p>\n<p>Tras enviar un correo electr\u00f3nico con nuestra solicitud a la oficina de Tropica Verde, recibimos r\u00e1pidamente una amable respuesta de Ingrith Tilly, que nos puso inmediatamente en contacto con Stefan Rother. Poco despu\u00e9s, pudimos celebrar una reuni\u00f3n Zoom con Stefan e Ingrith para hablar de lo que pod\u00edamos hacer en Costa Rica y quedamos muy impresionados por el compromiso y la capacidad de organizaci\u00f3n de Stefan. El plan de nuestras pr\u00e1cticas se ultim\u00f3 en muy poco tiempo. Siempre pudimos recurrir a \u00e9l para todas nuestras preguntas, nos dio muchos consejos estupendos e hizo todo lo que pudo para organizarnos unas pr\u00e1cticas estupendas. \u00a1Muchas gracias de nuevo!    <\/p>\n<p>A continuaci\u00f3n, describiremos exactamente c\u00f3mo fueron nuestras pr\u00e1cticas.<\/p>\n<p>&nbsp;<\/p>\n<h2 data-start=\"250\" data-end=\"310\">Un mes en la selva tropical: dos etapas de nuestras pr\u00e1cticas<\/h2>\n<h2><\/h2>\n<p>Nuestras pr\u00e1cticas se dividieron en dos partes: En primer lugar, pasamos una semana en Casa Antorcha con la familia de Joep para trabajar en el vivero \u201cVivero Circular\u201d. Despu\u00e9s pasamos tres semanas en la Finca Ninfa con Nathalia, Felicia y Thierry. Desde all\u00ed, trabajamos en la vecina zona de selva tropical protegida \u201cFinca Curr\u00e9\u201d, gestionada por Tropica Verde y formada por bosque primario y secundario.  <\/p>\n<p><\/p>[\/et_pb_text][\/et_pb_column][\/et_pb_row][et_pb_row column_structure=\u00bb1_2,1_2&#8243; _builder_version=\u00bb4.27.4&#8243; _module_preset=\u00bbdefault\u00bb hover_enabled=\u00bb0&#8243; global_colors_info=\u00bb{}\u00bb sticky_enabled=\u00bb0&#8243;][et_pb_column type=\u00bb1_2&#8243; _builder_version=\u00bb4.23.1&#8243; _module_preset=\u00bbdefault\u00bb global_colors_info=\u00bb{}\u00bb][et_pb_text _builder_version=\u00bb4.27.4&#8243; _module_preset=\u00bbdefault\u00bb global_colors_info=\u00bb{}\u00bb]<h2>Casa Antorcha, Vivero Circular y ASOGUABO<\/h2>\n<p>Apoyamos el <a href=\"https:\/\/tropica-verde.de\/es\/proyectos\/educacion-ambiental\/#asoguabo\" target=\"_blank\" rel=\"noopener\">proyecto ASO.GUA.<\/a>BO trabajando en el \u201cVivero Circular\u201d, un vivero donde se cultivan plantas t\u00edpicas de la selva tropical.<\/p>\n<p>Las plantas se destinan a la comunidad ASO.GUA.BO, a las personas que han firmado la \u201cDeclaraci\u00f3n de conservaci\u00f3n comunitaria\u201d y se han comprometido as\u00ed a proteger su selva tropical. El vivero de \u00e1rboles est\u00e1 destinado a apoyar a esta comunidad. Tiene sentido centrarse en especies vegetales aut\u00f3ctonas en lugar de utilizar plantas ornamentales de otros pa\u00edses para preservar la flora aut\u00f3ctona. Tropica Verde apoya a ASO.GUA.BO.   <\/p>\n<p>Nos alojamos en Casa Antorcha (ver foto).<\/p>\n<p>&nbsp;<\/p>[\/et_pb_text][\/et_pb_column][et_pb_column type=\u00bb1_2&#8243; _builder_version=\u00bb4.23.1&#8243; _module_preset=\u00bbdefault\u00bb global_colors_info=\u00bb{}\u00bb][et_pb_image src=\u00bbhttps:\/\/tropica-verde.de\/wp-content\/uploads\/2025\/05\/Casa-Asoguabo-scaled.png\u00bb alt=\u00bbASOGUABO selva tropical ni\u00f1os educaci\u00f3n medioambiental\u00bb title_text=\u00bbCasa Asoguabo\u00bb _builder_version=\u00bb4.27.4&#8243; _module_preset=\u00bbdefault\u00bb width=\u00bb90.6%\u00bb custom_padding=\u00bb||0px|||\u00bb global_colors_info=\u00bb{}\u00bb][\/et_pb_image][\/et_pb_column][\/et_pb_row][et_pb_row _builder_version=\u00bb4.23.1&#8243; _module_preset=\u00bbdefault\u00bb global_colors_info=\u00bb{}\u00bb][et_pb_column type=\u00bb4_4&#8243; _builder_version=\u00bb4.23.1&#8243; _module_preset=\u00bbdefault\u00bb global_colors_info=\u00bb{}\u00bb][et_pb_text _builder_version=\u00bb4.23.1&#8243; _module_preset=\u00bbdefault\u00bb global_colors_info=\u00bb{}\u00bb]<h3>Cultivar plantas de la selva tropical - y experimentar mucho m\u00e1s<\/h3>\n<p>Nuestras principales tareas eran cuidar las plantas. Sembramos semillas, trasplantamos plantas, abonamos, regamos y llenamos las macetas con tierra nueva. Sin embargo, Joep tambi\u00e9n hizo todo lo posible para que tuvi\u00e9ramos una estancia variada. Nos ense\u00f1\u00f3 su selva vecina a lo largo del tiempo. Un d\u00eda, fuimos a la playa con Jos\u00e9 Pablo y Ale para recoger plantas que suelen crecer all\u00ed. M\u00e1s tarde las plantamos en macetas o directamente en el suelo del vivero. Otro d\u00eda, obtuvimos buena tierra para plantar de dos fuentes: de un establo de caballos donde el esti\u00e9rcol ya se hab\u00eda convertido en abono y en tierra rica en nutrientes, y de un \u00e1rbol muerto cuya madera se hab\u00eda descompuesto completamente y convertido en tierra.      <\/p>\n<p>Tambi\u00e9n hicimos un inventario de las plantas del vivero para tener una idea exacta de cu\u00e1ntas plantas de qu\u00e9 especie hab\u00eda disponibles. En un momento dado, incluso ayudamos a Stef a recolectar c\u00farcuma. Luego nos ense\u00f1\u00f3 c\u00f3mo se procesa para convertirla en polvo. El \u00faltimo d\u00eda hubo una \u201cfiesta de trabajo\u201d a la que se invit\u00f3 a la comunidad, a amigos de la familia y a invitados interesados. Tras una breve presentaci\u00f3n del proyecto ASO.GUA.BO, todos colaboraron y ayudaron en diversas tareas del vivero.    <\/p>\n<p>&nbsp;<\/p>[\/et_pb_text][et_pb_gallery gallery_ids=\u00bb247881,247872,247866,247854,247875&#8243; fullwidth=\u00bbon\u00bb _builder_version=\u00bb4.27.4&#8243; _module_preset=\u00bbdefault\u00bb global_colors_info=\u00bb{}\u00bb][\/et_pb_gallery][et_pb_text _builder_version=\u00bb4.23.1&#8243; _module_preset=\u00bbdefault\u00bb custom_padding=\u00bb||0px|||\u00bb global_colors_info=\u00bb{}\u00bb]<blockquote><\/blockquote>\n<p><span style=\"color: #333333; font-family: 'Source Serif Pro Semibold', Helvetica, Arial, Lucida, sans-serif; font-size: 22px;\">As\u00ed era nuestro d\u00eda a d\u00eda en Joep (Casa Antorcha)<\/span><strong><\/strong><\/p>\n<p>Una jornada laboral normal empezaba a las 7.00 h con el desayuno con la familia de Joep. Luego trabaj\u00e1bamos hasta las 12.00\/13.00. Continu\u00e1bamos despu\u00e9s de comer. Normalmente termin\u00e1bamos de trabajar entre las 15:00 y las 16:00. Luego ten\u00edamos tiempo libre hasta la cena, cuando sol\u00edamos ir a la playa cercana. El s\u00e1bado y el domingo eran d\u00edas libres.     <\/p>\n<h3>Alojamiento, restauraci\u00f3n y costes en Casa Antorcha<\/h3>\n<p>Nos alojamos en la casa de la familia de Joep, muy abierta y amable, y nos sirvieron tres deliciosas y variadas comidas al d\u00eda. Por la noche tambi\u00e9n tom\u00e1bamos una copa de vino juntos. Nos explicaron y contaron muchas cosas. La familia tiene tres perros, que a menudo nos pon\u00edan de buen humor. Ten\u00edamos una habitaci\u00f3n para nosotros solos. Hab\u00eda una bonita zona de comedor y una zona de relax con una hamaca. Pagamos a la familia 30 d\u00f3lares por d\u00eda de nuestras pr\u00e1cticas y no tuvimos que preocuparnos de nada.      <\/p>\n<blockquote>\n<h3 data-start=\"517\" data-end=\"578\" style=\"text-align: left;\">Un momento inolvidable: la ceremonia de la caba\u00f1a de sudaci\u00f3n<\/h3>\n<h3> <span style=\"font-size: 17px; color: #575656; font-family: 'Source Sans 3', Helvetica, Arial, Lucida, sans-serif;\">En uno de nuestros d\u00edas de pr\u00e1cticas, Wies, la hija de Joep, organiz\u00f3 un sweatlodge para un peque\u00f1o grupo de viajeros de Nueva York, al que tambi\u00e9n pudimos asistir Bennet y yo. Fue una experiencia espiritual maravillosa y despu\u00e9s \u201crenacimos\u201d \ud83d\ude09 Gracias de nuevo por esta experiencia inolvidable.  <\/span><\/h3>\n<\/blockquote>[\/et_pb_text][\/et_pb_column][\/et_pb_row][et_pb_row _builder_version=\u00bb4.23.1&#8243; _module_preset=\u00bbdefault\u00bb global_colors_info=\u00bb{}\u00bb][et_pb_column type=\u00bb4_4&#8243; _builder_version=\u00bb4.23.1&#8243; _module_preset=\u00bbdefault\u00bb global_colors_info=\u00bb{}\u00bb][et_pb_text _builder_version=\u00bb4.27.4&#8243; _module_preset=\u00bbdefault\u00bb global_colors_info=\u00bb{}\u00bb]<h2 style=\"text-align: left;\"><strong>Finca Ninfa y Finca Curr\u00e9<\/strong><\/h2>\n<p>Nathi y Thierry viven en la Finca Ninfa con su hija peque\u00f1a Felicia. Silvio, el hijo de Thierry, tambi\u00e9n vive aqu\u00ed temporalmente con su familia. Thierry ha recibido el encargo de \u201ccuidar\u201d la vecina <a href=\"https:\/\/tropica-verde.de\/es\/proyectos\/reserva-finca-curre\/\" target=\"_blank\" rel=\"noopener\">Finca Curr\u00e9<\/a>, que Tropica Verde protege desde 1991. Su trabajo consiste en asegurarse de que el bosque permanece intacto y no se caza ni tala ilegalmente.   <\/p>[\/et_pb_text][\/et_pb_column][\/et_pb_row][et_pb_row column_structure=\u00bb1_2,1_2&#8243; _builder_version=\u00bb4.23.1&#8243; _module_preset=\u00bbdefault\u00bb global_colors_info=\u00bb{}\u00bb][et_pb_column type=\u00bb1_2&#8243; _builder_version=\u00bb4.23.1&#8243; _module_preset=\u00bbdefault\u00bb global_colors_info=\u00bb{}\u00bb][et_pb_image src=\u00bbhttps:\/\/tropica-verde.de\/wp-content\/uploads\/2025\/05\/Bennet-und-Noreen-mit-Thierrys-Familie.jpg\u00bb alt=\u00bbJardiner\u00eda comunitaria en Costa Rica\u00bb title_text=\u00bbBennet y Noreen con la familia de Thierry\u00bb _builder_version=\u00bb4.27.4&#8243; _module_preset=\u00bbdefault\u00bb global_colors_info=\u00bb{}\u00bb][\/et_pb_image][\/et_pb_column][et_pb_column type=\u00bb1_2&#8243; _builder_version=\u00bb4.23.1&#8243; _module_preset=\u00bbdefault\u00bb global_colors_info=\u00bb{}\u00bb][et_pb_text _builder_version=\u00bb4.23.1&#8243; _module_preset=\u00bbdefault\u00bb global_colors_info=\u00bb{}\u00bb]<h3 data-start=\"629\" data-end=\"692\">De \u00e1rbol gigante a mapa de datos: nuestras tareas en la selva tropical<\/h3>\n<p>Nuestra tarea principal era registrar los \u00e1rboles m\u00e1s viejos y altos de la Finca Curr\u00e9. Para ello, caminamos de un lado a otro de la selva con Thierry y Silvio en los d\u00edas sin lluvia. Nuestro procedimiento exacto y los resultados se describen en un breve informe aparte. Durante la primera semana en la Finca Ninfa, llovi\u00f3 mucho, por lo que no pudimos pasar mucho tiempo en la selva. En su lugar, ayudamos a cascar nueces o a buscar le\u00f1a para la chimenea y bamb\u00fa para la producci\u00f3n de carb\u00f3n org\u00e1nico. Acompa\u00f1amos todo el proceso de producci\u00f3n de Bio-Char: desde la obtenci\u00f3n de la madera hasta el producto acabado. Tambi\u00e9n hemos escrito un breve informe aparte sobre c\u00f3mo funciona la producci\u00f3n de Biocarb\u00f3n. Cuando el tiempo se volvi\u00f3 m\u00e1s seco, empezamos a cartografiar los \u00e1rboles de la Finca Curr\u00e9 y a digitalizar los primeros \u00e1rboles. En la \u00faltima semana, tambi\u00e9n ayudamos a replantar c\u00e1\u00f1amo. Se plant\u00f3 en hileras en pendientes para evitar la erosi\u00f3n.         <\/p>[\/et_pb_text][\/et_pb_column][\/et_pb_row][et_pb_row _builder_version=\u00bb4.27.4&#8243; _module_preset=\u00bbdefault\u00bb global_colors_info=\u00bb{}\u00bb][et_pb_column type=\u00bb4_4&#8243; _builder_version=\u00bb4.27.4&#8243; _module_preset=\u00bbdefault\u00bb global_colors_info=\u00bb{}\u00bb][et_pb_text _builder_version=\u00bb4.27.4&#8243; _module_preset=\u00bbdefault\u00bb global_colors_info=\u00bb{}\u00bb]<h3 data-start=\"694\" data-end=\"739\">El ritmo del d\u00eda en Finca Curr\u00e9<\/h3>\n<p>Un d\u00eda t\u00edpico empezaba entre las 5.30 y las 6.30 de la ma\u00f1ana, cuando \u00edbamos a la Finca Curr\u00e9 a cartografiar los \u00e1rboles. Thierry preparaba comida deliciosa para uno o dos descansos, seg\u00fan la duraci\u00f3n del viaje. Normalmente est\u00e1bamos de vuelta sobre las 14:00 -15:00. Despu\u00e9s, ten\u00edamos tiempo libre en el que pod\u00edamos saltar al r\u00edo cercano, lavar la ropa a mano, jugar con Felicia o simplemente tumbarnos en la hamaca. Por la noche, ayud\u00e1bamos a preparar la cena. Normalmente nos acost\u00e1bamos sobre las 20:00.     <\/p>\n<p>Los d\u00edas que no fuimos a Finca Curr\u00e9, pudimos dormir m\u00e1s tiempo. Desayun\u00e1bamos a las 8.00 de la ma\u00f1ana. Despu\u00e9s, hicimos peque\u00f1os trabajos en Finca Ninfa. Almorz\u00e1bamos sobre las 12.00 h. Despu\u00e9s, baj\u00e1bamos a menudo a la costa para digitalizar los \u00e1rboles registrados en Finca Curr\u00e9 en un peque\u00f1o albergue, donde hab\u00eda Wi-Fi, y para crear mapas. Una hora antes de la puesta de sol, es decir, a las 16:30, ten\u00edamos que volver a la Finca Ninfa para llegar con luz. De lo contrario, podr\u00edas perderte una o dos serpientes en la media hora de caminata por la selva \ud83d\ude09 Una vez lleg\u00e1bamos a la Finca Ninfa, sol\u00edamos hacer la colada y lavarnos en el r\u00edo, y luego cen\u00e1bamos sobre las 18:00-19:00.       <\/p>[\/et_pb_text][\/et_pb_column][\/et_pb_row][et_pb_row _builder_version=\u00bb4.27.4&#8243; _module_preset=\u00bbdefault\u00bb global_colors_info=\u00bb{}\u00bb][et_pb_column type=\u00bb4_4&#8243; _builder_version=\u00bb4.27.4&#8243; _module_preset=\u00bbdefault\u00bb global_colors_info=\u00bb{}\u00bb][et_pb_gallery gallery_ids=\u00bb247842,247878,247869,247863,247860&#8243; fullwidth=\u00bbon\u00bb _builder_version=\u00bb4.27.4&#8243; _module_preset=\u00bbdefault\u00bb global_colors_info=\u00bb{}\u00bb][\/et_pb_gallery][\/et_pb_column][\/et_pb_row][et_pb_row _builder_version=\u00bb4.23.1&#8243; _module_preset=\u00bbdefault\u00bb global_colors_info=\u00bb{}\u00bb][et_pb_column type=\u00bb4_4&#8243; _builder_version=\u00bb4.23.1&#8243; _module_preset=\u00bbdefault\u00bb global_colors_info=\u00bb{}\u00bb][et_pb_text _builder_version=\u00bb4.27.4&#8243; _module_preset=\u00bbdefault\u00bb hover_enabled=\u00bb0&#8243; global_colors_info=\u00bb{}\u00bb sticky_enabled=\u00bb0&#8243;]<h3 data-start=\"741\" data-end=\"803\">Vivir en armon\u00eda con la naturaleza: nuestro alojamiento en el bosque<\/h3>\n<p>Nos alojamos en una peque\u00f1a \u201ccasa del \u00e1rbol\u201d en la Finca Ninfa. Nathi, Thierry y Felicia dorm\u00edan a unos 50 metros, en su propia \u201ccasa del \u00e1rbol\u201d. La familia es muy cari\u00f1osa, comunicativa y acogedora. Nos sentimos como parte de la familia y no como simples voluntarios. Fue una experiencia especialmente agradable para nosotros. Nos ayudaron en todo lo posible y Nathi nos ayud\u00f3 a organizar el resto de nuestro viaje.     <\/p>\n<p>Nos daban tres comidas frescas y sanas al d\u00eda. La familia tiene dos lindos gatitos. Hab\u00eda una bonita zona de comedor y de relax con una hamaca. El r\u00edo, donde pod\u00edas ba\u00f1arte, estaba justo al lado. Pagamos a la familia 30 d\u00f3lares por d\u00eda de internado y no tuvimos que preocuparnos de nada. No obstante, hay que mencionar que la familia vive sin electricidad ni acceso a Internet. Se cocina sobre el fuego y se lava con agua del r\u00edo. El agua del r\u00edo se puede beber despu\u00e9s de pasarla por un filtro y sabe muy bien. Hay un retrete inodoro gracias al <a href=\"https:\/\/tropica-verde.de\/es\/biocarbon-voluntariado-para-la-proteccion-del-clima-a-partir-de-residuos-vegetales\/\" target=\"_blank\" rel=\"noopener\">Bio-Char<\/a>. La vida sencilla nos hizo sentir parte del bosque. Una experiencia muy especial y maravillosa, en nuestra opini\u00f3n.          <\/p>\n<p>&nbsp;<\/p>\n<blockquote>\n<h3 data-start=\"805\" data-end=\"862\">Una experiencia especial: encuentro con la v\u00edbora de lanza<\/h3>\n<p>Una noche, cuando ya hab\u00eda anochecido, quisimos ba\u00f1arnos en el r\u00edo. De repente vimos una v\u00edbora lanceolada Terciopelo de unos dos metros de largo, nadando r\u00edo arriba de forma relajada. Afortunadamente, a\u00fan no est\u00e1bamos en el agua. La observamos desde la orilla con nuestras linternas frontales, a s\u00f3lo dos metros de distancia. Thierry nos dijo m\u00e1s tarde que estas serpientes son muy venenosas y tambi\u00e9n les gusta nadar hacia las fuentes de luz. Menos mal que no parec\u00edan interesadas en nosotros&#8230; Fue un momento que no olvidaremos en absoluto. Desde entonces, tenemos m\u00e1s cuidado al nadar. \ud83d\ude00        <\/p>\n<\/blockquote>[\/et_pb_text][\/et_pb_column][\/et_pb_row][et_pb_row column_structure=\u00bb1_2,1_2&#8243; _builder_version=\u00bb4.27.4&#8243; _module_preset=\u00bbdefault\u00bb global_colors_info=\u00bb{}\u00bb][et_pb_column type=\u00bb1_2&#8243; _builder_version=\u00bb4.27.4&#8243; _module_preset=\u00bbdefault\u00bb global_colors_info=\u00bb{}\u00bb][et_pb_text _builder_version=\u00bb4.27.4&#8243; _module_preset=\u00bbdefault\u00bb global_colors_info=\u00bb{}\u00bb]<h2 data-start=\"864\" data-end=\"925\"><\/h2>\n<h2 data-start=\"864\" data-end=\"925\">Conclusi\u00f3n y perspectivas: Agradecido, inspirado y lleno de ideas<\/h2>\n<p>Nos sentimos muy c\u00f3modos tanto con Joep en Casa Antorcha como con Nathi y Thierry. La naturaleza era impresionante en todas partes. En lugar del despertador, nos despertaban por la ma\u00f1ana los monos aulladores, los colibr\u00edes volando, los coat\u00edes buscando pl\u00e1tanos, los tucanes posando en lo alto de los \u00e1rboles de la selva tropical&#8230; maravilloso.  <\/p>\n<p>Para nosotros, fue una \u00e9poca en la que aprendimos mucho sobre ecosistemas tropicales, formas de vida alternativas y tambi\u00e9n sobre nosotros mismos. Por desgracia, no tuvimos tiempo suficiente para cartografiar toda la Finca Curr\u00e9. S\u00f3lo pudimos recorrer el tercio norte.  <\/p>\n<p>Por tanto, ser\u00eda estupendo que <strong><a href=\"https:\/\/tropica-verde.de\/es\/ayudardonar\/#volontariat\" target=\"_blank\" rel=\"noopener\">los futuros voluntarios<\/a> pudieran continuar el trabajo, idealmente con 6 - 8 semanas de tiempo.<\/strong><\/p>[\/et_pb_text][\/et_pb_column][et_pb_column type=\u00bb1_2&#8243; _builder_version=\u00bb4.27.4&#8243; _module_preset=\u00bbdefault\u00bb global_colors_info=\u00bb{}\u00bb][et_pb_image src=\u00bbhttps:\/\/tropica-verde.de\/wp-content\/uploads\/2025\/05\/Bennet-und-Noreen-auf-Reise-zurueck-zur-Zivilisation.jpg\u00bb title_text=\u00bbBennet y Noreen en un viaje de vuelta a la civilizaci\u00f3n\u00bb _builder_version=\u00bb4.27.4&#8243; _module_preset=\u00bbdefault\u00bb custom_margin=\u00bb-29px|||||\u00bb custom_padding=\u00bb0px|||||\u00bb global_colors_info=\u00bb{}\u00bb][\/et_pb_image][\/et_pb_column][\/et_pb_row][et_pb_row column_structure=\u00bb1_5,3_5,1_5&#8243; module_id=\u00bbvolontariat\u00bb _builder_version=\u00bb4.16&#8243; _module_preset=\u00bbdefault\u00bb background_color=\u00bb#e9eeea\u00bb min_height=\u00bb332.9px\u00bb global_colors_info=\u00bb{}\u00bb][et_pb_column type=\u00bb1_5&#8243; _builder_version=\u00bb4.16&#8243; _module_preset=\u00bbdefault\u00bb global_colors_info=\u00bb{}\u00bb][et_pb_code raw_content_tablet=\u00bb<span class='et-pb-icon' style=%22color:#238da2; font-size:41px%22>=<\/span>\u00bb raw_content_phone=\u00bb\u00bb raw_content_last_edited=\u00bbon|tablet\u00bb _builder_version=\u00bb4.16&#8243; _module_preset=\u00bbdefault\u00bb text_orientation=\u00bbright\u00bb custom_padding=\u00bb8px|||20px|false|false\u00bb text_orientation_tablet=\u00bbcenter\u00bb text_orientation_phone=\u00bb\u00bb text_orientation_last_edited=\u00bbon|phone\u00bb global_colors_info=\u00bb{}\u00bb]<span class=\"et-pb-icon\" style=\"color:#238da2; font-size:30px\">$<\/span>[\/et_pb_code][\/et_pb_column][et_pb_column type=\u00bb3_5&#8243; _builder_version=\u00bb4.16&#8243; _module_preset=\u00bbdefault\u00bb custom_padding_tablet=\u00bb|20px||20px|false|false\u00bb custom_padding_phone=\u00bb|20px||20px|false|false\u00bb custom_padding_last_edited=\u00bbon|tablet\u00bb global_colors_info=\u00bb{}\u00bb][et_pb_text _builder_version=\u00bb4.23.1&#8243; _module_preset=\u00bbdefault\u00bb header_2_font=\u00bbSource Sans 3|800|||||||\u00bb header_2_font_size=\u00bb36px\u00bb custom_margin=\u00bb||28px|||\u00bb header_2_font_size_tablet=\u00bb30px\u00bb header_2_font_size_phone=\u00bb24px\u00bb header_2_font_size_last_edited=\u00bbon|phone\u00bb global_colors_info=\u00bb{}\u00bb]<h2>VOLONTARIAT<\/h2>\n<p>Tropica Verde no tiene un programa expl\u00edcito de voluntariado. Dependiendo de si hay una necesidad espec\u00edfica en uno de nuestros proyectos en Costa Rica o en la oficina de informaci\u00f3n en Alemania, podemos intentar apoyar un programa de voluntariado durante un determinado periodo de tiempo. Env\u00eda tu solicitud a trav\u00e9s de nuestro formulario. Nos interesa la duraci\u00f3n, el inter\u00e9s principal, el CV y la motivaci\u00f3n. Nos pondremos en contacto contigo lo antes posible.  <\/p>[\/et_pb_text][et_pb_button button_url=\u00bbhttps:\/\/tropica-verde.de\/es\/ayudardonar\/voluntariado-y-voluntariado\/\u00bb button_text=\u00bbSOLICITA AHORA\u00bb _builder_version=\u00bb4.27.4&#8243; _module_preset=\u00bb70b994c3-2b68-43f9-baa1-aee328fdc428&#8243; button_border_color=\u00bbRGBA(0,0,0,0)\u00bb custom_margin=\u00bb||||false|false\u00bb global_colors_info=\u00bb{}\u00bb][\/et_pb_button][\/et_pb_column][et_pb_column type=\u00bb1_5&#8243; _builder_version=\u00bb4.16&#8243; _module_preset=\u00bbdefault\u00bb global_colors_info=\u00bb{}\u00bb][et_pb_testimonial author=\u00bbBastienne y Freya\u00bb url_new_window=\u00bbon\u00bb portrait_url=\u00bbhttps:\/\/tropica-verde.de\/wp-content\/uploads\/2023\/10\/Foto-Freya-und-Bastienne.jpg\u00bb quote_icon_color=\u00bb#575656&#8243; quote_icon_background_color=\u00bbRGBA(0,0,0,0)\u00bb _builder_version=\u00bb4.16&#8243; _module_preset=\u00bbdefault\u00bb body_text_align=\u00bbcenter\u00bb body_font_size=\u00bb16px\u00bb author_text_align=\u00bbcenter\u00bb author_font_size=\u00bb16px\u00bb author_line_height=\u00bb1.4em\u00bb text_orientation=\u00bbcenter\u00bb module_alignment=\u00bbcenter\u00bb max_height=\u00bb1000px\u00bb custom_margin=\u00bb||||false|false\u00bb custom_padding=\u00bb32px|18px|32px|18px|false|false\u00bb link_option_url=\u00bbhttps:\/\/tropica-verde.de\/interview-volontariat\/\u00bb link_option_url_new_window=\u00bbon\u00bb author_font_size_tablet=\u00bb\u00bb author_font_size_phone=\u00bb\u00bb author_font_size_last_edited=\u00bbon|phone\u00bb border_color_all=\u00bbRGBA(0,0,0,0)\u00bb global_colors_info=\u00bb{}\u00bb]<p style=\"text-align: center;\"><a href=\"https:\/\/tropica-verde.de\/es\/entrevista-como-fue-ser-voluntario-en-costa-rica\/\" target=\"_blank\" rel=\"noopener\">M\u00e1s informaci\u00f3n sobre el voluntariado en Costa Rica en<\/a><\/p>[\/et_pb_testimonial][\/et_pb_column][\/et_pb_row][et_pb_row column_structure=\u00bb1_4,1_4,1_4,1_4&#8243; custom_padding_last_edited=\u00bbon|desktop\u00bb _builder_version=\u00bb4.23.1&#8243; _module_preset=\u00bbdefault\u00bb background_enable_color=\u00bboff\u00bb min_height=\u00bb355.1px\u00bb custom_margin=\u00bb-25px|auto|0px|auto|false|false\u00bb custom_padding=\u00bb94px||0px||false|false\u00bb custom_padding_tablet=\u00bb||0px||false|false\u00bb custom_padding_phone=\u00bb0px|0px|0px|0px|false|false\u00bb global_module=\u00bb244553&#8243; global_colors_info=\u00bb{}\u00bb][et_pb_column type=\u00bb1_4&#8243; _builder_version=\u00bb4.23.1&#8243; _module_preset=\u00bbdefault\u00bb global_colors_info=\u00bb{}\u00bb][et_pb_image src=\u00bbhttps:\/\/tropica-verde.de\/wp-content\/uploads\/2024\/06\/Zasob-10.svg\u00bb title_text=\u00bbZas\u00f3b 10&#8243; url=\u00bbhttps:\/\/tropica-verde.de\/es\/ayudardonar\/#spenden\u00bb align=\u00bbcenter\u00bb _builder_version=\u00bb4.23.1&#8243; _module_preset=\u00bbdefault\u00bb max_width=\u00bb220px\u00bb global_colors_info=\u00bb{}\u00bb][\/et_pb_image][et_pb_text _builder_version=\u00bb4.23.1&#8243; _module_preset=\u00bb148b6e92-2377-47ed-a4d0-f5bd97198ef5&#8243; text_text_color=\u00bb#ffffff\u00bb header_text_color=\u00bb#006B46&#8243; header_font_size=\u00bb36px\u00bb header_2_text_color=\u00bb#006B46&#8243; header_2_font_size=\u00bb36px\u00bb header_3_font=\u00bbSource Sans 3|700|||||||\u00bb header_3_text_align=\u00bbcenter\u00bb header_3_text_color=\u00bb#575656&#8243; header_3_font_size=\u00bb24px\u00bb header_font_size_tablet=\u00bb30px\u00bb header_font_size_phone=\u00bb24px\u00bb header_font_size_last_edited=\u00bbon|phone\u00bb header_2_font_size_tablet=\u00bb30px\u00bb header_2_font_size_phone=\u00bb24px\u00bb header_2_font_size_last_edited=\u00bbon|desktop\u00bb header_3_font_size_tablet=\u00bb20px\u00bb header_3_font_size_phone=\u00bb18px\u00bb header_3_font_size_last_edited=\u00bbon|phone\u00bb global_colors_info=\u00bb{}\u00bb]<h3>Haz un donativo<\/h3>[\/et_pb_text][\/et_pb_column][et_pb_column type=\u00bb1_4&#8243; _builder_version=\u00bb4.23.1&#8243; _module_preset=\u00bbdefault\u00bb global_colors_info=\u00bb{}\u00bb][et_pb_image src=\u00bbhttps:\/\/tropica-verde.de\/wp-content\/uploads\/2024\/07\/image-2.svg\u00bb title_text=\u00bbimagen-2&#8243; url=\u00bbhttps:\/\/tropica-verde.de\/es\/ayudardonar\/#mitglied\u00bb align=\u00bbcenter\u00bb admin_label=\u00bbImage\u00bb _builder_version=\u00bb4.23.1&#8243; _module_preset=\u00bbdefault\u00bb max_width=\u00bb220px\u00bb global_colors_info=\u00bb{}\u00bb][\/et_pb_image][et_pb_text _builder_version=\u00bb4.23.1&#8243; _module_preset=\u00bb148b6e92-2377-47ed-a4d0-f5bd97198ef5&#8243; text_text_color=\u00bb#ffffff\u00bb header_text_color=\u00bb#006B46&#8243; header_font_size=\u00bb36px\u00bb header_2_text_color=\u00bb#006B46&#8243; header_2_font_size=\u00bb36px\u00bb header_3_font=\u00bbSource Sans 3|700|||||||\u00bb header_3_text_align=\u00bbcenter\u00bb header_3_text_color=\u00bb#575656&#8243; header_3_font_size=\u00bb24px\u00bb header_font_size_tablet=\u00bb30px\u00bb header_font_size_phone=\u00bb24px\u00bb header_font_size_last_edited=\u00bbon|phone\u00bb header_2_font_size_tablet=\u00bb30px\u00bb header_2_font_size_phone=\u00bb24px\u00bb header_2_font_size_last_edited=\u00bbon|desktop\u00bb header_3_font_size_tablet=\u00bb20px\u00bb header_3_font_size_phone=\u00bb18px\u00bb header_3_font_size_last_edited=\u00bbon|phone\u00bb global_colors_info=\u00bb{}\u00bb]<h3><br>\u00a1Hazte miembro de !<\/h3>[\/et_pb_text][\/et_pb_column][et_pb_column type=\u00bb1_4&#8243; _builder_version=\u00bb4.23.1&#8243; _module_preset=\u00bbdefault\u00bb global_colors_info=\u00bb{}\u00bb][et_pb_image src=\u00bbhttps:\/\/tropica-verde.de\/wp-content\/uploads\/2024\/07\/image-3.svg\u00bb title_text=\u00bbimagen-3&#8243; url=\u00bbhttps:\/\/tropica-verde.de\/es\/ayudardonar\/voluntariado-y-voluntariado\/\u00bb align=\u00bbcenter\u00bb admin_label=\u00bbImage\u00bb _builder_version=\u00bb4.27.4&#8243; _module_preset=\u00bbdefault\u00bb max_width=\u00bb220px\u00bb global_colors_info=\u00bb{}\u00bb][\/et_pb_image][et_pb_text _builder_version=\u00bb4.23.1&#8243; _module_preset=\u00bb148b6e92-2377-47ed-a4d0-f5bd97198ef5&#8243; text_text_color=\u00bb#ffffff\u00bb header_text_color=\u00bb#006B46&#8243; header_font_size=\u00bb36px\u00bb header_2_text_color=\u00bb#006B46&#8243; header_2_font_size=\u00bb36px\u00bb header_3_font=\u00bbSource Sans 3|700|||||||\u00bb header_3_text_align=\u00bbcenter\u00bb header_3_text_color=\u00bb#575656&#8243; header_3_font_size=\u00bb24px\u00bb header_font_size_tablet=\u00bb30px\u00bb header_font_size_phone=\u00bb24px\u00bb header_font_size_last_edited=\u00bbon|phone\u00bb header_2_font_size_tablet=\u00bb30px\u00bb header_2_font_size_phone=\u00bb24px\u00bb header_2_font_size_last_edited=\u00bbon|desktop\u00bb header_3_font_size_tablet=\u00bb20px\u00bb header_3_font_size_phone=\u00bb18px\u00bb header_3_font_size_last_edited=\u00bbon|phone\u00bb global_colors_info=\u00bb{}\u00bb]<h3>\u00a1Act\u00faa como voluntario!<\/h3>[\/et_pb_text][\/et_pb_column][et_pb_column type=\u00bb1_4&#8243; _builder_version=\u00bb4.23.1&#8243; _module_preset=\u00bbdefault\u00bb global_colors_info=\u00bb{}\u00bb][et_pb_image src=\u00bbhttps:\/\/tropica-verde.de\/wp-content\/uploads\/2024\/07\/image-4.svg\u00bb title_text=\u00bbimagen-4&#8243; align=\u00bbcenter\u00bb admin_label=\u00bbImage\u00bb _builder_version=\u00bb4.23.1&#8243; _module_preset=\u00bbdefault\u00bb max_width=\u00bb220px\u00bb global_colors_info=\u00bb{}\u00bb][\/et_pb_image][et_pb_text _builder_version=\u00bb4.23.1&#8243; _module_preset=\u00bb148b6e92-2377-47ed-a4d0-f5bd97198ef5&#8243; text_text_color=\u00bb#ffffff\u00bb header_text_color=\u00bb#006B46&#8243; header_font_size=\u00bb36px\u00bb header_2_text_color=\u00bb#006B46&#8243; header_2_font_size=\u00bb36px\u00bb header_3_font=\u00bbSource Sans 3|700|||||||\u00bb header_3_text_align=\u00bbcenter\u00bb header_3_text_color=\u00bb#575656&#8243; header_3_font_size=\u00bb24px\u00bb header_font_size_tablet=\u00bb30px\u00bb header_font_size_phone=\u00bb24px\u00bb header_font_size_last_edited=\u00bbon|phone\u00bb header_2_font_size_tablet=\u00bb30px\u00bb header_2_font_size_phone=\u00bb24px\u00bb header_2_font_size_last_edited=\u00bbon|desktop\u00bb header_3_font_size_tablet=\u00bb20px\u00bb header_3_font_size_phone=\u00bb18px\u00bb header_3_font_size_last_edited=\u00bbon|phone\u00bb global_colors_info=\u00bb{}\u00bb]<h3><br>\u00a1Recomi\u00e9ndanos!<\/h3>[\/et_pb_text][\/et_pb_column][\/et_pb_row][\/et_pb_section]<!-- \/wp:post-content -->","protected":false},"excerpt":{"rendered":"<p>Noreen y Bennet estaban buscando proyectos de conservaci\u00f3n de la selva tropical en Costa Rica y se toparon con Tropica Verde durante su investigaci\u00f3n. No dudaron en ponerse en contacto con ellos y en muy poco tiempo se ultim\u00f3 el plan para su estancia en Costa Rica. Tropica Verde hizo todo lo posible para organizar un buen voluntariado. Y lo consiguieron.   <\/p>\n","protected":false},"author":5,"featured_media":247848,"comment_status":"closed","ping_status":"open","sticky":false,"template":"","format":"standard","meta":{"_et_pb_use_builder":"on","_et_pb_old_content":"","_et_gb_content_width":"","inline_featured_image":false,"footnotes":""},"categories":[207,205],"tags":[362,161,361,303,306,401],"class_list":["post-247896","post","type-post","status-publish","format-standard","has-post-thumbnail","hentry","category-finca-curre-es","category-testimonios","tag-asoguabo-es","tag-educacion-medioambiental","tag-finca-curre-es","tag-projektuebergreifend","tag-proyectos-cruzados","tag-volontariat"],"_links":{"self":[{"href":"https:\/\/tropica-verde.de\/es\/wp-json\/wp\/v2\/posts\/247896","targetHints":{"allow":["GET"]}}],"collection":[{"href":"https:\/\/tropica-verde.de\/es\/wp-json\/wp\/v2\/posts"}],"about":[{"href":"https:\/\/tropica-verde.de\/es\/wp-json\/wp\/v2\/types\/post"}],"author":[{"embeddable":true,"href":"https:\/\/tropica-verde.de\/es\/wp-json\/wp\/v2\/users\/5"}],"replies":[{"embeddable":true,"href":"https:\/\/tropica-verde.de\/es\/wp-json\/wp\/v2\/comments?post=247896"}],"version-history":[{"count":11,"href":"https:\/\/tropica-verde.de\/es\/wp-json\/wp\/v2\/posts\/247896\/revisions"}],"predecessor-version":[{"id":249649,"href":"https:\/\/tropica-verde.de\/es\/wp-json\/wp\/v2\/posts\/247896\/revisions\/249649"}],"wp:featuredmedia":[{"embeddable":true,"href":"https:\/\/tropica-verde.de\/es\/wp-json\/wp\/v2\/media\/247848"}],"wp:attachment":[{"href":"https:\/\/tropica-verde.de\/es\/wp-json\/wp\/v2\/media?parent=247896"}],"wp:term":[{"taxonomy":"category","embeddable":true,"href":"https:\/\/tropica-verde.de\/es\/wp-json\/wp\/v2\/categories?post=247896"},{"taxonomy":"post_tag","embeddable":true,"href":"https:\/\/tropica-verde.de\/es\/wp-json\/wp\/v2\/tags?post=247896"}],"curies":[{"name":"wp","href":"https:\/\/api.w.org\/{rel}","templated":true}]}}