{"id":247803,"date":"2025-05-27T05:23:20","date_gmt":"2025-05-27T03:23:20","guid":{"rendered":"https:\/\/tropica-verde.de\/biocarbon-voluntariado-para-la-proteccion-del-clima-a-partir-de-residuos-vegetales\/"},"modified":"2025-10-28T20:11:59","modified_gmt":"2025-10-28T18:11:59","slug":"biocarbon-voluntariado-para-la-proteccion-del-clima-a-partir-de-residuos-vegetales","status":"publish","type":"post","link":"https:\/\/tropica-verde.de\/es\/biocarbon-voluntariado-para-la-proteccion-del-clima-a-partir-de-residuos-vegetales\/","title":{"rendered":"Biocarb\u00f3n: protecci\u00f3n del clima a partir de residuos vegetales"},"content":{"rendered":"[et_pb_section fb_built=\u00bb1&#8243; admin_label=\u00bbsection\u00bb _builder_version=\u00bb4.16&#8243; min_height=\u00bb2752.1px\u00bb custom_padding=\u00bb21px||0px|||\u00bb global_colors_info=\u00bb{}\u00bb][et_pb_row admin_label=\u00bbfila\u00bb _builder_version=\u00bb4.23.1&#8243; background_size=\u00bbinitial\u00bb background_position=\u00bbtop_left\u00bb background_repeat=\u00bbrepeat\u00bb custom_margin=\u00bb-34px|auto|-42px|auto||\u00bb custom_padding=\u00bb0px||28px|||\u00bb global_colors_info=\u00bb{}\u00bb][et_pb_column type=\u00bb4_4&#8243; _builder_version=\u00bb4.16&#8243; custom_padding=\u00bb|||\u00bb global_colors_info=\u00bb{}\u00bb custom_padding__hover=\u00bb|||\u00bb][et_pb_text admin_label=\u00bbText\u00bb _builder_version=\u00bb4.27.4&#8243; background_size=\u00bbinitial\u00bb background_position=\u00bbtop_left\u00bb background_repeat=\u00bbrepeat\u00bb custom_margin=\u00bb13px||3px|||\u00bb custom_padding=\u00bb34px||0px|||\u00bb global_colors_info=\u00bb{}\u00bb]<h2><strong data-start=\"152\" data-end=\"222\">Biocarb\u00f3n - C\u00f3mo el biocarb\u00f3n mejora los suelos y protege el clima<\/strong><\/h2>\r\n<p data-start=\"224\" data-end=\"570\"><strong data-start=\"224\" data-end=\"314\">\u00bfConvertir residuos vegetales en valioso carb\u00f3n vegetal y hacer algo por el clima al mismo tiempo?<\/strong> Esto es exactamente lo que el biocarb\u00f3n, tambi\u00e9n conocido como biochar, hace posible. <strong data-start=\"880\" data-end=\"983\">Este potencial se hizo especialmente tangible para nuestros voluntarios de la <a href=\"https:\/\/tropica-verde.de\/es\/proyectos\/reserva-finca-curre\/\" target=\"_blank\" rel=\"noopener\">Finca Curr\u00e9, cerca de Thierry<\/a><\/strong>, en la regi\u00f3n de Puerto Viejo, en Costa Rica.<\/p>\r\n<p data-start=\"1030\" data-end=\"1508\">In situ, aprendieron sobre la producci\u00f3n pr\u00e1ctica de Biocarb\u00f3n: desde la recogida de biomasa adecuada hasta la pir\u00f3lisis y la activaci\u00f3n con sustancias naturales. La atenci\u00f3n se centr\u00f3 no s\u00f3lo en el proceso t\u00e9cnico, sino tambi\u00e9n en la comprensi\u00f3n del significado ecol\u00f3gico, y en el contacto directo con la naturaleza tropical y las partes interesadas locales. <\/p>\r\n<p data-start=\"1742\" data-end=\"1981\">Las experiencias in situ lo demuestran de forma impresionante: <strong data-start=\"1788\" data-end=\"1853\">compartir conocimientos, implicarse, experimentarlo por ti mismo: as\u00ed es como se produce el cambio.<\/strong> El biocarb\u00f3n no es s\u00f3lo una tecnolog\u00eda, sino un s\u00edmbolo de una forma de pensar regenerativa que conecta a las personas con la naturaleza.<\/p>\r\n<p><\/p>[\/et_pb_text][\/et_pb_column][\/et_pb_row][et_pb_row column_structure=\u00bb1_2,1_2&#8243; _builder_version=\u00bb4.23.1&#8243; _module_preset=\u00bbdefault\u00bb global_colors_info=\u00bb{}\u00bb][et_pb_column type=\u00bb1_2&#8243; _builder_version=\u00bb4.23.1&#8243; _module_preset=\u00bbdefault\u00bb global_colors_info=\u00bb{}\u00bb][et_pb_text _builder_version=\u00bb4.23.1&#8243; _module_preset=\u00bbdefault\u00bb global_colors_info=\u00bb{}\u00bb]<p data-start=\"1422\" data-end=\"1551\">Doch wie genau stellt man Biochar her? Welche Rohstoffe eignen sich? Und warum sollte man die Kohle vor dem Einsatz \u201eaktivieren\u201c?<\/p>\r\n<p data-start=\"1553\" data-end=\"1583\">In diesem Artikel erf\u00e4hrst du:<\/p>\r\n<ul data-start=\"1584\" data-end=\"1749\">\r\n<li data-start=\"1584\" data-end=\"1623\">\r\n<p data-start=\"1586\" data-end=\"1623\">wie Biochar funktioniert und wirkt,<\/p>\r\n<\/li>\r\n<li data-start=\"1624\" data-end=\"1676\">\r\n<p data-start=\"1626\" data-end=\"1676\">wie sie hergestellt und richtig angewendet wird,<\/p>\r\n<\/li>\r\n<li data-start=\"1677\" data-end=\"1749\">\r\n<p data-start=\"1679\" data-end=\"1749\">und warum sie ein wichtiger Baustein f\u00fcr eine nachhaltige Zukunft ist.<\/p>\r\n<\/li>\r\n<\/ul>\r\n<p data-start=\"1751\" data-end=\"1937\">&#x1f449; <strong data-start=\"1754\" data-end=\"1937\">Lass dich inspirieren von einem einfachen, aber genialen Ansatz, der Natur, Landwirtschaft und Klima gleicherma\u00dfen n\u00fctzt \u2013 und von Menschen, die ihn mit Herzblut vor Ort umsetzen.<\/strong><\/p>[\/et_pb_text][et_pb_divider _builder_version=\u00bb4.27.4&#8243; _module_preset=\u00bbdefault\u00bb hover_enabled=\u00bb0&#8243; global_colors_info=\u00bb{}\u00bb sticky_enabled=\u00bb0&#8243;][\/et_pb_divider][et_pb_text _builder_version=\u00bb4.27.4&#8243; _module_preset=\u00bbdefault\u00bb hover_enabled=\u00bb0&#8243; global_colors_info=\u00bb{}\u00bb sticky_enabled=\u00bb0&#8243;]<h2>Descarga el informe Biochar:<\/h2>\n<ul>\n<li><a href=\"https:\/\/tropica-verde.de\/wp-content\/uploads\/2025\/07\/Biochar-Report_final_mit_namen_deutsch.pdf\" target=\"_blank\" rel=\"noopener\"><span style=\"font-size: large;\">Informe sobre el biocarb\u00f3n (alem\u00e1n, 7 p\u00e1ginas con fotos)<\/span><\/a><\/li>\n<li><a href=\"https:\/\/tropica-verde.de\/wp-content\/uploads\/2025\/07\/Biochar-Report_final_with_names_engl.pdf\" target=\"_blank\" rel=\"noopener\"><span style=\"font-size: large;\">Informe sobre el biocarb\u00f3n (ingl\u00e9s; 7 p\u00e1ginas con fotos)<\/span><\/a><\/li>\n<\/ul>\n<p>&nbsp;<\/p>[\/et_pb_text][\/et_pb_column][et_pb_column type=\u00bb1_2&#8243; _builder_version=\u00bb4.23.1&#8243; _module_preset=\u00bbdefault\u00bb global_colors_info=\u00bb{}\u00bb][et_pb_text _builder_version=\u00bb4.27.4&#8243; _module_preset=\u00bbdefault\u00bb background_color=\u00bb#B6D79F\u00bb custom_padding=\u00bb20px|20px|20px|20px|false|false\u00bb global_colors_info=\u00bb{}\u00bb]<h2 data-start=\"82\" data-end=\"135\" style=\"text-align: center;\"><strong data-start=\"86\" data-end=\"135\">\u00bfQu\u00e9 es el biocarb\u00f3n?<\/strong><\/h2>\r\n<p data-start=\"137\" data-end=\"535\" style=\"text-align: center;\">El <strong data-start=\"167\" data-end=\"184\">biocarb\u00f3n<\/strong> es un material rico en carbono que se produce por <strong data-start=\"245\" data-end=\"257\">pir\u00f3lisis de<\/strong> biomasa org\u00e1nica, como madera, residuos vegetales o esti\u00e9rcol, en ausencia de ox\u00edgeno. A diferencia del carb\u00f3n vegetal convencional, el biocarb\u00f3n <strong data-start=\"411\" data-end=\"430\">no se quema<\/strong>, sino que se utiliza principalmente para <strong data-start=\"454\" data-end=\"475\">mejorar el suelo<\/strong>, <strong data-start=\"477\" data-end=\"499\">capturar carbono<\/strong> y <strong data-start=\"507\" data-end=\"523\" data-is-only-node=\"\">proteger el medio ambiente<\/strong>. <\/p>\r\n<p data-start=\"537\" data-end=\"921\" style=\"text-align: center;\">Gracias a su estructura porosa, el biocarb\u00f3n mejora la <strong data-start=\"588\" data-end=\"633\">retenci\u00f3n de agua y nutrientes en el suelo<\/strong>, favorece la vida del suelo y puede ayudar a <strong data-start=\"679\" data-end=\"731\">reducir permanentemente los niveles de CO\u2082 en la atm\u00f3sfera<\/strong>. Tambi\u00e9n se utiliza en <strong data-start=\"766\" data-end=\"781\">ganader\u00eda<\/strong>, <strong data-start=\"783\" data-end=\"807\">tratamiento de aguas residuales<\/strong> y <strong data-start=\"816\" data-end=\"839\">econom\u00eda circular<\/strong>. El biocarb\u00f3n se considera una medida prometedora en la lucha contra el cambio clim\u00e1tico.  <\/p>\r\n<p style=\"text-align: center;\"><\/p>[\/et_pb_text][\/et_pb_column][\/et_pb_row][et_pb_row column_structure=\u00bb1_4,1_4,1_4,1_4&#8243; custom_padding_last_edited=\u00bbon|desktop\u00bb _builder_version=\u00bb4.23.1&#8243; _module_preset=\u00bbdefault\u00bb background_enable_color=\u00bboff\u00bb min_height=\u00bb355.1px\u00bb custom_margin=\u00bb-25px|auto|0px|auto|false|false\u00bb custom_padding=\u00bb94px||0px||false|false\u00bb custom_padding_tablet=\u00bb||0px||false|false\u00bb custom_padding_phone=\u00bb0px|0px|0px|0px|false|false\u00bb global_module=\u00bb244553&#8243; global_colors_info=\u00bb{}\u00bb][et_pb_column type=\u00bb1_4&#8243; _builder_version=\u00bb4.23.1&#8243; _module_preset=\u00bbdefault\u00bb global_colors_info=\u00bb{}\u00bb][et_pb_image src=\u00bbhttps:\/\/tropica-verde.de\/wp-content\/uploads\/2024\/06\/Zasob-10.svg\u00bb title_text=\u00bbZas\u00f3b 10&#8243; url=\u00bbhttps:\/\/tropica-verde.de\/es\/ayudardonar\/#spenden\u00bb align=\u00bbcenter\u00bb _builder_version=\u00bb4.23.1&#8243; _module_preset=\u00bbdefault\u00bb max_width=\u00bb220px\u00bb global_colors_info=\u00bb{}\u00bb][\/et_pb_image][et_pb_text _builder_version=\u00bb4.23.1&#8243; _module_preset=\u00bb148b6e92-2377-47ed-a4d0-f5bd97198ef5&#8243; text_text_color=\u00bb#ffffff\u00bb header_text_color=\u00bb#006B46&#8243; header_font_size=\u00bb36px\u00bb header_2_text_color=\u00bb#006B46&#8243; header_2_font_size=\u00bb36px\u00bb header_3_font=\u00bbSource Sans 3|700|||||||\u00bb header_3_text_align=\u00bbcenter\u00bb header_3_text_color=\u00bb#575656&#8243; header_3_font_size=\u00bb24px\u00bb header_font_size_tablet=\u00bb30px\u00bb header_font_size_phone=\u00bb24px\u00bb header_font_size_last_edited=\u00bbon|phone\u00bb header_2_font_size_tablet=\u00bb30px\u00bb header_2_font_size_phone=\u00bb24px\u00bb header_2_font_size_last_edited=\u00bbon|desktop\u00bb header_3_font_size_tablet=\u00bb20px\u00bb header_3_font_size_phone=\u00bb18px\u00bb header_3_font_size_last_edited=\u00bbon|phone\u00bb global_colors_info=\u00bb{}\u00bb]<h3>Haz un donativo<\/h3>[\/et_pb_text][\/et_pb_column][et_pb_column type=\u00bb1_4&#8243; _builder_version=\u00bb4.23.1&#8243; _module_preset=\u00bbdefault\u00bb global_colors_info=\u00bb{}\u00bb][et_pb_image src=\u00bbhttps:\/\/tropica-verde.de\/wp-content\/uploads\/2024\/07\/image-2.svg\u00bb title_text=\u00bbimagen-2&#8243; url=\u00bbhttps:\/\/tropica-verde.de\/es\/ayudardonar\/#mitglied\u00bb align=\u00bbcenter\u00bb admin_label=\u00bbImage\u00bb _builder_version=\u00bb4.23.1&#8243; _module_preset=\u00bbdefault\u00bb max_width=\u00bb220px\u00bb global_colors_info=\u00bb{}\u00bb][\/et_pb_image][et_pb_text _builder_version=\u00bb4.23.1&#8243; _module_preset=\u00bb148b6e92-2377-47ed-a4d0-f5bd97198ef5&#8243; text_text_color=\u00bb#ffffff\u00bb header_text_color=\u00bb#006B46&#8243; header_font_size=\u00bb36px\u00bb header_2_text_color=\u00bb#006B46&#8243; header_2_font_size=\u00bb36px\u00bb header_3_font=\u00bbSource Sans 3|700|||||||\u00bb header_3_text_align=\u00bbcenter\u00bb header_3_text_color=\u00bb#575656&#8243; header_3_font_size=\u00bb24px\u00bb header_font_size_tablet=\u00bb30px\u00bb header_font_size_phone=\u00bb24px\u00bb header_font_size_last_edited=\u00bbon|phone\u00bb header_2_font_size_tablet=\u00bb30px\u00bb header_2_font_size_phone=\u00bb24px\u00bb header_2_font_size_last_edited=\u00bbon|desktop\u00bb header_3_font_size_tablet=\u00bb20px\u00bb header_3_font_size_phone=\u00bb18px\u00bb header_3_font_size_last_edited=\u00bbon|phone\u00bb global_colors_info=\u00bb{}\u00bb]<h3><br>\u00a1Hazte miembro de !<\/h3>[\/et_pb_text][\/et_pb_column][et_pb_column type=\u00bb1_4&#8243; _builder_version=\u00bb4.23.1&#8243; _module_preset=\u00bbdefault\u00bb global_colors_info=\u00bb{}\u00bb][et_pb_image src=\u00bbhttps:\/\/tropica-verde.de\/wp-content\/uploads\/2024\/07\/image-3.svg\u00bb title_text=\u00bbimagen-3&#8243; url=\u00bbhttps:\/\/tropica-verde.de\/es\/ayudardonar\/voluntariado-y-voluntariado\/\u00bb align=\u00bbcenter\u00bb admin_label=\u00bbImage\u00bb _builder_version=\u00bb4.27.4&#8243; _module_preset=\u00bbdefault\u00bb max_width=\u00bb220px\u00bb global_colors_info=\u00bb{}\u00bb][\/et_pb_image][et_pb_text _builder_version=\u00bb4.23.1&#8243; _module_preset=\u00bb148b6e92-2377-47ed-a4d0-f5bd97198ef5&#8243; text_text_color=\u00bb#ffffff\u00bb header_text_color=\u00bb#006B46&#8243; header_font_size=\u00bb36px\u00bb header_2_text_color=\u00bb#006B46&#8243; header_2_font_size=\u00bb36px\u00bb header_3_font=\u00bbSource Sans 3|700|||||||\u00bb header_3_text_align=\u00bbcenter\u00bb header_3_text_color=\u00bb#575656&#8243; header_3_font_size=\u00bb24px\u00bb header_font_size_tablet=\u00bb30px\u00bb header_font_size_phone=\u00bb24px\u00bb header_font_size_last_edited=\u00bbon|phone\u00bb header_2_font_size_tablet=\u00bb30px\u00bb header_2_font_size_phone=\u00bb24px\u00bb header_2_font_size_last_edited=\u00bbon|desktop\u00bb header_3_font_size_tablet=\u00bb20px\u00bb header_3_font_size_phone=\u00bb18px\u00bb header_3_font_size_last_edited=\u00bbon|phone\u00bb global_colors_info=\u00bb{}\u00bb]<h3>\u00a1Act\u00faa como voluntario!<\/h3>[\/et_pb_text][\/et_pb_column][et_pb_column type=\u00bb1_4&#8243; _builder_version=\u00bb4.23.1&#8243; _module_preset=\u00bbdefault\u00bb global_colors_info=\u00bb{}\u00bb][et_pb_image src=\u00bbhttps:\/\/tropica-verde.de\/wp-content\/uploads\/2024\/07\/image-4.svg\u00bb title_text=\u00bbimagen-4&#8243; align=\u00bbcenter\u00bb admin_label=\u00bbImage\u00bb _builder_version=\u00bb4.23.1&#8243; _module_preset=\u00bbdefault\u00bb max_width=\u00bb220px\u00bb global_colors_info=\u00bb{}\u00bb][\/et_pb_image][et_pb_text _builder_version=\u00bb4.23.1&#8243; _module_preset=\u00bb148b6e92-2377-47ed-a4d0-f5bd97198ef5&#8243; text_text_color=\u00bb#ffffff\u00bb header_text_color=\u00bb#006B46&#8243; header_font_size=\u00bb36px\u00bb header_2_text_color=\u00bb#006B46&#8243; header_2_font_size=\u00bb36px\u00bb header_3_font=\u00bbSource Sans 3|700|||||||\u00bb header_3_text_align=\u00bbcenter\u00bb header_3_text_color=\u00bb#575656&#8243; header_3_font_size=\u00bb24px\u00bb header_font_size_tablet=\u00bb30px\u00bb header_font_size_phone=\u00bb24px\u00bb header_font_size_last_edited=\u00bbon|phone\u00bb header_2_font_size_tablet=\u00bb30px\u00bb header_2_font_size_phone=\u00bb24px\u00bb header_2_font_size_last_edited=\u00bbon|desktop\u00bb header_3_font_size_tablet=\u00bb20px\u00bb header_3_font_size_phone=\u00bb18px\u00bb header_3_font_size_last_edited=\u00bbon|phone\u00bb global_colors_info=\u00bb{}\u00bb]<h3><br>\u00a1Recomi\u00e9ndanos!<\/h3>[\/et_pb_text][\/et_pb_column][\/et_pb_row][et_pb_row column_structure=\u00bb1_5,3_5,1_5&#8243; custom_padding_last_edited=\u00bbon|tablet\u00bb module_id=\u00bbco2&#8243; _builder_version=\u00bb4.23.1&#8243; _module_preset=\u00bbdefault\u00bb background_color=\u00bb#e9eeea\u00bb custom_margin=\u00bb44px|auto|-6px|auto||\u00bb custom_padding=\u00bb50px||50px||false|false\u00bb custom_padding_tablet=\u00bb30px||30px||false|false\u00bb custom_padding_phone=\u00bb30px||30px||false|false\u00bb global_colors_info=\u00bb{}\u00bb][et_pb_column type=\u00bb1_5&#8243; _builder_version=\u00bb4.16&#8243; _module_preset=\u00bbdefault\u00bb global_colors_info=\u00bb{}\u00bb][et_pb_code raw_content_tablet=\u00bb\u00bb raw_content_phone=\u00bb\u00bb raw_content_last_edited=\u00bbon|tablet\u00bb _builder_version=\u00bb4.16&#8243; _module_preset=\u00bbdefault\u00bb text_orientation=\u00bbright\u00bb custom_padding=\u00bb8px|||20px|false|false\u00bb text_orientation_tablet=\u00bbcenter\u00bb text_orientation_phone=\u00bb\u00bb text_orientation_last_edited=\u00bbon|phone\u00bb global_colors_info=\u00bb{}\u00bb]<span class=\"et-pb-icon\" style=\"color: #238da2; font-size: 30px;\">$<\/span>[\/et_pb_code][\/et_pb_column][et_pb_column type=\u00bb3_5&#8243; _builder_version=\u00bb4.16&#8243; _module_preset=\u00bbdefault\u00bb custom_padding_tablet=\u00bb|20px||20px|false|false\u00bb custom_padding_phone=\u00bb|20px||20px|false|false\u00bb custom_padding_last_edited=\u00bbon|tablet\u00bb global_colors_info=\u00bb{}\u00bb][et_pb_text _builder_version=\u00bb4.23.1&#8243; _module_preset=\u00bbdefault\u00bb header_2_font=\u00bbSource Sans 3|800|||||||\u00bb header_2_font_size=\u00bb36px\u00bb header_3_font_size=\u00bb24px\u00bb custom_margin=\u00bb||17px|||\u00bb header_2_font_size_tablet=\u00bb30px\u00bb header_2_font_size_phone=\u00bb24px\u00bb header_2_font_size_last_edited=\u00bbon|phone\u00bb header_3_font_size_tablet=\u00bb20px\u00bb header_3_font_size_phone=\u00bb18px\u00bb header_3_font_size_last_edited=\u00bbon|phone\u00bb global_colors_info=\u00bb{}\u00bb]<h2>COMPENSACI\u00d3N DE CO2<\/h2>\r\n<h3 class=\"serif\">\u00bfLe gustar\u00eda hacer algo por la protecci\u00f3n del clima y el medio ambiente compensando las emisiones de CO2? Entonces descubra aqu\u00ed c\u00f3mo puede proteger eficazmente el clima con Tropica Verde. <\/h3>\r\nMuy importante: para proteger el clima, la m\u00e1xima prioridad debe ser evitar las emisiones.\r\n\r\n<strong>En concreto, esto significa, entre otras cosas:  <\/strong>\r\n<ul>\r\n \t<li>Bajar la calefacci\u00f3n unos grados<\/li>\r\n \t<li>Rehabilitaci\u00f3n energ\u00e9tica de viviendas<\/li>\r\n \t<li>Retirar los aparatos el\u00e9ctricos del modo de espera<\/li>\r\n \t<li>s\u00f3lo come carne de vez en cuando<\/li>\r\n \t<li>Utilizar m\u00e1s la bicicleta o el transporte p\u00fablico y caminar<\/li>\r\n \t<li>Y mucho m\u00e1s.<\/li>\r\n<\/ul>\r\nPor desgracia, algunas acciones perjudiciales para el clima no pueden evitarse. Si quiere viajar a Costa Rica, por ejemplo, un vuelo es esencial. Aqu\u00ed es donde entra en juego una donaci\u00f3n a Tropica Verde, porque con tu donaci\u00f3n o afiliaci\u00f3n est\u00e1s haciendo una contribuci\u00f3n espec\u00edfica para limitar el CO\u2082, proteger el clima y promover la educaci\u00f3n.\r\n<h4><strong>Para proteger nuestro clima, te pedimos que hagas <em>ambas cosas<\/em>:<\/strong><\/h4>\r\n<strong>Dona<\/strong> a la <strong>conservaci\u00f3n de la selva tropical y<\/strong> <strong>ahorra<\/strong> <strong>emisiones de gases de efecto invernadero<\/strong> siempre que sea posible. Para m\u00e1s consejos sobre comportamientos respetuosos con el clima y la selva tropical, dir\u00edgete, por ejemplo, a <a href=\"https:\/\/www.nabu.de\/natur-und-landschaft\/waelder\/18882.html\" target=\"_blank\" rel=\"noopener nofollow\">NABU<\/a>.\r\n\r\nAprovechamos la ocasi\u00f3n para se\u00f1alar que Tropica Verde <u>no<\/u> hace publicidad ni vende compensaciones cl\u00e1sicas de<sub>CO2<\/sub>. Las empresas suelen citar la compensaci\u00f3n de CO\u2082 como medida ecol\u00f3gica para mejorar su imagen. Hay que tener en cuenta muchos factores cuando se trata de la indemnizaci\u00f3n por CO\u2082. La indemnizaci\u00f3n por CO\u2082 sigue siendo un tema muy debatido. Quien dona a Tropica Verde no est\u00e1 compensando, sino apoyando proyectos de protecci\u00f3n del clima en general.\r\n<a href=\"https:\/\/tropica-verde.de\/es\/ayudardonar\/compensacion-de-co2\/\">M\u00e1s informaci\u00f3n<\/a>[\/et_pb_text][et_pb_button button_url=\u00bbhttps:\/\/tropica-verde.de\/es\/ayudardonar\/compensacion-de-co2\/\u00bb url_new_window=\u00bbon\u00bb button_text=\u00bbEmisiones de CO2 CALCULAR Y DONAR\u00bb button_alignment=\u00bbleft\u00bb _builder_version=\u00bb4.23.1&#8243; _module_preset=\u00bb70b994c3-2b68-43f9-baa1-aee328fdc428&#8243; button_border_color=\u00bbRGBA(0,0,0,0)\u00bb custom_margin=\u00bb||||false|false\u00bb global_colors_info=\u00bb{}\u00bb][\/et_pb_button][\/et_pb_column][et_pb_column type=\u00bb1_5&#8243; _builder_version=\u00bb4.16&#8243; _module_preset=\u00bbdefault\u00bb global_colors_info=\u00bb{}\u00bb][\/et_pb_column][\/et_pb_row][\/et_pb_section]<!-- \/wp:post-content -->","protected":false},"excerpt":{"rendered":"<p>Biocarb\u00f3n - C\u00f3mo el biocarb\u00f3n mejora los suelos y protege el clima \u00bfConvertir residuos vegetales en valioso carb\u00f3n vegetal y hacer algo por el clima al mismo tiempo? Esto es exactamente lo que el biocarb\u00f3n, tambi\u00e9n conocido como biochar, hace posible. Este potencial se hizo especialmente tangible para nuestros voluntarios de la Finca Curr\u00e9, cerca [&hellip;]<\/p>\n","protected":false},"author":5,"featured_media":247781,"comment_status":"closed","ping_status":"open","sticky":false,"template":"","format":"standard","meta":{"_et_pb_use_builder":"on","_et_pb_old_content":"","_et_gb_content_width":"","inline_featured_image":false,"footnotes":""},"categories":[207,225,226,205],"tags":[399,158,161,398,349,351,354],"class_list":["post-247803","post","type-post","status-publish","format-standard","has-post-thumbnail","hentry","category-finca-curre-es","category-ods-12-consumo-y-produccion-sostenibles","category-ods-13-accion-por-el-clima","category-testimonios","tag-aufforstung","tag-costa-rica-es","tag-educacion-medioambiental","tag-fortschritt","tag-ods","tag-projekte","tag-proyectos"],"_links":{"self":[{"href":"https:\/\/tropica-verde.de\/es\/wp-json\/wp\/v2\/posts\/247803","targetHints":{"allow":["GET"]}}],"collection":[{"href":"https:\/\/tropica-verde.de\/es\/wp-json\/wp\/v2\/posts"}],"about":[{"href":"https:\/\/tropica-verde.de\/es\/wp-json\/wp\/v2\/types\/post"}],"author":[{"embeddable":true,"href":"https:\/\/tropica-verde.de\/es\/wp-json\/wp\/v2\/users\/5"}],"replies":[{"embeddable":true,"href":"https:\/\/tropica-verde.de\/es\/wp-json\/wp\/v2\/comments?post=247803"}],"version-history":[{"count":11,"href":"https:\/\/tropica-verde.de\/es\/wp-json\/wp\/v2\/posts\/247803\/revisions"}],"predecessor-version":[{"id":249637,"href":"https:\/\/tropica-verde.de\/es\/wp-json\/wp\/v2\/posts\/247803\/revisions\/249637"}],"wp:featuredmedia":[{"embeddable":true,"href":"https:\/\/tropica-verde.de\/es\/wp-json\/wp\/v2\/media\/247781"}],"wp:attachment":[{"href":"https:\/\/tropica-verde.de\/es\/wp-json\/wp\/v2\/media?parent=247803"}],"wp:term":[{"taxonomy":"category","embeddable":true,"href":"https:\/\/tropica-verde.de\/es\/wp-json\/wp\/v2\/categories?post=247803"},{"taxonomy":"post_tag","embeddable":true,"href":"https:\/\/tropica-verde.de\/es\/wp-json\/wp\/v2\/tags?post=247803"}],"curies":[{"name":"wp","href":"https:\/\/api.w.org\/{rel}","templated":true}]}}