{"id":247747,"date":"2025-05-27T02:44:24","date_gmt":"2025-05-27T00:44:24","guid":{"rendered":"https:\/\/tropica-verde.de\/los-voluntarios-marcan-la-diferencia-wolfgang-en-una-entrevista\/"},"modified":"2025-10-28T20:10:05","modified_gmt":"2025-10-28T18:10:05","slug":"los-voluntarios-marcan-la-diferencia-wolfgang-en-una-entrevista","status":"publish","type":"post","link":"https:\/\/tropica-verde.de\/es\/los-voluntarios-marcan-la-diferencia-wolfgang-en-una-entrevista\/","title":{"rendered":"Los voluntarios marcan la diferencia: Wolfgang en una entrevista"},"content":{"rendered":"[et_pb_section fb_built=\u00bb1&#8243; admin_label=\u00bbsection\u00bb _builder_version=\u00bb4.16&#8243; min_height=\u00bb2728.1px\u00bb custom_padding=\u00bb2px|||||\u00bb global_colors_info=\u00bb{}\u00bb][et_pb_row admin_label=\u00bbfila\u00bb _builder_version=\u00bb4.16&#8243; background_size=\u00bbinitial\u00bb background_position=\u00bbtop_left\u00bb background_repeat=\u00bbrepeat\u00bb custom_margin=\u00bb|auto|-43px|auto||\u00bb custom_padding=\u00bb0px|||||\u00bb global_colors_info=\u00bb{}\u00bb][et_pb_column type=\u00bb4_4&#8243; _builder_version=\u00bb4.16&#8243; custom_padding=\u00bb|||\u00bb global_colors_info=\u00bb{}\u00bb custom_padding__hover=\u00bb|||\u00bb][et_pb_text _builder_version=\u00bb4.23.1&#8243; _module_preset=\u00bbdefault\u00bb global_colors_info=\u00bb{}\u00bb]<h2 style=\"text-align: left;\">Miembro antiguo y voluntario de todo coraz\u00f3n<\/h2>\n<p style=\"text-align: left;\"><span style=\"font-size: medium;\"><span style=\"color: #575656; font-family: 'Source Sans Pro', sans-serif;\">Wolfgang Schmitt lleva mucho tiempo trabajando para Tropica Verde. Es miembro, form\u00f3 parte de la junta directiva, conoce los proyectos in situ en Costa Rica y los asuntos de la organizaci\u00f3n en Alemania. Tiene mucho que contar sobre Tropica Verde.    <\/span><\/span><\/p>[\/et_pb_text][et_pb_image src=\u00bbhttps:\/\/tropica-verde.de\/wp-content\/uploads\/2025\/05\/2014-in-Ostional.jpg\u00bb alt=\u00bbColaboradora de educaci\u00f3n medioambiental Ariana Oporta McCarthy\u00bb title_text=\u00bbWolfgang Schmidt en Ostional en 2014&#8243; _builder_version=\u00bb4.27.4&#8243; _module_preset=\u00bbdefault\u00bb global_colors_info=\u00bb{}\u00bb][\/et_pb_image][et_pb_text admin_label=\u00bbText\u00bb _builder_version=\u00bb4.23.1&#8243; background_size=\u00bbinitial\u00bb background_position=\u00bbtop_left\u00bb background_repeat=\u00bbrepeat\u00bb min_height=\u00bb363.4px\u00bb custom_padding=\u00bb||0px|||\u00bb global_colors_info=\u00bb{}\u00bb]<p style=\"text-align: left;\"><strong style=\"font-size: 17px;\">Wolfgang, \u00bfqu\u00e9 te motiv\u00f3 originalmente para ser voluntario en Tropica Verde?<\/strong><\/p>\n<blockquote>\n<p>Procedo de una peque\u00f1a ciudad del r\u00edo Meno, al borde del Spessart. Como agricultores autosuficientes, ten\u00edamos grandes huertos, conejos y patos, y nuestra vida estaba fuertemente marcada por las estaciones. Desde muy joven me han fascinado los animales, el bosque y la naturaleza en general. Tambi\u00e9n podr\u00eda haber imaginado una vida como guardabosques. Por supuesto, me he perdido todo esto desde que vivo en la ciudad debido a mis estudios y mi trabajo. Pero el anhelo y la necesidad siempre permanecieron: hacer algo contra la destrucci\u00f3n de la naturaleza y por unas buenas condiciones de vida para todos nosotros, ser activo.<br>Por tanto, mi motivaci\u00f3n para trabajar con Tropica Verde ten\u00eda razones muy sencillas:    <\/p>\n<ul>\n<li>Proteger las selvas tropicales,<\/li>\n<li>Reforestaci\u00f3n y conservaci\u00f3n de especies en Costa Rica, por lo que sent\u00eda mucha curiosidad,<\/li>\n<li>un club peque\u00f1o y manejable aqu\u00ed en Frankfurt<\/li>\n<li>y mis conocimientos de espa\u00f1ol.<\/li>\n<\/ul>\n<\/blockquote>\n<p><\/p>[\/et_pb_text][\/et_pb_column][\/et_pb_row][et_pb_row _builder_version=\u00bb4.23.1&#8243; _module_preset=\u00bbdefault\u00bb global_colors_info=\u00bb{}\u00bb][et_pb_column type=\u00bb4_4&#8243; _builder_version=\u00bb4.23.1&#8243; _module_preset=\u00bbdefault\u00bb global_colors_info=\u00bb{}\u00bb][et_pb_text _builder_version=\u00bb4.23.1&#8243; _module_preset=\u00bbdefault\u00bb custom_padding=\u00bb||0px|||\u00bb global_colors_info=\u00bb{}\u00bb]<p><strong>\u00bfPuedes contarnos alguna an\u00e9cdota especialmente memorable o divertida de tu paso por Tropica Verde?<\/strong><\/p>\n<blockquote>\n<p>Por supuesto, mis tres visitas a nuestros proyectos in situ en 2011, 2012 y 2014 fueron memorables, las discusiones y el contacto con nuestros socios de proyecto, el intento de intensificar la cooperaci\u00f3n y resolver problemas y, por supuesto, las experiencias en la selva tropical, junto al mar y en los viajes por tierra.<\/p>\n<\/blockquote>\n<p><strong>\u00bfC\u00f3mo ha cambiado tu perspectiva sobre la selva tropical y sus habitantes a lo largo de los a\u00f1os?<\/strong><\/p>\n<blockquote>\n<p>Para m\u00ed, los bosques tropicales de Costa Rica son aut\u00e9nticas maravillas en cuanto a biodiversidad vegetal y animal, una aventura personal, pero sobre todo su insustituible contribuci\u00f3n al clima global.<br>He aprendido que protegerlos requiere mucha paciencia, perseverancia y tiempo para alcanzar objetivos comunes. La gente de all\u00ed es encantadora, pero tiene su propio ritmo. Adem\u00e1s, las leyes ejemplares de protecci\u00f3n del medio ambiente, por desgracia, a menudo no son aplicadas de forma coherente por las autoridades estatales locales.  <\/p>\n<\/blockquote>[\/et_pb_text][\/et_pb_column][\/et_pb_row][et_pb_row column_structure=\u00bb1_2,1_2&#8243; _builder_version=\u00bb4.27.4&#8243; _module_preset=\u00bbdefault\u00bb global_colors_info=\u00bb{}\u00bb][et_pb_column type=\u00bb1_2&#8243; _builder_version=\u00bb4.27.4&#8243; _module_preset=\u00bbdefault\u00bb global_colors_info=\u00bb{}\u00bb][et_pb_image src=\u00bbhttps:\/\/tropica-verde.de\/wp-content\/uploads\/2025\/05\/2011-mit-Lobo-scaled.jpg\u00bb alt=\u00bbLapa Verde\u00bb title_text=\u00bbWolfgang Schmidt en 2011 con Lobo en la Reserva Lapa Verde\u00bb _builder_version=\u00bb4.27.4&#8243; _module_preset=\u00bbdefault\u00bb global_colors_info=\u00bb{}\u00bb][\/et_pb_image][\/et_pb_column][et_pb_column type=\u00bb1_2&#8243; _builder_version=\u00bb4.27.4&#8243; _module_preset=\u00bbdefault\u00bb global_colors_info=\u00bb{}\u00bb][et_pb_image src=\u00bbhttps:\/\/tropica-verde.de\/wp-content\/uploads\/2025\/05\/2011-mit-Thierry-scaled.jpg\u00bb alt=\u00bbFinca Curr\u00e9\u00bb title_text=\u00bbWolfgang Schmidt en 2011 con Thierry en Finca Curr\u00e9\u00bb _builder_version=\u00bb4.27.4&#8243; _module_preset=\u00bbdefault\u00bb global_colors_info=\u00bb{}\u00bb][\/et_pb_image][\/et_pb_column][\/et_pb_row][et_pb_row _builder_version=\u00bb4.23.1&#8243; _module_preset=\u00bbdefault\u00bb custom_padding=\u00bb0px|||||\u00bb global_colors_info=\u00bb{}\u00bb][et_pb_column type=\u00bb4_4&#8243; _builder_version=\u00bb4.23.1&#8243; _module_preset=\u00bbdefault\u00bb global_colors_info=\u00bb{}\u00bb][et_pb_image src=\u00bbhttps:\/\/tropica-verde.de\/wp-content\/uploads\/2025\/05\/2014-Ostional.jpg\u00bb alt=\u00bbColaboradora de educaci\u00f3n medioambiental Ariana Oporta Tortuga McCarthy\u00bb title_text=\u00bbWolfgang Schmidt en 2014 en el famoso %22Schildkr\u00f6tenstrand%22 de Ostional\u00bb _builder_version=\u00bb4.27.4&#8243; _module_preset=\u00bbdefault\u00bb global_colors_info=\u00bb{}\u00bb][\/et_pb_image][et_pb_text _builder_version=\u00bb4.23.1&#8243; _module_preset=\u00bbdefault\u00bb custom_padding=\u00bb||0px|||\u00bb global_colors_info=\u00bb{}\u00bb]<p><strong>\u00bfCu\u00e1l fue el proyecto m\u00e1s desafiante en el que trabajaste en Tropica Verde y qu\u00e9 aprendiste de \u00e9l?<\/strong><\/p>\n<blockquote>\n<p>Uno de los mayores retos para m\u00ed fue la visita a Gandoca en 2012, donde el proyecto de tortugas WIDECAST que hab\u00edamos apoyado durante mucho tiempo se hab\u00eda derrumbado debido a irregularidades y ni las familias enfrentadas ni el responsable local del MINAE eran capaces de lanzar conjuntamente un nuevo concepto serio de conservaci\u00f3n. A sugerencia de Christine Figgener, que en aquel momento se encargaba de la conservaci\u00f3n de las tortugas en Ostional, se convoc\u00f3 una reuni\u00f3n comunitaria en la que yo, como representante de Tropica Verde, junto con Andrey, su marido de Gandoca, intentamos con lenguas de \u00e1ngel convencer a la gente de que empezaran juntos de nuevo, algo que no funcion\u00f3 en aquel momento, pero que ahora funciona bien varios a\u00f1os despu\u00e9s con el <a href=\"https:\/\/tropica-verde.de\/es\/proyectos\/tortugas-marinas-en-gandoca\/\">proyecto COAST<\/a> de Christine. <span style=\"font-size: 17px;\"> <\/span><\/p>\n<\/blockquote>\n<p><strong>\u00bfQu\u00e9 habilidades o conocimientos has adquirido a trav\u00e9s de tu trabajo voluntario que te hayan ayudado en otras \u00e1reas de tu vida?<\/strong><\/p>\n<blockquote>\n<p>En principio, se trata de las mismas habilidades que desarroll\u00e9 a diario durante mi etapa como profesora de asignatura y de clase en una escuela de formaci\u00f3n profesional, como parte de un gran equipo de profesores y como presidenta del consejo de personal, as\u00ed como la capacidad de afrontar los contratiempos de forma constructiva.<br>Por supuesto, he aprendido mucho sobre Costa Rica, nuestros proyectos y las condiciones locales, y leo regularmente \u201cLa Naci\u00f3n\u201d en Internet para mantenerme al d\u00eda.<\/p>\n<\/blockquote>\n<p><strong>\u00bfHay alg\u00fan momento en el que te sientas especialmente orgulloso del trabajo de Tropica Verde?<\/strong><\/p>\n<blockquote>\n<p>Estoy orgullosa de haber conseguido y organizado nuestra certificaci\u00f3n por el DZI desde el principio. Tambi\u00e9n estoy orgullosa de los nuevos miembros que he conseguido y de los muchos contactos que he podido establecer para la organizaci\u00f3n y, en algunos casos, reactivar, como el Palmengarten, el vivero Tropica de Kriftel y el zoo. Y, por supuesto, a los donativos adicionales que he podido recaudar a trav\u00e9s de mis numerosas charlas y entrevistas.  <\/p>\n<\/blockquote>[\/et_pb_text][\/et_pb_column][\/et_pb_row][et_pb_row column_structure=\u00bb1_2,1_2&#8243; _builder_version=\u00bb4.27.4&#8243; _module_preset=\u00bbdefault\u00bb custom_padding=\u00bb||0px|||\u00bb global_colors_info=\u00bb{}\u00bb][et_pb_column type=\u00bb1_2&#8243; _builder_version=\u00bb4.27.4&#8243; _module_preset=\u00bbdefault\u00bb global_colors_info=\u00bb{}\u00bb][et_pb_image src=\u00bbhttps:\/\/tropica-verde.de\/wp-content\/uploads\/2025\/05\/2014-WolfgangKen-scaled-e1748300580619.jpg\u00bb title_text=\u00bbWolfgang Schmidt en 2014 con nuestro socio del proyecto en aquel momento, Ken\u00bb _builder_version=\u00bb4.27.4&#8243; _module_preset=\u00bbdefault\u00bb global_colors_info=\u00bb{}\u00bb][\/et_pb_image][\/et_pb_column][et_pb_column type=\u00bb1_2&#8243; _builder_version=\u00bb4.27.4&#8243; _module_preset=\u00bbdefault\u00bb global_colors_info=\u00bb{}\u00bb][et_pb_text _builder_version=\u00bb4.27.4&#8243; _module_preset=\u00bbdefault\u00bb global_colors_info=\u00bb{}\u00bb]<p><strong>\u00bfC\u00f3mo consigues que la gente se implique en la selva y el medio ambiente?<\/strong><\/p>\n<blockquote>\n<p>Viele Menschen engagieren sich ja in den unterschied-lichsten Organisationen f\u00fcr die Umwelt und den Klimaschutz, aber ehrlicherweise hat unser Verein ein Problem, Ehrenamtliche zu gewinnen und zu halten. <a href=\"https:\/\/tropica-verde.de\/es\/ayudardonar\/voluntariado-y-voluntariado\/\">Ehrenamtliche<\/a> brauchen ein festes Aufgabengebiet, das ihren Neigungen und F\u00e4higkeiten entspricht, sie brauchen pers\u00f6nliche Anerkennung, regelm\u00e4\u00dfige Treffen, Festivit\u00e4ten und Austausch. Daran m\u00fcssen wir dringend arbeiten um noch erfolgreicher zu werden.<\/p>\n<\/blockquote>[\/et_pb_text][\/et_pb_column][\/et_pb_row][et_pb_row _builder_version=\u00bb4.27.4&#8243; _module_preset=\u00bbdefault\u00bb custom_padding=\u00bb||0px|||\u00bb global_colors_info=\u00bb{}\u00bb][et_pb_column type=\u00bb4_4&#8243; _builder_version=\u00bb4.27.4&#8243; _module_preset=\u00bbdefault\u00bb global_colors_info=\u00bb{}\u00bb][et_pb_text _builder_version=\u00bb4.23.1&#8243; _module_preset=\u00bbdefault\u00bb custom_padding=\u00bb||0px|||\u00bb global_colors_info=\u00bb{}\u00bb]<p><strong>\u00bfQu\u00e9 cambios o evoluciones has experimentado en la organizaci\u00f3n a lo largo de los a\u00f1os?<\/strong><span style=\"font-size: 17px;\"> <\/span><\/p>\n<blockquote>\n<p>Desde 1989, tenemos nuestra oficina libre de alquiler en el antiguo edificio administrativo del Palmengarten, un generoso apoyo que nos ha acompa\u00f1ado durante mucho tiempo. Por desgracia, tuvimos que mudarnos en 2014, pero afortunadamente encontramos un nuevo espacio en la \u00d6kohaus, que ha sido nuestra ubicaci\u00f3n permanente desde entonces. <\/p>\n<p>Un reto particular durante muchos a\u00f1os fue cubrir el puesto de jefe de la oficina de informaci\u00f3n de forma permanente. Al principio, s\u00f3lo pod\u00edamos ofrecer un puesto a media jornada, de acuerdo con los requisitos del <a href=\"https:\/\/tropica-verde.de\/es\/quienes-somos\/dzi-sello-de-certificacion\/\">sello de donaci\u00f3n DZI<\/a> y debido a nuestros limitados recursos financieros de entonces. Una soluci\u00f3n a tiempo completo sencillamente no habr\u00eda sido viable econ\u00f3micamente en aquel momento sin tener que renunciar a proyectos importantes. En consecuencia, el puesto tuvo que cubrirse cada dos a\u00f1os aproximadamente, lo que supuso en repetidas ocasiones una amplia familiarizaci\u00f3n, con diversos grados de \u00e9xito.   <\/p>\n<p>Sin embargo, los frecuentes cambios de personal no se deb\u00edan \u00fanicamente a motivos econ\u00f3micos. Una compa\u00f1era nos dej\u00f3 porque se qued\u00f3 embarazada, otras porque quer\u00edan desarrollarse profesionalmente y a veces simplemente no encajaba. As\u00ed que las razones eran muchas y variadas: limitaciones econ\u00f3micas, fases de la vida personal, pero tambi\u00e9n expectativas diferentes de los implicados.  <\/p>\n<p>Afortunadamente, el volumen de donativos ha mejorado notablemente en los \u00faltimos a\u00f1os. Esto nos ha permitido hacer m\u00e1s atractivo el puesto a tiempo parcial, y esperamos que la experiencia y fiabilidad de Ingrith nos acompa\u00f1en a largo plazo. <\/p>\n<\/blockquote>\n<p><strong>\u00bfQu\u00e9 consejo dar\u00edas a alguien que est\u00e1 pensando en hacerse voluntario?<\/strong><\/p>\n<blockquote>\n<p><span style=\"font-size: 17px;\">Para m\u00ed, el voluntariado significa utilizar mis habilidades para los objetivos y el \u00e9xito de una asociaci\u00f3n sin remuneraci\u00f3n: al principio, en 2010, tras mi jubilaci\u00f3n, en el comit\u00e9 de la asociaci\u00f3n, despu\u00e9s durante 5 a\u00f1os en la junta directiva y desde entonces como responsable de las donaciones.<\/span><\/p>\n<p><a href=\"https:\/\/tropica-verde.de\/es\/ayudardonar\/voluntariado-y-voluntariado\/\"><span style=\"font-size: 17px;\">Mi consejo a los interesados es que respondan a las siguientes preguntas:<\/span><\/a><\/p>\n<ul>\n<li><span style=\"font-size: 17px;\">\u00bfQu\u00e9 me interesa de Tropica Verde?<\/span><\/li>\n<li>\u00bfQu\u00e9 conocimientos y habilidades puedo aportar?<\/li>\n<li>\u00bfEn qu\u00e9 tema quiero\/puedo trabajar de forma independiente?<\/li>\n<li>  \u00bfCu\u00e1nto tiempo puedo dedicarle?<\/li>\n<\/ul>\n<\/blockquote>[\/et_pb_text][\/et_pb_column][\/et_pb_row][et_pb_row column_structure=\u00bb2_5,3_5&#8243; _builder_version=\u00bb4.27.4&#8243; _module_preset=\u00bbdefault\u00bb custom_padding=\u00bb||0px|||\u00bb global_colors_info=\u00bb{}\u00bb][et_pb_column type=\u00bb2_5&#8243; _builder_version=\u00bb4.27.4&#8243; _module_preset=\u00bbdefault\u00bb global_colors_info=\u00bb{}\u00bb][et_pb_text _builder_version=\u00bb4.27.4&#8243; _module_preset=\u00bbdefault\u00bb global_colors_info=\u00bb{}\u00bb]<p><strong>Si pudieras pedir un deseo para el futuro de Tropica Verde, \u00bfcu\u00e1l ser\u00eda y por qu\u00e9?<\/strong><\/p>\n<blockquote>\n<p>Necesitamos urgentemente m\u00e1s j\u00f3venes y un soplo de aire fresco en la organizaci\u00f3n.<\/p>\n<\/blockquote>\n<blockquote><\/blockquote>\n<blockquote><\/blockquote>\n<p><span style=\"font-size: x-large;\"><em>Gracias Wolfgang por realizar esta entrevista con nosotros. \u00a1Gracias tambi\u00e9n por tu incansable apoyo a lo largo de los a\u00f1os!   <\/em> <\/span><\/p>\n<blockquote><\/blockquote>[\/et_pb_text][\/et_pb_column][et_pb_column type=\u00bb3_5&#8243; _builder_version=\u00bb4.27.4&#8243; _module_preset=\u00bbdefault\u00bb global_colors_info=\u00bb{}\u00bb][et_pb_image src=\u00bbhttps:\/\/tropica-verde.de\/wp-content\/uploads\/2025\/05\/2014-im-Centro-Jaguar-scaled.jpg\u00bb title_text=\u00bbWolfgang Schmidt en el Centro de Rescate de Jaguares cerca de Finca Curr\u00e9 en 2014&#8243; _builder_version=\u00bb4.27.4&#8243; _module_preset=\u00bbdefault\u00bb custom_margin=\u00bb|||-2px||\u00bb global_colors_info=\u00bb{}\u00bb][\/et_pb_image][\/et_pb_column][\/et_pb_row][et_pb_row _builder_version=\u00bb4.27.4&#8243; _module_preset=\u00bbdefault\u00bb global_colors_info=\u00bb{}\u00bb][et_pb_column type=\u00bb4_4&#8243; _builder_version=\u00bb4.27.4&#8243; _module_preset=\u00bbdefault\u00bb global_colors_info=\u00bb{}\u00bb][et_pb_text _builder_version=\u00bb4.27.4&#8243; _module_preset=\u00bbdefault\u00bb global_colors_info=\u00bb{}\u00bb]<p><span style=\"font-size: x-large;\"><em>Y <\/em><em><strong>Wolfgang tiene raz\u00f3n: necesitamos gente nueva a bordo. <\/strong><\/em> <\/span><\/p>\n<p><span style=\"font-size: x-large;\"><em><strong>\u00bfQuieres formar parte de nuestro equipo?  <\/strong><\/em><em><strong>Entonces solic\u00edtalo ahora:  <\/strong><\/em><\/span><\/p>[\/et_pb_text][\/et_pb_column][\/et_pb_row][et_pb_row column_structure=\u00bb1_5,3_5,1_5&#8243; custom_padding_last_edited=\u00bbon|desktop\u00bb module_id=\u00bbehrenamt\u00bb _builder_version=\u00bb4.23.1&#8243; _module_preset=\u00bbdefault\u00bb background_color=\u00bb#e9eeea\u00bb custom_padding=\u00bb50px||50px||false|false\u00bb custom_padding_tablet=\u00bb30px||30px||false|false\u00bb custom_padding_phone=\u00bb30px||30px||false|false\u00bb locked=\u00bboff\u00bb global_colors_info=\u00bb{}\u00bb][et_pb_column type=\u00bb1_5&#8243; _builder_version=\u00bb4.16&#8243; _module_preset=\u00bbdefault\u00bb global_colors_info=\u00bb{}\u00bb][et_pb_code raw_content_tablet=\u00bb<span class='et-pb-icon' style=%22color:#238da2; font-size:41px%22>=<\/span>\u00bb raw_content_phone=\u00bb\u00bb raw_content_last_edited=\u00bbon|tablet\u00bb _builder_version=\u00bb4.16&#8243; _module_preset=\u00bbdefault\u00bb text_orientation=\u00bbright\u00bb custom_padding=\u00bb8px|||20px|false|false\u00bb text_orientation_tablet=\u00bbcenter\u00bb text_orientation_phone=\u00bb\u00bb text_orientation_last_edited=\u00bbon|phone\u00bb global_colors_info=\u00bb{}\u00bb]<span class=\"et-pb-icon\" style=\"color:#238da2; font-size:30px\">$<\/span>[\/et_pb_code][\/et_pb_column][et_pb_column type=\u00bb3_5&#8243; _builder_version=\u00bb4.16&#8243; _module_preset=\u00bbdefault\u00bb custom_padding_tablet=\u00bb|20px||20px|false|false\u00bb custom_padding_phone=\u00bb|20px||20px|false|false\u00bb custom_padding_last_edited=\u00bbon|tablet\u00bb global_colors_info=\u00bb{}\u00bb][et_pb_text _builder_version=\u00bb4.23.1&#8243; _module_preset=\u00bbdefault\u00bb header_2_font=\u00bbSource Sans 3|800|||||||\u00bb header_2_font_size=\u00bb36px\u00bb header_3_font_size=\u00bb24px\u00bb custom_margin=\u00bb||17px|||\u00bb header_2_font_size_tablet=\u00bb30px\u00bb header_2_font_size_phone=\u00bb24px\u00bb header_3_font_size_tablet=\u00bb20px\u00bb header_3_font_size_phone=\u00bb18px\u00bb header_3_font_size_last_edited=\u00bbon|phone\u00bb global_colors_info=\u00bb{}\u00bb]<h2>CARGO HONOR\u00cdFICO<\/h2>\n<h3>\u00ab\u00a1Ayudar es mejor que quejarse!\u00bb. - Bajo este lema, Tropica Verde fue fundada en 1989 por un grupo de bi\u00f3logos de Fr\u00e1ncfort como organizaci\u00f3n sin \u00e1nimo de lucro para actuar contra la destrucci\u00f3n de las selvas tropicales. Si prefiere ayudar en lugar de quejarse, \u00a1estamos deseando darle la bienvenida al equipo de voluntarios! <\/h3>[\/et_pb_text][et_pb_button button_url=\u00bbhttps:\/\/tropica-verde.de\/es\/ayudardonar\/voluntariado-y-voluntariado\/\u00bb button_text=\u00bbNECESITAMOS TU APOYO EN ESTAS \u00c1REAS\u00bb _builder_version=\u00bb4.27.4&#8243; _module_preset=\u00bb70b994c3-2b68-43f9-baa1-aee328fdc428&#8243; button_border_color=\u00bbRGBA(0,0,0,0)\u00bb custom_margin=\u00bb||||false|false\u00bb global_colors_info=\u00bb{}\u00bb][\/et_pb_button][\/et_pb_column][et_pb_column type=\u00bb1_5&#8243; _builder_version=\u00bb4.16&#8243; _module_preset=\u00bbdefault\u00bb global_colors_info=\u00bb{}\u00bb][et_pb_testimonial author=\u00bbLilith\u00bb url_new_window=\u00bbon\u00bb portrait_url=\u00bbhttps:\/\/tropica-verde.de\/wp-content\/uploads\/2024\/02\/Foto_Lilith_TV_Ehrenamt-e1707836073616.jpg\u00bb quote_icon_color=\u00bb#575656&#8243; quote_icon_background_color=\u00bbRGBA(0,0,0,0)\u00bb _builder_version=\u00bb4.23.1&#8243; _module_preset=\u00bbdefault\u00bb body_text_align=\u00bbcenter\u00bb body_font_size=\u00bb16px\u00bb author_text_align=\u00bbcenter\u00bb author_font_size=\u00bb16px\u00bb author_line_height=\u00bb1.4em\u00bb text_orientation=\u00bbcenter\u00bb module_alignment=\u00bbcenter\u00bb max_height=\u00bb1000px\u00bb custom_margin=\u00bb||||false|false\u00bb custom_padding=\u00bb32px|18px|32px|18px|false|false\u00bb link_option_url=\u00bbhttps:\/\/tropica-verde.de\/interview-volontariat\/\u00bb link_option_url_new_window=\u00bbon\u00bb author_font_size_tablet=\u00bb\u00bb author_font_size_phone=\u00bb\u00bb author_font_size_last_edited=\u00bbon|phone\u00bb border_color_all=\u00bbRGBA(0,0,0,0)\u00bb global_colors_info=\u00bb{}\u00bb]<p style=\"text-align: center;\"><a href=\"https:\/\/tropica-verde.de\/es\/compromiso-con-la-selva-tropical-una-mirada-entre-bastidores-con-lilith\/\" target=\"_blank\" rel=\"noopener\">M\u00e1s informaci\u00f3n sobre el voluntariado en Alemania<\/a><\/p>[\/et_pb_testimonial][\/et_pb_column][\/et_pb_row][et_pb_row column_structure=\u00bb1_4,1_4,1_4,1_4&#8243; custom_padding_last_edited=\u00bbon|desktop\u00bb _builder_version=\u00bb4.27.4&#8243; _module_preset=\u00bbdefault\u00bb background_enable_color=\u00bboff\u00bb min_height=\u00bb355.1px\u00bb custom_margin=\u00bb3px|auto|0px|auto|false|false\u00bb custom_padding=\u00bb94px||52px||false|false\u00bb custom_padding_tablet=\u00bb||0px||false|false\u00bb custom_padding_phone=\u00bb0px|0px|0px|0px|false|false\u00bb global_module=\u00bb244553&#8243; global_colors_info=\u00bb{}\u00bb][et_pb_column type=\u00bb1_4&#8243; _builder_version=\u00bb4.23.1&#8243; _module_preset=\u00bbdefault\u00bb global_colors_info=\u00bb{}\u00bb][et_pb_image src=\u00bbhttps:\/\/tropica-verde.de\/wp-content\/uploads\/2024\/06\/Zasob-10.svg\u00bb title_text=\u00bbZas\u00f3b 10&#8243; url=\u00bbhttps:\/\/tropica-verde.de\/es\/ayudardonar\/donaciones\/\u00bb align=\u00bbcenter\u00bb _builder_version=\u00bb4.27.4&#8243; _module_preset=\u00bbdefault\u00bb max_width=\u00bb220px\u00bb global_colors_info=\u00bb{}\u00bb][\/et_pb_image][et_pb_text _builder_version=\u00bb4.23.1&#8243; _module_preset=\u00bb148b6e92-2377-47ed-a4d0-f5bd97198ef5&#8243; text_text_color=\u00bb#ffffff\u00bb header_text_color=\u00bb#006B46&#8243; header_font_size=\u00bb36px\u00bb header_2_text_color=\u00bb#006B46&#8243; header_2_font_size=\u00bb36px\u00bb header_3_font=\u00bbSource Sans 3|700|||||||\u00bb header_3_text_align=\u00bbcenter\u00bb header_3_text_color=\u00bb#575656&#8243; header_3_font_size=\u00bb24px\u00bb header_font_size_tablet=\u00bb30px\u00bb header_font_size_phone=\u00bb24px\u00bb header_font_size_last_edited=\u00bbon|phone\u00bb header_2_font_size_tablet=\u00bb30px\u00bb header_2_font_size_phone=\u00bb24px\u00bb header_2_font_size_last_edited=\u00bbon|desktop\u00bb header_3_font_size_tablet=\u00bb20px\u00bb header_3_font_size_phone=\u00bb18px\u00bb header_3_font_size_last_edited=\u00bbon|phone\u00bb global_colors_info=\u00bb{}\u00bb]<h3>Haz un donativo<\/h3>[\/et_pb_text][\/et_pb_column][et_pb_column type=\u00bb1_4&#8243; _builder_version=\u00bb4.23.1&#8243; _module_preset=\u00bbdefault\u00bb global_colors_info=\u00bb{}\u00bb][et_pb_image src=\u00bbhttps:\/\/tropica-verde.de\/wp-content\/uploads\/2024\/07\/image-2.svg\u00bb title_text=\u00bbimagen-2&#8243; url=\u00bbhttps:\/\/tropica-verde.de\/es\/ayudardonar\/afiliarse\/\u00bb align=\u00bbcenter\u00bb admin_label=\u00bbImage\u00bb _builder_version=\u00bb4.27.4&#8243; _module_preset=\u00bbdefault\u00bb max_width=\u00bb220px\u00bb global_colors_info=\u00bb{}\u00bb][\/et_pb_image][et_pb_text _builder_version=\u00bb4.27.4&#8243; _module_preset=\u00bb148b6e92-2377-47ed-a4d0-f5bd97198ef5&#8243; text_text_color=\u00bb#ffffff\u00bb header_text_color=\u00bb#006B46&#8243; header_font_size=\u00bb36px\u00bb header_2_text_color=\u00bb#006B46&#8243; header_2_font_size=\u00bb36px\u00bb header_3_font=\u00bbSource Sans 3|700|||||||\u00bb header_3_text_align=\u00bbcenter\u00bb header_3_text_color=\u00bb#575656&#8243; header_3_font_size=\u00bb24px\u00bb header_font_size_tablet=\u00bb30px\u00bb header_font_size_phone=\u00bb24px\u00bb header_font_size_last_edited=\u00bbon|phone\u00bb header_2_font_size_tablet=\u00bb30px\u00bb header_2_font_size_phone=\u00bb24px\u00bb header_2_font_size_last_edited=\u00bbon|desktop\u00bb header_3_font_size_tablet=\u00bb20px\u00bb header_3_font_size_phone=\u00bb18px\u00bb header_3_font_size_last_edited=\u00bbon|phone\u00bb global_colors_info=\u00bb{}\u00bb]<h3>H\u00e1gase socio<\/h3>[\/et_pb_text][\/et_pb_column][et_pb_column type=\u00bb1_4&#8243; _builder_version=\u00bb4.23.1&#8243; _module_preset=\u00bbdefault\u00bb global_colors_info=\u00bb{}\u00bb][et_pb_image src=\u00bbhttps:\/\/tropica-verde.de\/wp-content\/uploads\/2024\/07\/image-3.svg\u00bb title_text=\u00bbimagen-3&#8243; url=\u00bbhttps:\/\/tropica-verde.de\/es\/ayudardonar\/compensacion-de-co2\/\u00bb align=\u00bbcenter\u00bb admin_label=\u00bbImage\u00bb _builder_version=\u00bb4.27.4&#8243; _module_preset=\u00bbdefault\u00bb max_width=\u00bb220px\u00bb global_colors_info=\u00bb{}\u00bb][\/et_pb_image][et_pb_text _builder_version=\u00bb4.23.1&#8243; _module_preset=\u00bb148b6e92-2377-47ed-a4d0-f5bd97198ef5&#8243; text_text_color=\u00bb#ffffff\u00bb header_text_color=\u00bb#006B46&#8243; header_font_size=\u00bb36px\u00bb header_2_text_color=\u00bb#006B46&#8243; header_2_font_size=\u00bb36px\u00bb header_3_font=\u00bbSource Sans 3|700|||||||\u00bb header_3_text_align=\u00bbcenter\u00bb header_3_text_color=\u00bb#575656&#8243; header_3_font_size=\u00bb24px\u00bb header_font_size_tablet=\u00bb30px\u00bb header_font_size_phone=\u00bb24px\u00bb header_font_size_last_edited=\u00bbon|phone\u00bb header_2_font_size_tablet=\u00bb30px\u00bb header_2_font_size_phone=\u00bb24px\u00bb header_2_font_size_last_edited=\u00bbon|desktop\u00bb header_3_font_size_tablet=\u00bb20px\u00bb header_3_font_size_phone=\u00bb18px\u00bb header_3_font_size_last_edited=\u00bbon|phone\u00bb global_colors_info=\u00bb{}\u00bb]<h3>\u00a1Compensa el CO2!<\/h3>[\/et_pb_text][\/et_pb_column][et_pb_column type=\u00bb1_4&#8243; _builder_version=\u00bb4.23.1&#8243; _module_preset=\u00bbdefault\u00bb global_colors_info=\u00bb{}\u00bb][et_pb_image src=\u00bbhttps:\/\/tropica-verde.de\/wp-content\/uploads\/2024\/07\/image-4.svg\u00bb title_text=\u00bbimagen-4&#8243; url=\u00bbhttps:\/\/tropica-verde.de\/es\/ayudardonar\/voluntariado-y-voluntariado\/\u00bb align=\u00bbcenter\u00bb admin_label=\u00bbImage\u00bb _builder_version=\u00bb4.27.4&#8243; _module_preset=\u00bbdefault\u00bb max_width=\u00bb220px\u00bb global_colors_info=\u00bb{}\u00bb][\/et_pb_image][et_pb_text _builder_version=\u00bb4.23.1&#8243; _module_preset=\u00bb148b6e92-2377-47ed-a4d0-f5bd97198ef5&#8243; text_text_color=\u00bb#ffffff\u00bb header_text_color=\u00bb#006B46&#8243; header_font_size=\u00bb36px\u00bb header_2_text_color=\u00bb#006B46&#8243; header_2_font_size=\u00bb36px\u00bb header_3_font=\u00bbSource Sans 3|700|||||||\u00bb header_3_text_align=\u00bbcenter\u00bb header_3_text_color=\u00bb#575656&#8243; header_3_font_size=\u00bb24px\u00bb header_font_size_tablet=\u00bb30px\u00bb header_font_size_phone=\u00bb24px\u00bb header_font_size_last_edited=\u00bbon|phone\u00bb header_2_font_size_tablet=\u00bb30px\u00bb header_2_font_size_phone=\u00bb24px\u00bb header_2_font_size_last_edited=\u00bbon|desktop\u00bb header_3_font_size_tablet=\u00bb20px\u00bb header_3_font_size_phone=\u00bb18px\u00bb header_3_font_size_last_edited=\u00bbon|phone\u00bb global_colors_info=\u00bb{}\u00bb]<h3>\u00a1Act\u00faa como voluntario!<\/h3>[\/et_pb_text][\/et_pb_column][\/et_pb_row][\/et_pb_section]<!-- \/wp:post-content -->","protected":false},"excerpt":{"rendered":"<p>Wolfgang Schmitt lleva mucho tiempo trabajando para Tropica Verde. Es miembro, form\u00f3 parte de la junta directiva, conoce los proyectos in situ en Costa Rica y los asuntos de la organizaci\u00f3n en Alemania. Tiene mucho que contar sobre Tropica Verde.    <\/p>\n","protected":false},"author":15,"featured_media":247714,"comment_status":"closed","ping_status":"open","sticky":false,"template":"","format":"standard","meta":{"_et_pb_use_builder":"on","_et_pb_old_content":"","_et_gb_content_width":"","inline_featured_image":false,"footnotes":""},"categories":[205],"tags":[389,158,161,388,387,40],"class_list":["post-247747","post","type-post","status-publish","format-standard","has-post-thumbnail","hentry","category-testimonios","tag-bildungsnetzwerk","tag-costa-rica-es","tag-educacion-medioambiental","tag-netzwerk","tag-projektuebergreifend","tag-umweltbildung"],"_links":{"self":[{"href":"https:\/\/tropica-verde.de\/es\/wp-json\/wp\/v2\/posts\/247747","targetHints":{"allow":["GET"]}}],"collection":[{"href":"https:\/\/tropica-verde.de\/es\/wp-json\/wp\/v2\/posts"}],"about":[{"href":"https:\/\/tropica-verde.de\/es\/wp-json\/wp\/v2\/types\/post"}],"author":[{"embeddable":true,"href":"https:\/\/tropica-verde.de\/es\/wp-json\/wp\/v2\/users\/15"}],"replies":[{"embeddable":true,"href":"https:\/\/tropica-verde.de\/es\/wp-json\/wp\/v2\/comments?post=247747"}],"version-history":[{"count":14,"href":"https:\/\/tropica-verde.de\/es\/wp-json\/wp\/v2\/posts\/247747\/revisions"}],"predecessor-version":[{"id":249609,"href":"https:\/\/tropica-verde.de\/es\/wp-json\/wp\/v2\/posts\/247747\/revisions\/249609"}],"wp:featuredmedia":[{"embeddable":true,"href":"https:\/\/tropica-verde.de\/es\/wp-json\/wp\/v2\/media\/247714"}],"wp:attachment":[{"href":"https:\/\/tropica-verde.de\/es\/wp-json\/wp\/v2\/media?parent=247747"}],"wp:term":[{"taxonomy":"category","embeddable":true,"href":"https:\/\/tropica-verde.de\/es\/wp-json\/wp\/v2\/categories?post=247747"},{"taxonomy":"post_tag","embeddable":true,"href":"https:\/\/tropica-verde.de\/es\/wp-json\/wp\/v2\/tags?post=247747"}],"curies":[{"name":"wp","href":"https:\/\/api.w.org\/{rel}","templated":true}]}}