{"id":246228,"date":"2025-01-25T01:04:24","date_gmt":"2025-01-24T23:04:24","guid":{"rendered":"https:\/\/tropica-verde.de\/la-pelicula-energix-muestra-la-colaboracion-entre-igs-nordend-y-tropica-verde\/"},"modified":"2025-05-26T17:49:20","modified_gmt":"2025-05-26T15:49:20","slug":"la-pelicula-energix-muestra-la-colaboracion-entre-igs-nordend-y-tropica-verde","status":"publish","type":"post","link":"https:\/\/tropica-verde.de\/es\/la-pelicula-energix-muestra-la-colaboracion-entre-igs-nordend-y-tropica-verde\/","title":{"rendered":"La pel\u00edcula EnergIGS muestra la colaboraci\u00f3n entre IGS Nordend y Tropica Verde"},"content":{"rendered":"<p>[et_pb_section fb_built=\u00bb1&#8243; _builder_version=\u00bb4.23.1&#8243; _module_preset=\u00bbdefault\u00bb custom_padding=\u00bb0px|||||\u00bb global_colors_info=\u00bb{}\u00bb][et_pb_row _builder_version=\u00bb4.23.1&#8243; _module_preset=\u00bbdefault\u00bb global_colors_info=\u00bb{}\u00bb][et_pb_column type=\u00bb4_4&#8243; _builder_version=\u00bb4.23.1&#8243; _module_preset=\u00bbdefault\u00bb global_colors_info=\u00bb{}\u00bb][et_pb_text _builder_version=\u00bb4.27.4&#8243; _module_preset=\u00bbdefault\u00bb global_colors_info=\u00bb{}\u00bb]<\/p>\n<h2><span style=\"font-size: xx-large;\">Cooperaci\u00f3n, educaci\u00f3n medioambiental y espect\u00e1culo de la selva tropical<\/span><\/h2>\n<p>La cooperaci\u00f3n entre la escuela integral IGS Nordend de Frankfurt-Bornheim y Tropica Verde existe desde hace varios a\u00f1os.<\/p>\n<p><yt-attributed-string user-input=\"\" class=\"style-scope ytd-text-inline-expander\"><span class=\"yt-core-attributed-string yt-core-attributed-string--white-space-pre-wrap\" dir=\"auto\"><span class=\"yt-core-attributed-string--link-inherit-color\" dir=\"auto\">El proyecto EnergIGS WPU de IGS Nordend lleva muchos a\u00f1os comprometido con la conservaci\u00f3n de la naturaleza y un enfoque sostenible de nuestro medio ambiente. El objetivo inicial era convertirse en una escuela clim\u00e1ticamente neutra. Entre otras cosas, EnergIGS coopera con la asociaci\u00f3n Tropica Verde y apoya as\u00ed la reforestaci\u00f3n de la selva tropical en Costa Rica, as\u00ed como la educaci\u00f3n medioambiental. Entre otras cosas, la Finca Alicia de <a href=\"https:\/\/tropica-verde.de\/es\/proyectos\/monte-alto\/\" target=\"_blank\" rel=\"noopener\">Monte<\/a> Alto se reforest\u00f3 gracias a las donaciones de los alumnos de IGS. All\u00ed hay una<a href=\"https:\/\/tropica-verde.de\/es\/reforestacion-prevista-en-nuestra-nueva-propiedad-finca-alicia\/\" target=\"_blank\" rel=\"noopener\">\u00abhect\u00e1rea IGS<\/a>\u00bb designada. Otras donaciones se canalizaron hacia la <a href=\"https:\/\/tropica-verde.de\/es\/igs-nordend-corre-por-la-selva-tropical\/\" target=\"_blank\" rel=\"noopener\">reforestaci\u00f3n de la Reserva Kinkajou<\/a>, por ejemplo.     <\/span><\/span><\/yt-attributed-string><\/p>\n<p><yt-attributed-string user-input=\"\" class=\"style-scope ytd-text-inline-expander\"><span class=\"yt-core-attributed-string yt-core-attributed-string--white-space-pre-wrap\" dir=\"auto\"><span class=\"yt-core-attributed-string--link-inherit-color\" dir=\"auto\">Invitado por EnergIGS, el bi\u00f3logo Dr. Stefan Rother inspir\u00f3 a los alumnos de IGS Nordend en el \u00abRainforest Show\u00bb, proporcion\u00e1ndoles informaci\u00f3n sobre Costa Rica y la vida sostenible en nuestra vida cotidiana y anim\u00e1ndoles a pensar e imitar.<\/span><\/span><\/yt-attributed-string><\/p>\n<blockquote>\n<p><span class=\"yt-core-attributed-string yt-core-attributed-string--white-space-pre-wrap\" dir=\"auto\"><span class=\"yt-core-attributed-string--link-inherit-color\" dir=\"auto\"><span class=\"yt-core-attributed-string yt-core-attributed-string--white-space-pre-wrap\" dir=\"auto\" style=\"color: #006b46;\">El<a href=\"https:\/\/tropica-verde.de\/es\/proyectos\/educacion-medioambiental-en-alemania\/\"> espect\u00e1culo de la selva<\/a> tropical puede reservarse para diversos eventos. \u00a1Ponte en contacto con nosotros! <\/span><\/span><\/span><\/p>\n<\/blockquote>\n<p>&nbsp;<\/p>\n<p><span class=\"yt-core-attributed-string yt-core-attributed-string--white-space-pre-wrap\" dir=\"auto\"><span class=\"yt-core-attributed-string--link-inherit-color\" dir=\"auto\"><\/span><\/span><\/p>\n<p><span class=\"yt-core-attributed-string yt-core-attributed-string--white-space-pre-wrap\" dir=\"auto\"><span class=\"yt-core-attributed-string--link-inherit-color\" dir=\"auto\"><\/span><\/span><\/p>\n<div slot=\"extra-content\" class=\"style-scope ytd-watch-metadata\">\n<div id=\"items\" class=\"style-scope ytd-structured-description-content-renderer\">\n<h2>V\u00eddeo de EnergIGS sobre el espect\u00e1culo de la selva tropical y nuestra colaboraci\u00f3n<\/h2>\n<\/div>\n<h2><\/h2>\n<\/div>\n<p>[\/et_pb_text][et_pb_video src=\u00bbhttps:\/\/www.youtube.com\/watch?v=NG8vt3XHCek\u00bb _builder_version=\u00bb4.27.4&#8243; _module_preset=\u00bbdefault\u00bb global_colors_info=\u00bb{}\u00bb][\/et_pb_video][\/et_pb_column][\/et_pb_row][et_pb_row column_structure=\u00bb1_4,1_4,1_4,1_4&#8243; custom_padding_last_edited=\u00bbon|desktop\u00bb _builder_version=\u00bb4.23.1&#8243; _module_preset=\u00bbdefault\u00bb background_enable_color=\u00bboff\u00bb custom_margin=\u00bb-25px|auto|0px|auto|false|false\u00bb custom_padding=\u00bb94px||0px||false|false\u00bb custom_padding_tablet=\u00bb||0px||false|false\u00bb custom_padding_phone=\u00bb0px|0px|0px|0px|false|false\u00bb global_module=\u00bb244553&#8243; global_colors_info=\u00bb{}\u00bb][et_pb_column type=\u00bb1_4&#8243; _builder_version=\u00bb4.23.1&#8243; _module_preset=\u00bbdefault\u00bb global_colors_info=\u00bb{}\u00bb][et_pb_image src=\u00bbhttps:\/\/tropica-verde.de\/wp-content\/uploads\/2024\/06\/Zasob-10.svg\u00bb title_text=\u00bbZas\u00f3b 10&#8243; url=\u00bbhttps:\/\/tropica-verde.de\/es\/ayudardonar\/#spenden\u00bb align=\u00bbcenter\u00bb _builder_version=\u00bb4.23.1&#8243; _module_preset=\u00bbdefault\u00bb max_width=\u00bb220px\u00bb global_colors_info=\u00bb{}\u00bb][\/et_pb_image][et_pb_text _builder_version=\u00bb4.23.1&#8243; _module_preset=\u00bb148b6e92-2377-47ed-a4d0-f5bd97198ef5&#8243; text_text_color=\u00bb#ffffff\u00bb header_text_color=\u00bb#006B46&#8243; header_font_size=\u00bb36px\u00bb header_2_text_color=\u00bb#006B46&#8243; header_2_font_size=\u00bb36px\u00bb header_3_font=\u00bbSource Sans 3|700|||||||\u00bb header_3_text_align=\u00bbcenter\u00bb header_3_text_color=\u00bb#575656&#8243; header_3_font_size=\u00bb24px\u00bb header_font_size_tablet=\u00bb30px\u00bb header_font_size_phone=\u00bb24px\u00bb header_font_size_last_edited=\u00bbon|phone\u00bb header_2_font_size_tablet=\u00bb30px\u00bb header_2_font_size_phone=\u00bb24px\u00bb header_2_font_size_last_edited=\u00bbon|desktop\u00bb header_3_font_size_tablet=\u00bb20px\u00bb header_3_font_size_phone=\u00bb18px\u00bb header_3_font_size_last_edited=\u00bbon|phone\u00bb global_colors_info=\u00bb{}\u00bb]<\/p>\n<h3>Haz un donativo<\/h3>\n<p>[\/et_pb_text][\/et_pb_column][et_pb_column type=\u00bb1_4&#8243; _builder_version=\u00bb4.23.1&#8243; _module_preset=\u00bbdefault\u00bb global_colors_info=\u00bb{}\u00bb][et_pb_image src=\u00bbhttps:\/\/tropica-verde.de\/wp-content\/uploads\/2024\/07\/image-2.svg\u00bb title_text=\u00bbimagen-2&#8243; url=\u00bbhttps:\/\/tropica-verde.de\/es\/ayudardonar\/#mitglied\u00bb align=\u00bbcenter\u00bb admin_label=\u00bbImage\u00bb _builder_version=\u00bb4.23.1&#8243; _module_preset=\u00bbdefault\u00bb max_width=\u00bb220px\u00bb global_colors_info=\u00bb{}\u00bb][\/et_pb_image][et_pb_text _builder_version=\u00bb4.23.1&#8243; _module_preset=\u00bb148b6e92-2377-47ed-a4d0-f5bd97198ef5&#8243; text_text_color=\u00bb#ffffff\u00bb header_text_color=\u00bb#006B46&#8243; header_font_size=\u00bb36px\u00bb header_2_text_color=\u00bb#006B46&#8243; header_2_font_size=\u00bb36px\u00bb header_3_font=\u00bbSource Sans 3|700|||||||\u00bb header_3_text_align=\u00bbcenter\u00bb header_3_text_color=\u00bb#575656&#8243; header_3_font_size=\u00bb24px\u00bb header_font_size_tablet=\u00bb30px\u00bb header_font_size_phone=\u00bb24px\u00bb header_font_size_last_edited=\u00bbon|phone\u00bb header_2_font_size_tablet=\u00bb30px\u00bb header_2_font_size_phone=\u00bb24px\u00bb header_2_font_size_last_edited=\u00bbon|desktop\u00bb header_3_font_size_tablet=\u00bb20px\u00bb header_3_font_size_phone=\u00bb18px\u00bb header_3_font_size_last_edited=\u00bbon|phone\u00bb global_colors_info=\u00bb{}\u00bb]<\/p>\n<h3>\u00a1Hazte miembro de !<\/h3>\n<p>[\/et_pb_text][\/et_pb_column][et_pb_column type=\u00bb1_4&#8243; _builder_version=\u00bb4.23.1&#8243; _module_preset=\u00bbdefault\u00bb global_colors_info=\u00bb{}\u00bb][et_pb_image src=\u00bbhttps:\/\/tropica-verde.de\/wp-content\/uploads\/2024\/07\/image-3.svg\u00bb title_text=\u00bbimagen-3&#8243; url=\u00bbhttps:\/\/tropica-verde.de\/es\/ayudardonar\/#ehrenamt\u00bb align=\u00bbcenter\u00bb admin_label=\u00bbImage\u00bb _builder_version=\u00bb4.23.1&#8243; _module_preset=\u00bbdefault\u00bb max_width=\u00bb220px\u00bb global_colors_info=\u00bb{}\u00bb][\/et_pb_image][et_pb_text _builder_version=\u00bb4.23.1&#8243; _module_preset=\u00bb148b6e92-2377-47ed-a4d0-f5bd97198ef5&#8243; text_text_color=\u00bb#ffffff\u00bb header_text_color=\u00bb#006B46&#8243; header_font_size=\u00bb36px\u00bb header_2_text_color=\u00bb#006B46&#8243; header_2_font_size=\u00bb36px\u00bb header_3_font=\u00bbSource Sans 3|700|||||||\u00bb header_3_text_align=\u00bbcenter\u00bb header_3_text_color=\u00bb#575656&#8243; header_3_font_size=\u00bb24px\u00bb header_font_size_tablet=\u00bb30px\u00bb header_font_size_phone=\u00bb24px\u00bb header_font_size_last_edited=\u00bbon|phone\u00bb header_2_font_size_tablet=\u00bb30px\u00bb header_2_font_size_phone=\u00bb24px\u00bb header_2_font_size_last_edited=\u00bbon|desktop\u00bb header_3_font_size_tablet=\u00bb20px\u00bb header_3_font_size_phone=\u00bb18px\u00bb header_3_font_size_last_edited=\u00bbon|phone\u00bb global_colors_info=\u00bb{}\u00bb]<\/p>\n<h3>\u00a1Act\u00faa como voluntario!<\/h3>\n<p>[\/et_pb_text][\/et_pb_column][et_pb_column type=\u00bb1_4&#8243; _builder_version=\u00bb4.23.1&#8243; _module_preset=\u00bbdefault\u00bb global_colors_info=\u00bb{}\u00bb][et_pb_image src=\u00bbhttps:\/\/tropica-verde.de\/wp-content\/uploads\/2024\/07\/image-4.svg\u00bb title_text=\u00bbimagen-4&#8243; align=\u00bbcenter\u00bb admin_label=\u00bbImage\u00bb _builder_version=\u00bb4.23.1&#8243; _module_preset=\u00bbdefault\u00bb max_width=\u00bb220px\u00bb global_colors_info=\u00bb{}\u00bb][\/et_pb_image][et_pb_text _builder_version=\u00bb4.23.1&#8243; _module_preset=\u00bb148b6e92-2377-47ed-a4d0-f5bd97198ef5&#8243; text_text_color=\u00bb#ffffff\u00bb header_text_color=\u00bb#006B46&#8243; header_font_size=\u00bb36px\u00bb header_2_text_color=\u00bb#006B46&#8243; header_2_font_size=\u00bb36px\u00bb header_3_font=\u00bbSource Sans 3|700|||||||\u00bb header_3_text_align=\u00bbcenter\u00bb header_3_text_color=\u00bb#575656&#8243; header_3_font_size=\u00bb24px\u00bb header_font_size_tablet=\u00bb30px\u00bb header_font_size_phone=\u00bb24px\u00bb header_font_size_last_edited=\u00bbon|phone\u00bb header_2_font_size_tablet=\u00bb30px\u00bb header_2_font_size_phone=\u00bb24px\u00bb header_2_font_size_last_edited=\u00bbon|desktop\u00bb header_3_font_size_tablet=\u00bb20px\u00bb header_3_font_size_phone=\u00bb18px\u00bb header_3_font_size_last_edited=\u00bbon|phone\u00bb global_colors_info=\u00bb{}\u00bb]<\/p>\n<h3>\u00a1Recomi\u00e9ndanos!<\/h3>\n<p>[\/et_pb_text][\/et_pb_column][\/et_pb_row][et_pb_row column_structure=\u00bb1_5,3_5,1_5&#8243; custom_padding_last_edited=\u00bbon|tablet\u00bb module_id=\u00bbco2&#8243; _builder_version=\u00bb4.23.1&#8243; _module_preset=\u00bbdefault\u00bb background_color=\u00bb#e9eeea\u00bb custom_padding=\u00bb50px||50px||false|false\u00bb custom_padding_tablet=\u00bb30px||30px||false|false\u00bb custom_padding_phone=\u00bb30px||30px||false|false\u00bb global_colors_info=\u00bb{}\u00bb][et_pb_column type=\u00bb1_5&#8243; _builder_version=\u00bb4.16&#8243; _module_preset=\u00bbdefault\u00bb global_colors_info=\u00bb{}\u00bb][et_pb_code raw_content_tablet=\u00bb<span class='et-pb-icon' style=%22color:#238da2; font-size:41px%22>=<\/span>\u00bb raw_content_phone=\u00bb\u00bb raw_content_last_edited=\u00bbon|tablet\u00bb _builder_version=\u00bb4.16&#8243; _module_preset=\u00bbdefault\u00bb text_orientation=\u00bbright\u00bb custom_padding=\u00bb8px|||20px|false|false\u00bb text_orientation_tablet=\u00bbcenter\u00bb text_orientation_phone=\u00bb\u00bb text_orientation_last_edited=\u00bbon|phone\u00bb global_colors_info=\u00bb{}\u00bb]<span class=\"et-pb-icon\" style=\"color:#238da2; font-size:30px\">$<\/span>[\/et_pb_code][\/et_pb_column][et_pb_column type=\u00bb3_5&#8243; _builder_version=\u00bb4.16&#8243; _module_preset=\u00bbdefault\u00bb custom_padding_tablet=\u00bb|20px||20px|false|false\u00bb custom_padding_phone=\u00bb|20px||20px|false|false\u00bb custom_padding_last_edited=\u00bbon|tablet\u00bb global_colors_info=\u00bb{}\u00bb][et_pb_text _builder_version=\u00bb4.23.1&#8243; _module_preset=\u00bbdefault\u00bb header_2_font=\u00bbSource Sans 3|800|||||||\u00bb header_2_font_size=\u00bb36px\u00bb header_3_font_size=\u00bb24px\u00bb custom_margin=\u00bb||17px|||\u00bb header_2_font_size_tablet=\u00bb30px\u00bb header_2_font_size_phone=\u00bb24px\u00bb header_2_font_size_last_edited=\u00bbon|phone\u00bb header_3_font_size_tablet=\u00bb20px\u00bb header_3_font_size_phone=\u00bb18px\u00bb header_3_font_size_last_edited=\u00bbon|phone\u00bb global_colors_info=\u00bb{}\u00bb]<\/p>\n<h2>COMPENSACI\u00d3N DE CO2<\/h2>\n<h3 class=\"serif\">\u00bfLe gustar\u00eda hacer algo por la protecci\u00f3n del clima y el medio ambiente compensando las emisiones de CO2? Entonces descubra aqu\u00ed c\u00f3mo puede proteger eficazmente el clima con Tropica Verde. <\/h3>\n<p>Muy importante: para proteger el clima, la m\u00e1xima prioridad debe ser evitar las emisiones.<\/p>\n<p><strong>En concreto, esto significa, entre otras cosas:  <\/strong><\/p>\n<ul>\n<li>Bajar la calefacci\u00f3n unos grados<\/li>\n<li>Rehabilitaci\u00f3n energ\u00e9tica de viviendas<\/li>\n<li>Retirar los aparatos el\u00e9ctricos del modo de espera<\/li>\n<li>s\u00f3lo come carne de vez en cuando<\/li>\n<li>Utilizar m\u00e1s la bicicleta o el transporte p\u00fablico y caminar<\/li>\n<li>Y mucho m\u00e1s.<\/li>\n<\/ul>\n<p>Por desgracia, algunas acciones perjudiciales para el clima no pueden evitarse. Si quiere viajar a Costa Rica, por ejemplo, un vuelo es esencial. Aqu\u00ed es donde entra en juego una donaci\u00f3n a Tropica Verde, porque con tu donaci\u00f3n o afiliaci\u00f3n est\u00e1s haciendo una contribuci\u00f3n espec\u00edfica para reducir las <span>emisiones de CO\u2082<\/span> y proteger el clima.  <\/p>\n<h4><strong>Para proteger nuestro clima, te pedimos que hagas <em>ambas cosas<\/em>:<\/strong><\/h4>\n<p><strong>Dona<\/strong> a la <strong>conservaci\u00f3n de la selva tropical y<\/strong> <strong>ahorra<\/strong> <strong>emisiones de gases de efecto invernadero<\/strong> siempre que sea posible. Para m\u00e1s consejos sobre comportamientos respetuosos con el clima y la selva tropical, dir\u00edgete, por ejemplo, a <a href=\"https:\/\/www.nabu.de\/natur-und-landschaft\/waelder\/18882.html\" target=\"_blank\" rel=\"noopener nofollow\">NABU<\/a>.<\/p>\n<p>Aprovechamos la ocasi\u00f3n para se\u00f1alar que Tropica Verde <u>no<\/u> hace publicidad ni vende compensaciones cl\u00e1sicas de<sub>CO2<\/sub>. Las empresas suelen citar la compensaci\u00f3n de <span>CO\u2082<\/span> como medida ecol\u00f3gica para mejorar su imagen. Hay que tener en cuenta muchos factores cuando se trata de la indemnizaci\u00f3n por <span>CO\u2082<\/span>. La indemnizaci\u00f3n por <span>CO\u2082<\/span> sigue siendo un tema muy debatido. Quien dona a Tropica Verde no est\u00e1 compensando, sino apoyando proyectos de protecci\u00f3n del clima en general.      <a href=\"https:\/\/tropica-verde.de\/es\/ayudardonar\/compensacion-de-co2\/\">M\u00e1s informaci\u00f3n<\/a><\/p>\n<p>[\/et_pb_text][et_pb_button button_url=\u00bbhttps:\/\/tropica-verde.de\/es\/ayudardonar\/compensacion-de-co2\/\u00bb url_new_window=\u00bbon\u00bb button_text=\u00bbCALCULA LAS EMISIONES DE CO2 Y DONA A LA PROTECCI\u00d3N DEL CLIMA\u00bb _builder_version=\u00bb4.23.1&#8243; _module_preset=\u00bb70b994c3-2b68-43f9-baa1-aee328fdc428&#8243; button_border_color=\u00bbRGBA(0,0,0,0)\u00bb custom_margin=\u00bb||||false|false\u00bb global_colors_info=\u00bb{}\u00bb][\/et_pb_button][\/et_pb_column][et_pb_column type=\u00bb1_5&#8243; _builder_version=\u00bb4.16&#8243; _module_preset=\u00bbdefault\u00bb global_colors_info=\u00bb{}\u00bb][\/et_pb_column][\/et_pb_row][\/et_pb_section]<\/p>\n","protected":false},"excerpt":{"rendered":"<p>Cooperaci\u00f3n, educaci\u00f3n medioambiental y espect\u00e1culo de la selva tropical La cooperaci\u00f3n entre la escuela integral IGS Nordend de Frankfurt-Bornheim y Tropica Verde existe desde hace varios a\u00f1os. El proyecto EnergIGS WPU de IGS Nordend lleva muchos a\u00f1os comprometido con la conservaci\u00f3n de la naturaleza y un enfoque sostenible de nuestro medio ambiente. El objetivo inicial [&hellip;]<\/p>\n","protected":false},"author":5,"featured_media":246225,"comment_status":"closed","ping_status":"open","sticky":false,"template":"","format":"standard","meta":{"_et_pb_use_builder":"on","_et_pb_old_content":"","_et_gb_content_width":"","inline_featured_image":false,"footnotes":""},"categories":[226,147,157],"tags":[],"class_list":["post-246228","post","type-post","status-publish","format-standard","has-post-thumbnail","hentry","category-ods-13-accion-por-el-clima","category-todo-lo-demas-sobre-el-club","category-trabajo-educativo-en-alemania"],"_links":{"self":[{"href":"https:\/\/tropica-verde.de\/es\/wp-json\/wp\/v2\/posts\/246228","targetHints":{"allow":["GET"]}}],"collection":[{"href":"https:\/\/tropica-verde.de\/es\/wp-json\/wp\/v2\/posts"}],"about":[{"href":"https:\/\/tropica-verde.de\/es\/wp-json\/wp\/v2\/types\/post"}],"author":[{"embeddable":true,"href":"https:\/\/tropica-verde.de\/es\/wp-json\/wp\/v2\/users\/5"}],"replies":[{"embeddable":true,"href":"https:\/\/tropica-verde.de\/es\/wp-json\/wp\/v2\/comments?post=246228"}],"version-history":[{"count":6,"href":"https:\/\/tropica-verde.de\/es\/wp-json\/wp\/v2\/posts\/246228\/revisions"}],"predecessor-version":[{"id":247585,"href":"https:\/\/tropica-verde.de\/es\/wp-json\/wp\/v2\/posts\/246228\/revisions\/247585"}],"wp:featuredmedia":[{"embeddable":true,"href":"https:\/\/tropica-verde.de\/es\/wp-json\/wp\/v2\/media\/246225"}],"wp:attachment":[{"href":"https:\/\/tropica-verde.de\/es\/wp-json\/wp\/v2\/media?parent=246228"}],"wp:term":[{"taxonomy":"category","embeddable":true,"href":"https:\/\/tropica-verde.de\/es\/wp-json\/wp\/v2\/categories?post=246228"},{"taxonomy":"post_tag","embeddable":true,"href":"https:\/\/tropica-verde.de\/es\/wp-json\/wp\/v2\/tags?post=246228"}],"curies":[{"name":"wp","href":"https:\/\/api.w.org\/{rel}","templated":true}]}}