{"id":245903,"date":"2024-12-19T16:50:29","date_gmt":"2024-12-19T14:50:29","guid":{"rendered":"https:\/\/tropica-verde.de\/organizacion-asociada-ecodesi-ideologia-e-intercambio-intergeneracional-2\/"},"modified":"2025-05-26T17:48:56","modified_gmt":"2025-05-26T15:48:56","slug":"organizacion-asociada-ecodesi-ideologia-e-intercambio-intergeneracional-2","status":"publish","type":"post","link":"https:\/\/tropica-verde.de\/es\/organizacion-asociada-ecodesi-ideologia-e-intercambio-intergeneracional-2\/","title":{"rendered":"2024 | Noticias e informaci\u00f3n sobre nuestros proyectos para proteger la selva tropical"},"content":{"rendered":"[et_pb_section fb_built=\u00bb1&#8243; admin_label=\u00bbsection\u00bb _builder_version=\u00bb4.16&#8243; min_height=\u00bb2752.1px\u00bb custom_padding=\u00bb21px|||||\u00bb global_colors_info=\u00bb{}\u00bb][et_pb_row admin_label=\u00bbfila\u00bb _builder_version=\u00bb4.23.1&#8243; background_size=\u00bbinitial\u00bb background_position=\u00bbtop_left\u00bb background_repeat=\u00bbrepeat\u00bb custom_margin=\u00bb-34px|auto|-43px|auto||\u00bb custom_padding=\u00bb0px|||||\u00bb global_colors_info=\u00bb{}\u00bb][et_pb_column type=\u00bb4_4&#8243; _builder_version=\u00bb4.16&#8243; custom_padding=\u00bb|||\u00bb global_colors_info=\u00bb{}\u00bb custom_padding__hover=\u00bb|||\u00bb][et_pb_text admin_label=\u00bbText\u00bb _builder_version=\u00bb4.23.1&#8243; background_size=\u00bbinitial\u00bb background_position=\u00bbtop_left\u00bb background_repeat=\u00bbrepeat\u00bb custom_padding=\u00bb||0px|||\u00bb global_colors_info=\u00bb{}\u00bb]<p><em>por el Dr. Stefan Rother<\/em><span style=\"font-size: large;\"><\/span><\/p>\n<p><span style=\"font-size: large;\">\u00a1Podemos mirar atr\u00e1s y ver un gran proyecto en el a\u00f1o 2024! La educaci\u00f3n medioambiental era el objetivo n\u00ba 1, pero la ampliaci\u00f3n de las reservas y nuestras reforestaciones tambi\u00e9n van muy bien. Pero una cosa cada vez&#8230;  <br><\/span><\/p>\n<p><\/p>[\/et_pb_text][et_pb_text admin_label=\u00bbText\u00bb _builder_version=\u00bb4.23.1&#8243; background_size=\u00bbinitial\u00bb background_position=\u00bbtop_left\u00bb background_repeat=\u00bbrepeat\u00bb custom_padding=\u00bb||0px|||\u00bb global_colors_info=\u00bb{}\u00bb]<h2>Lo m\u00e1s destacado de nuestros proyectos de conservaci\u00f3n de la selva tropical en 2024<\/h2>\n<p>Ahora trabajamos con <strong>10 organizaciones y personas<\/strong> que se dedican a la educaci\u00f3n medioambiental. <strong>Por primera vez<\/strong>, tambi\u00e9n hemos conseguido <strong>implicar a<\/strong> la <strong>poblaci\u00f3n ind\u00edgena de Bribri y sus alrededores<\/strong>. Profesores y alumnos est\u00e1n entusiasmados con el programa Tropica Verde. Nuestra nueva profesora en la regi\u00f3n, <a href=\"https:\/\/tropica-verde.de\/es\/los-socios-del-proyecto-se-presentan-entrevista-con-ariana-oporta-mccarthy\/\">Ariana Oporta<\/a>, est\u00e1 haciendo un gran trabajo aqu\u00ed.  <\/p>\n<p><!-- \/wp:post-content --><\/p>[\/et_pb_text][et_pb_image src=\u00bbhttps:\/\/tropica-verde.de\/wp-content\/uploads\/2024\/12\/Umweltbildung-in-Monte-Romo-\u00a9Stefan-Rother-scaled.jpg\u00bb alt=\u00bbStefan Rother Educaci\u00f3n Ambiental Costa Rica\u00bb title_text=\u00bbUn extra\u00f1o profesor de Alemania ;)\u00bb _builder_version=\u00bb4.23.1&#8243; _module_preset=\u00bbdefault\u00bb global_colors_info=\u00bb{}\u00bb][\/et_pb_image][\/et_pb_column][\/et_pb_row][et_pb_row column_structure=\u00bb1_2,1_2&#8243; _builder_version=\u00bb4.23.1&#8243; _module_preset=\u00bbdefault\u00bb global_colors_info=\u00bb{}\u00bb][et_pb_column type=\u00bb1_2&#8243; _builder_version=\u00bb4.23.1&#8243; _module_preset=\u00bbdefault\u00bb global_colors_info=\u00bb{}\u00bb][et_pb_image src=\u00bbhttps:\/\/tropica-verde.de\/wp-content\/uploads\/2024\/12\/Umweltbildung-in-Region-Bribri-\u00a9Stefan-Rother-scaled.jpg\u00bb title_text=\u00bbEscolares de Bribri en un taller de educaci\u00f3n medioambiental\u00bb _builder_version=\u00bb4.23.1&#8243; _module_preset=\u00bbdefault\u00bb width=\u00bb105%\u00bb custom_margin=\u00bb|-355px||||\u00bb global_colors_info=\u00bb{}\u00bb][\/et_pb_image][\/et_pb_column][et_pb_column type=\u00bb1_2&#8243; _builder_version=\u00bb4.23.1&#8243; _module_preset=\u00bbdefault\u00bb global_colors_info=\u00bb{}\u00bb][et_pb_image src=\u00bbhttps:\/\/tropica-verde.de\/wp-content\/uploads\/2024\/12\/Vorstellung-Manual-durch-Karla-\u00a9Stefan-Rother-scaled.jpg\u00bb title_text=\u00bbKarla presenta por primera vez el manual de educaci\u00f3n medioambiental\u00bb _builder_version=\u00bb4.23.1&#8243; _module_preset=\u00bbdefault\u00bb custom_padding=\u00bb||0px|||\u00bb global_colors_info=\u00bb{}\u00bb][\/et_pb_image][\/et_pb_column][\/et_pb_row][et_pb_row column_structure=\u00bb1_2,1_2&#8243; _builder_version=\u00bb4.23.1&#8243; _module_preset=\u00bbdefault\u00bb global_colors_info=\u00bb{}\u00bb][et_pb_column type=\u00bb1_2&#8243; _builder_version=\u00bb4.23.1&#8243; _module_preset=\u00bbdefault\u00bb global_colors_info=\u00bb{}\u00bb][et_pb_text _builder_version=\u00bb4.23.1&#8243; _module_preset=\u00bbdefault\u00bb global_colors_info=\u00bb{}\u00bb]<p><span style=\"font-size: medium;\">En general, tenemos<\/span><\/p>\n<ul>\n<li><span style=\"font-size: 17px; font-family: inherit; font-weight: normal;\"><strong>visit\u00f3 m\u00e1s de 100 escuelas en toda Costa Rica<\/strong> y  <\/span><\/li>\n<li><span style=\"font-size: 17px; font-family: inherit; font-weight: normal;\"><strong>m\u00e1s de 1300 ni\u00f1os y j\u00f3venes<\/strong><\/span><\/li>\n<\/ul>\n<p><span style=\"font-size: 17px;\">en educaci\u00f3n medioambiental sostenible sobre biodiversidad, conservaci\u00f3n de la naturaleza y efectos del cambio clim\u00e1tico. Y todo ello, por supuesto, en el esp\u00edritu de la educaci\u00f3n para el desarrollo sostenible, como bellamente describe aqu\u00ed Adela de ECODESI. <\/span><\/p>[\/et_pb_text][\/et_pb_column][et_pb_column type=\u00bb1_2&#8243; _builder_version=\u00bb4.23.1&#8243; _module_preset=\u00bbdefault\u00bb global_colors_info=\u00bb{}\u00bb][et_pb_text _builder_version=\u00bb4.23.1&#8243; _module_preset=\u00bbdefault\u00bb global_colors_info=\u00bb{}\u00bb]<p>Tambi\u00e9n pudimos finalizar en noviembre el primer <strong>\u201cManual de Educaci\u00f3n Ambiental\u201d<\/strong> para profesores costarricenses. Karla Murillo, que ha trabajado con nosotros durante muchos a\u00f1os y ahora trabaja en la Universidad de Costa Rica como profesora suprarregional, ha canalizado todos sus conocimientos en este manual, que<strong> ahora<\/strong> ponemos a<strong> disposici\u00f3n de las escuelas costarricenses<\/strong>. <\/p>\n<p>&nbsp;<\/p>[\/et_pb_text][\/et_pb_column][\/et_pb_row][et_pb_row _builder_version=\u00bb4.23.1&#8243; _module_preset=\u00bbdefault\u00bb global_colors_info=\u00bb{}\u00bb][et_pb_column type=\u00bb4_4&#8243; _builder_version=\u00bb4.23.1&#8243; _module_preset=\u00bbdefault\u00bb global_colors_info=\u00bb{}\u00bb][et_pb_text _builder_version=\u00bb4.23.1&#8243; _module_preset=\u00bbdefault\u00bb custom_padding=\u00bb||0px|||\u00bb global_colors_info=\u00bb{}\u00bb]<h2>Trabajar juntos por la protecci\u00f3n del medio ambiente: el trabajo en red en pleno apogeo<\/h2>\n<p>En cuanto al trabajo en proyectos, hemos <strong>conseguido dos socios con ideas afines<\/strong> en la \u201cStichting Oasebos\u201d holandesa y la \u201cCordes &amp; Graefe Stiftung\u201d alemana, con quienes <strong>nos gustar\u00eda realizar una nueva gran reserva de conservaci\u00f3n en el norte de Costa Rica<\/strong>. Est\u00e1 a punto de alcanzarse un primer hito: Junto a nuestra reserva \u201cLapa Verde\u201d y las reservas vecinas de Oasebos, podremos designar una reserva forestal de m\u00e1s de 300 hect\u00e1reas ya en 2025. Nuestra nueva pieza del mosaico se llama \u201cReserva Danta\u201d y recibe su nombre del raro tapir que tiene aqu\u00ed su hogar. El objetivo es ampliar esta zona protegida a unas 600 hect\u00e1reas en los pr\u00f3ximos a\u00f1os para establecer un importante bloque contra las plantaciones de pi\u00f1a, cada vez m\u00e1s extensas y cargadas de pesticidas. \u00a1Vamos!    <\/p>\n<p>Tambi\u00e9n celebramos el <strong>3er taller con todos nuestros socios y organizaciones<\/strong> del 6 al 8 de diciembre, esta vez en la regi\u00f3n de Talamanca, en el sur del Caribe. Fue de nuevo un gran \u00e9xito, con mucha alegr\u00eda y creatividad por parte de todos los participantes. Esta vez hubo casi 20 participantes en la reuni\u00f3n de la red, m\u00e1s que nunca.    <strong>\u00a1\u00a1\u00a1La familia Tropica Verde crece!!!  <\/strong><\/p>\n<p>&nbsp;<\/p>[\/et_pb_text][et_pb_image src=\u00bbhttps:\/\/tropica-verde.de\/wp-content\/uploads\/2024\/12\/Gruppenfoto-2-Workshop-\u00a9Stefan-Rother.jpg\u00bb alt=\u00bbReuni\u00f3n de la red de proyectos de selva tropical Costa Rica\u00bb title_text=\u00bb\u00a1Grupo grandioso! Nuestro dream team en Costa Rica en la tercera reuni\u00f3n de la red \u00bb _builder_version=\u00bb4.23.1&#8243; _module_preset=\u00bbdefault\u00bb global_colors_info=\u00bb{}\u00bb][\/et_pb_image][\/et_pb_column][\/et_pb_row][et_pb_row _builder_version=\u00bb4.23.1&#8243; _module_preset=\u00bbdefault\u00bb global_colors_info=\u00bb{}\u00bb][et_pb_column type=\u00bb4_4&#8243; _builder_version=\u00bb4.23.1&#8243; _module_preset=\u00bbdefault\u00bb global_colors_info=\u00bb{}\u00bb][et_pb_text _builder_version=\u00bb4.23.1&#8243; _module_preset=\u00bbdefault\u00bb global_colors_info=\u00bb{}\u00bb]<h2>Reforestaci\u00f3n de la selva tropical desde arriba<\/h2>\n<p>Y por \u00faltimo, algo especialmente emotivo. Al menos para m\u00ed. Para mi viaje de proyecto a finales de 2024, empaquet\u00e9 un flamante dron para documentar el <strong>progreso de nuestras \u00faltimas reforestaciones<\/strong> en <a href=\"https:\/\/tropica-verde.de\/es\/proyectos\/monte-alto\/\">Monte Alto<\/a> (derecha y abajo) y en la <a href=\"https:\/\/tropica-verde.de\/es\/proyectos\/reserva-kinkajou\/\">Reserva Kinkajou<\/a> (izquierda). Y fue realmente conmovedor ver desde arriba los hermosos bosques j\u00f3venes ricos en especies que han surgido<strong> en 5 a\u00f1os <\/strong>. \u00a1Echa un vistazo por ti mismo!    <\/p>[\/et_pb_text][\/et_pb_column][\/et_pb_row][et_pb_row column_structure=\u00bb1_2,1_2&#8243; _builder_version=\u00bb4.23.1&#8243; _module_preset=\u00bbdefault\u00bb global_colors_info=\u00bb{}\u00bb][et_pb_column type=\u00bb1_2&#8243; _builder_version=\u00bb4.23.1&#8243; _module_preset=\u00bbdefault\u00bb global_colors_info=\u00bb{}\u00bb][et_pb_image src=\u00bbhttps:\/\/tropica-verde.de\/wp-content\/uploads\/2024\/12\/Reserva-Kinkajou-Aufforstung-\u00a9Stefan-Rother-scaled.jpg\u00bb alt=\u00bbReforestaci\u00f3n Reserva Kinkajou Costa Rica\u00bb title_text=\u00bbReforestaci\u00f3n Reserva Kinkajou - El estado anterior puede verse frente a la carretera: Pastizal\u00bb _builder_version=\u00bb4.23.1&#8243; _module_preset=\u00bbdefault\u00bb global_colors_info=\u00bb{}\u00bb][\/et_pb_image][\/et_pb_column][et_pb_column type=\u00bb1_2&#8243; _builder_version=\u00bb4.23.1&#8243; _module_preset=\u00bbdefault\u00bb global_colors_info=\u00bb{}\u00bb][et_pb_image src=\u00bbhttps:\/\/tropica-verde.de\/wp-content\/uploads\/2024\/12\/Finca-Alicia-Aufforstung-2-\u00a9Stefan-Rother-scaled.jpg\u00bb alt=\u00bbReforestaci\u00f3n Finca Alicia Monte Alto Costa Rica\u00bb title_text=\u00bbReforestaci\u00f3n de la Finca Alicia, cerca de Monte Alto. Ambas reforestaciones (Reserva Kinkajou y Monte Alto) se llevaron a cabo con m\u00e1s de 35 especies arb\u00f3reas \u00bb _builder_version=\u00bb4.23.1&#8243; _module_preset=\u00bbdefault\u00bb global_colors_info=\u00bb{}\u00bb][\/et_pb_image][\/et_pb_column][\/et_pb_row][et_pb_row _builder_version=\u00bb4.23.1&#8243; _module_preset=\u00bbdefault\u00bb global_colors_info=\u00bb{}\u00bb][et_pb_column type=\u00bb4_4&#8243; _builder_version=\u00bb4.23.1&#8243; _module_preset=\u00bbdefault\u00bb global_colors_info=\u00bb{}\u00bb][et_pb_image src=\u00bbhttps:\/\/tropica-verde.de\/wp-content\/uploads\/2024\/12\/Finca-Alicia-Aufforstung-\u00a9Stefan-Rother-scaled.jpg\u00bb alt=\u00bbReforestaci\u00f3n Finca Alicia Monte Alto\u00bb title_text=\u00bbFinca Alicia: Aqu\u00ed puedes ver un claro cambio del antes\/despu\u00e9s\u00bb _builder_version=\u00bb4.23.1&#8243; _module_preset=\u00bbdefault\u00bb global_colors_info=\u00bb{}\u00bb][\/et_pb_image][et_pb_text _builder_version=\u00bb4.23.1&#8243; _module_preset=\u00bbdefault\u00bb global_colors_info=\u00bb{}\u00bb]<p>Por supuesto, <strong>tambi\u00e9n hay retos<\/strong> y no siempre todo va sobre ruedas. Pero<strong> estamos muy satisfechos<\/strong>. La red educativa est\u00e1 creciendo (nuestra nueva <a href=\"https:\/\/tropica-verde.de\/es\/red-de-educacion-en-costa-rica-entrevista-con-la-nueva-coordinadora\/\">coordinadora de la red, M\u00f3nica Chinchilla<\/a>, est\u00e1 haciendo un gran trabajo), al igual que nuestro perfil en Costa Rica, y se nos reconoce como una<strong> organizaci\u00f3n<\/strong> aut\u00e9ntica y<strong> sostenible<\/strong>.  <\/p>\n<p><strong>Esto nos enorgullece y queremos seguir en esta l\u00ednea en 2025.  <\/strong><\/p>\n<p><span style=\"font-size: medium;\"><em>Te deseo lo mejor y Pura Vida, Stefan<\/em><\/span><\/p>[\/et_pb_text][\/et_pb_column][\/et_pb_row][et_pb_row column_structure=\u00bb1_4,1_4,1_4,1_4&#8243; custom_padding_last_edited=\u00bbon|desktop\u00bb _builder_version=\u00bb4.23.1&#8243; _module_preset=\u00bbdefault\u00bb background_enable_color=\u00bboff\u00bb min_height=\u00bb355.1px\u00bb custom_margin=\u00bb-25px|auto|0px|auto|false|false\u00bb custom_padding=\u00bb94px||0px||false|false\u00bb custom_padding_tablet=\u00bb||0px||false|false\u00bb custom_padding_phone=\u00bb0px|0px|0px|0px|false|false\u00bb global_module=\u00bb244553&#8243; global_colors_info=\u00bb{}\u00bb][et_pb_column type=\u00bb1_4&#8243; _builder_version=\u00bb4.23.1&#8243; _module_preset=\u00bbdefault\u00bb global_colors_info=\u00bb{}\u00bb][et_pb_image src=\u00bbhttps:\/\/tropica-verde.de\/wp-content\/uploads\/2024\/06\/Zasob-10.svg\u00bb title_text=\u00bbZas\u00f3b 10&#8243; url=\u00bbhttps:\/\/tropica-verde.de\/es\/ayudardonar\/#spenden\u00bb align=\u00bbcenter\u00bb _builder_version=\u00bb4.23.1&#8243; _module_preset=\u00bbdefault\u00bb max_width=\u00bb220px\u00bb global_colors_info=\u00bb{}\u00bb][\/et_pb_image][et_pb_text _builder_version=\u00bb4.23.1&#8243; _module_preset=\u00bb148b6e92-2377-47ed-a4d0-f5bd97198ef5&#8243; text_text_color=\u00bb#ffffff\u00bb header_text_color=\u00bb#006B46&#8243; header_font_size=\u00bb36px\u00bb header_2_text_color=\u00bb#006B46&#8243; header_2_font_size=\u00bb36px\u00bb header_3_font=\u00bbSource Sans 3|700|||||||\u00bb header_3_text_align=\u00bbcenter\u00bb header_3_text_color=\u00bb#575656&#8243; header_3_font_size=\u00bb24px\u00bb header_font_size_tablet=\u00bb30px\u00bb header_font_size_phone=\u00bb24px\u00bb header_font_size_last_edited=\u00bbon|phone\u00bb header_2_font_size_tablet=\u00bb30px\u00bb header_2_font_size_phone=\u00bb24px\u00bb header_2_font_size_last_edited=\u00bbon|desktop\u00bb header_3_font_size_tablet=\u00bb20px\u00bb header_3_font_size_phone=\u00bb18px\u00bb header_3_font_size_last_edited=\u00bbon|phone\u00bb global_colors_info=\u00bb{}\u00bb]<h3>Haz un donativo<\/h3>[\/et_pb_text][\/et_pb_column][et_pb_column type=\u00bb1_4&#8243; _builder_version=\u00bb4.23.1&#8243; _module_preset=\u00bbdefault\u00bb global_colors_info=\u00bb{}\u00bb][et_pb_image src=\u00bbhttps:\/\/tropica-verde.de\/wp-content\/uploads\/2024\/07\/image-2.svg\u00bb title_text=\u00bbimagen-2&#8243; url=\u00bbhttps:\/\/tropica-verde.de\/es\/ayudardonar\/#mitglied\u00bb align=\u00bbcenter\u00bb admin_label=\u00bbImage\u00bb _builder_version=\u00bb4.23.1&#8243; _module_preset=\u00bbdefault\u00bb max_width=\u00bb220px\u00bb global_colors_info=\u00bb{}\u00bb][\/et_pb_image][et_pb_text _builder_version=\u00bb4.23.1&#8243; _module_preset=\u00bb148b6e92-2377-47ed-a4d0-f5bd97198ef5&#8243; text_text_color=\u00bb#ffffff\u00bb header_text_color=\u00bb#006B46&#8243; header_font_size=\u00bb36px\u00bb header_2_text_color=\u00bb#006B46&#8243; header_2_font_size=\u00bb36px\u00bb header_3_font=\u00bbSource Sans 3|700|||||||\u00bb header_3_text_align=\u00bbcenter\u00bb header_3_text_color=\u00bb#575656&#8243; header_3_font_size=\u00bb24px\u00bb header_font_size_tablet=\u00bb30px\u00bb header_font_size_phone=\u00bb24px\u00bb header_font_size_last_edited=\u00bbon|phone\u00bb header_2_font_size_tablet=\u00bb30px\u00bb header_2_font_size_phone=\u00bb24px\u00bb header_2_font_size_last_edited=\u00bbon|desktop\u00bb header_3_font_size_tablet=\u00bb20px\u00bb header_3_font_size_phone=\u00bb18px\u00bb header_3_font_size_last_edited=\u00bbon|phone\u00bb global_colors_info=\u00bb{}\u00bb]<h3><br>\u00a1Hazte miembro de !<\/h3>[\/et_pb_text][\/et_pb_column][et_pb_column type=\u00bb1_4&#8243; _builder_version=\u00bb4.23.1&#8243; _module_preset=\u00bbdefault\u00bb global_colors_info=\u00bb{}\u00bb][et_pb_image src=\u00bbhttps:\/\/tropica-verde.de\/wp-content\/uploads\/2024\/07\/image-3.svg\u00bb title_text=\u00bbimagen-3&#8243; url=\u00bbhttps:\/\/tropica-verde.de\/es\/ayudardonar\/#ehrenamt\u00bb align=\u00bbcenter\u00bb admin_label=\u00bbImage\u00bb _builder_version=\u00bb4.23.1&#8243; _module_preset=\u00bbdefault\u00bb max_width=\u00bb220px\u00bb global_colors_info=\u00bb{}\u00bb][\/et_pb_image][et_pb_text _builder_version=\u00bb4.23.1&#8243; _module_preset=\u00bb148b6e92-2377-47ed-a4d0-f5bd97198ef5&#8243; text_text_color=\u00bb#ffffff\u00bb header_text_color=\u00bb#006B46&#8243; header_font_size=\u00bb36px\u00bb header_2_text_color=\u00bb#006B46&#8243; header_2_font_size=\u00bb36px\u00bb header_3_font=\u00bbSource Sans 3|700|||||||\u00bb header_3_text_align=\u00bbcenter\u00bb header_3_text_color=\u00bb#575656&#8243; header_3_font_size=\u00bb24px\u00bb header_font_size_tablet=\u00bb30px\u00bb header_font_size_phone=\u00bb24px\u00bb header_font_size_last_edited=\u00bbon|phone\u00bb header_2_font_size_tablet=\u00bb30px\u00bb header_2_font_size_phone=\u00bb24px\u00bb header_2_font_size_last_edited=\u00bbon|desktop\u00bb header_3_font_size_tablet=\u00bb20px\u00bb header_3_font_size_phone=\u00bb18px\u00bb header_3_font_size_last_edited=\u00bbon|phone\u00bb global_colors_info=\u00bb{}\u00bb]<h3>\u00a1Act\u00faa como voluntario!<\/h3>[\/et_pb_text][\/et_pb_column][et_pb_column type=\u00bb1_4&#8243; _builder_version=\u00bb4.23.1&#8243; _module_preset=\u00bbdefault\u00bb global_colors_info=\u00bb{}\u00bb][et_pb_image src=\u00bbhttps:\/\/tropica-verde.de\/wp-content\/uploads\/2024\/07\/image-4.svg\u00bb title_text=\u00bbimagen-4&#8243; align=\u00bbcenter\u00bb admin_label=\u00bbImage\u00bb _builder_version=\u00bb4.23.1&#8243; _module_preset=\u00bbdefault\u00bb max_width=\u00bb220px\u00bb global_colors_info=\u00bb{}\u00bb][\/et_pb_image][et_pb_text _builder_version=\u00bb4.23.1&#8243; _module_preset=\u00bb148b6e92-2377-47ed-a4d0-f5bd97198ef5&#8243; text_text_color=\u00bb#ffffff\u00bb header_text_color=\u00bb#006B46&#8243; header_font_size=\u00bb36px\u00bb header_2_text_color=\u00bb#006B46&#8243; header_2_font_size=\u00bb36px\u00bb header_3_font=\u00bbSource Sans 3|700|||||||\u00bb header_3_text_align=\u00bbcenter\u00bb header_3_text_color=\u00bb#575656&#8243; header_3_font_size=\u00bb24px\u00bb header_font_size_tablet=\u00bb30px\u00bb header_font_size_phone=\u00bb24px\u00bb header_font_size_last_edited=\u00bbon|phone\u00bb header_2_font_size_tablet=\u00bb30px\u00bb header_2_font_size_phone=\u00bb24px\u00bb header_2_font_size_last_edited=\u00bbon|desktop\u00bb header_3_font_size_tablet=\u00bb20px\u00bb header_3_font_size_phone=\u00bb18px\u00bb header_3_font_size_last_edited=\u00bbon|phone\u00bb global_colors_info=\u00bb{}\u00bb]<h3><br>\u00a1Recomi\u00e9ndanos!<\/h3>[\/et_pb_text][\/et_pb_column][\/et_pb_row][et_pb_row column_structure=\u00bb1_5,3_5,1_5&#8243; custom_padding_last_edited=\u00bbon|tablet\u00bb module_id=\u00bbco2&#8243; _builder_version=\u00bb4.23.1&#8243; _module_preset=\u00bbdefault\u00bb background_color=\u00bb#e9eeea\u00bb custom_margin=\u00bb44px|auto||auto||\u00bb custom_padding=\u00bb50px||50px||false|false\u00bb custom_padding_tablet=\u00bb30px||30px||false|false\u00bb custom_padding_phone=\u00bb30px||30px||false|false\u00bb global_colors_info=\u00bb{}\u00bb][et_pb_column type=\u00bb1_5&#8243; _builder_version=\u00bb4.16&#8243; _module_preset=\u00bbdefault\u00bb global_colors_info=\u00bb{}\u00bb][et_pb_code raw_content_tablet=\u00bb<span class='et-pb-icon' style=%22color:#238da2; font-size:41px%22>=<\/span>\u00bb raw_content_phone=\u00bb\u00bb raw_content_last_edited=\u00bbon|tablet\u00bb _builder_version=\u00bb4.16&#8243; _module_preset=\u00bbdefault\u00bb text_orientation=\u00bbright\u00bb custom_padding=\u00bb8px|||20px|false|false\u00bb text_orientation_tablet=\u00bbcenter\u00bb text_orientation_phone=\u00bb\u00bb text_orientation_last_edited=\u00bbon|phone\u00bb global_colors_info=\u00bb{}\u00bb]<span class=\"et-pb-icon\" style=\"color:#238da2; font-size:30px\">$<\/span>[\/et_pb_code][\/et_pb_column][et_pb_column type=\u00bb3_5&#8243; _builder_version=\u00bb4.16&#8243; _module_preset=\u00bbdefault\u00bb custom_padding_tablet=\u00bb|20px||20px|false|false\u00bb custom_padding_phone=\u00bb|20px||20px|false|false\u00bb custom_padding_last_edited=\u00bbon|tablet\u00bb global_colors_info=\u00bb{}\u00bb][et_pb_text _builder_version=\u00bb4.23.1&#8243; _module_preset=\u00bbdefault\u00bb header_2_font=\u00bbSource Sans 3|800|||||||\u00bb header_2_font_size=\u00bb36px\u00bb header_3_font_size=\u00bb24px\u00bb custom_margin=\u00bb||17px|||\u00bb header_2_font_size_tablet=\u00bb30px\u00bb header_2_font_size_phone=\u00bb24px\u00bb header_2_font_size_last_edited=\u00bbon|phone\u00bb header_3_font_size_tablet=\u00bb20px\u00bb header_3_font_size_phone=\u00bb18px\u00bb header_3_font_size_last_edited=\u00bbon|phone\u00bb global_colors_info=\u00bb{}\u00bb]<h2>COMPENSACI\u00d3N DE CO2<\/h2>\n<h3 class=\"serif\">\u00bfLe gustar\u00eda hacer algo por la protecci\u00f3n del clima y el medio ambiente compensando las emisiones de CO2? Entonces descubra aqu\u00ed c\u00f3mo puede proteger eficazmente el clima con Tropica Verde. <\/h3>\n<p>Muy importante: para proteger el clima, la m\u00e1xima prioridad debe ser evitar las emisiones.<\/p>\n<p><strong>En concreto, esto significa, entre otras cosas:  <\/strong><\/p>\n<ul>\n<li>Bajar la calefacci\u00f3n unos grados<\/li>\n<li>Rehabilitaci\u00f3n energ\u00e9tica de viviendas<\/li>\n<li>Retirar los aparatos el\u00e9ctricos del modo de espera<\/li>\n<li>s\u00f3lo come carne de vez en cuando<\/li>\n<li>Utilizar m\u00e1s la bicicleta o el transporte p\u00fablico y caminar<\/li>\n<li>Y mucho m\u00e1s.<\/li>\n<\/ul>\n<p>Por desgracia, algunas acciones perjudiciales para el clima no pueden evitarse. Si quiere viajar a Costa Rica, por ejemplo, un vuelo es esencial. Aqu\u00ed es donde entra en juego una donaci\u00f3n a Tropica Verde, porque con tu donaci\u00f3n o afiliaci\u00f3n est\u00e1s haciendo una contribuci\u00f3n espec\u00edfica para limitar el <span>CO\u2082,<\/span> proteger el clima y promover la educaci\u00f3n.<\/p>\n<h4><strong>Para proteger nuestro clima, te pedimos que hagas <em>ambas cosas<\/em>:<\/strong><\/h4>\n<p><strong>Dona<\/strong> a la <strong>conservaci\u00f3n de la selva tropical y<\/strong> <strong>ahorra<\/strong> <strong>emisiones de gases de efecto invernadero<\/strong> siempre que sea posible. Para m\u00e1s consejos sobre comportamientos respetuosos con el clima y la selva tropical, dir\u00edgete, por ejemplo, a <a href=\"https:\/\/www.nabu.de\/natur-und-landschaft\/waelder\/18882.html\" target=\"_blank\" rel=\"noopener nofollow\">NABU<\/a>.<\/p>\n<p>Aprovechamos la ocasi\u00f3n para se\u00f1alar que Tropica Verde <u>no<\/u> hace publicidad ni vende compensaciones cl\u00e1sicas de<sub>CO2<\/sub>. Las empresas suelen citar la compensaci\u00f3n de <span>CO\u2082<\/span> como medida ecol\u00f3gica para mejorar su imagen. Hay que tener en cuenta muchos factores cuando se trata de la indemnizaci\u00f3n por <span>CO\u2082<\/span>. La indemnizaci\u00f3n por <span>CO\u2082<\/span> sigue siendo un tema muy debatido. Quien dona a Tropica Verde no est\u00e1 compensando, sino apoyando proyectos de protecci\u00f3n del clima en general.      <br><a href=\"https:\/\/tropica-verde.de\/es\/ayudardonar\/compensacion-de-co2\/\">M\u00e1s informaci\u00f3n<\/a><\/p>[\/et_pb_text][et_pb_button button_url=\u00bbhttps:\/\/tropica-verde.de\/es\/ayudardonar\/compensacion-de-co2\/\u00bb url_new_window=\u00bbon\u00bb button_text=\u00bbEmisiones de CO2 CALCULAR Y DONAR\u00bb button_alignment=\u00bbleft\u00bb _builder_version=\u00bb4.23.1&#8243; _module_preset=\u00bb70b994c3-2b68-43f9-baa1-aee328fdc428&#8243; button_border_color=\u00bbRGBA(0,0,0,0)\u00bb custom_margin=\u00bb||||false|false\u00bb global_colors_info=\u00bb{}\u00bb][\/et_pb_button][\/et_pb_column][et_pb_column type=\u00bb1_5&#8243; _builder_version=\u00bb4.16&#8243; _module_preset=\u00bbdefault\u00bb global_colors_info=\u00bb{}\u00bb][\/et_pb_column][\/et_pb_row][\/et_pb_section]<!-- \/wp:freeform -->","protected":false},"excerpt":{"rendered":"<p>por el Dr. Stefan Rother \u00a1Podemos mirar atr\u00e1s y ver un gran proyecto en el a\u00f1o 2024! La educaci\u00f3n medioambiental era el objetivo n\u00ba 1, pero la ampliaci\u00f3n de las reservas y nuestras reforestaciones tambi\u00e9n van muy bien. Pero una cosa cada vez&#8230; Lo m\u00e1s destacado de nuestros proyectos de conservaci\u00f3n de la selva tropical [&hellip;]<\/p>\n","protected":false},"author":14,"featured_media":245923,"comment_status":"open","ping_status":"open","sticky":false,"template":"","format":"standard","meta":{"_et_pb_use_builder":"on","_et_pb_old_content":"","_et_gb_content_width":"","inline_featured_image":false,"footnotes":""},"categories":[244,228,155,243,147],"tags":[158,161,349,355,354,356],"class_list":["post-245903","post","type-post","status-publish","format-standard","has-post-thumbnail","hentry","category-gandoca","category-labor-educativa-en-costa-rica","category-monte-alto-es","category-reserva-kinkajou-es","category-todo-lo-demas-sobre-el-club","tag-costa-rica-es","tag-educacion-medioambiental","tag-ods","tag-progreso","tag-proyectos","tag-reforestacion-es"],"_links":{"self":[{"href":"https:\/\/tropica-verde.de\/es\/wp-json\/wp\/v2\/posts\/245903","targetHints":{"allow":["GET"]}}],"collection":[{"href":"https:\/\/tropica-verde.de\/es\/wp-json\/wp\/v2\/posts"}],"about":[{"href":"https:\/\/tropica-verde.de\/es\/wp-json\/wp\/v2\/types\/post"}],"author":[{"embeddable":true,"href":"https:\/\/tropica-verde.de\/es\/wp-json\/wp\/v2\/users\/14"}],"replies":[{"embeddable":true,"href":"https:\/\/tropica-verde.de\/es\/wp-json\/wp\/v2\/comments?post=245903"}],"version-history":[{"count":21,"href":"https:\/\/tropica-verde.de\/es\/wp-json\/wp\/v2\/posts\/245903\/revisions"}],"predecessor-version":[{"id":247557,"href":"https:\/\/tropica-verde.de\/es\/wp-json\/wp\/v2\/posts\/245903\/revisions\/247557"}],"wp:featuredmedia":[{"embeddable":true,"href":"https:\/\/tropica-verde.de\/es\/wp-json\/wp\/v2\/media\/245923"}],"wp:attachment":[{"href":"https:\/\/tropica-verde.de\/es\/wp-json\/wp\/v2\/media?parent=245903"}],"wp:term":[{"taxonomy":"category","embeddable":true,"href":"https:\/\/tropica-verde.de\/es\/wp-json\/wp\/v2\/categories?post=245903"},{"taxonomy":"post_tag","embeddable":true,"href":"https:\/\/tropica-verde.de\/es\/wp-json\/wp\/v2\/tags?post=245903"}],"curies":[{"name":"wp","href":"https:\/\/api.w.org\/{rel}","templated":true}]}}