{"id":245871,"date":"2024-12-19T00:13:33","date_gmt":"2024-12-18T22:13:33","guid":{"rendered":"https:\/\/tropica-verde.de\/entrevista-los-creadores-de-donroberto-y-del-cafe-tropica-verde\/"},"modified":"2025-05-26T17:48:58","modified_gmt":"2025-05-26T15:48:58","slug":"entrevista-los-creadores-de-donroberto-y-del-cafe-tropica-verde","status":"publish","type":"post","link":"https:\/\/tropica-verde.de\/es\/entrevista-los-creadores-de-donroberto-y-del-cafe-tropica-verde\/","title":{"rendered":"Entrevista: Los creadores de Don Roberto - y del caf\u00e9 Tropica Verde"},"content":{"rendered":"[et_pb_section fb_built=\u00bb1&#8243; admin_label=\u00bbsection\u00bb _builder_version=\u00bb4.16&#8243; min_height=\u00bb2728.1px\u00bb custom_padding=\u00bb0px|||||\u00bb global_colors_info=\u00bb{}\u00bb][et_pb_row admin_label=\u00bbfila\u00bb _builder_version=\u00bb4.16&#8243; background_size=\u00bbinitial\u00bb background_position=\u00bbtop_left\u00bb background_repeat=\u00bbrepeat\u00bb custom_margin=\u00bb|auto|-43px|auto||\u00bb custom_padding=\u00bb0px|||||\u00bb global_colors_info=\u00bb{}\u00bb][et_pb_column type=\u00bb4_4&#8243; _builder_version=\u00bb4.16&#8243; custom_padding=\u00bb|||\u00bb global_colors_info=\u00bb{}\u00bb custom_padding__hover=\u00bb|||\u00bb][et_pb_image src=\u00bbhttps:\/\/tropica-verde.de\/wp-content\/uploads\/2024\/12\/Kaffee_Blumen_Sack.jpg\u00bb alt=\u00bbCaf\u00e9 CO2 neutro Protecci\u00f3n del clima\u00bb title_text=\u00bbSaco_de_flores_de_caf\u00e9\u00bb _builder_version=\u00bb4.23.1&#8243; _module_preset=\u00bbdefault\u00bb global_colors_info=\u00bb{}\u00bb][\/et_pb_image][et_pb_text admin_label=\u00bbText\u00bb _builder_version=\u00bb4.23.1&#8243; background_size=\u00bbinitial\u00bb background_position=\u00bbtop_left\u00bb background_repeat=\u00bbrepeat\u00bb min_height=\u00bb363.4px\u00bb custom_padding=\u00bb||0px|||\u00bb global_colors_info=\u00bb{}\u00bb]<h2>Entrevista con Senol Halfar | Socio y Director General de DonRoberto Coffee<\/h2>\n<p>de Wolfgang Schmitt<\/p>\n<h2><span style=\"font-size: 15px; color: #575656; font-family: 'Source Sans Pro', sans-serif; font-weight: 400;\"><\/span><\/h2>\n<p><span style=\"font-size: 15px; color: #575656; font-family: 'Source Sans Pro', sans-serif; font-weight: 400;\"><\/span><\/p>\n<p><strong>Bajo el lema \u00abconsumo consciente\u00bb, \u00bfc\u00f3mo contribuye el Caf\u00e9 Don Roberto a mejorar las condiciones laborales <\/strong><strong>condiciones laborales, las normas medioambientales y la concienciaci\u00f3n de los consumidores?<\/strong><\/p>\n<p><strong><\/strong><\/p>\n<blockquote>\n<p>Costa Rica lleva d\u00e9cadas siendo pionera en cuanto a normas de calidad y sostenibilidad en el sector del caf\u00e9. Costa Rica ha abierto un nuevo cap\u00edtulo en el cultivo y la producci\u00f3n de caf\u00e9 respetuosos con el clima. El Instituto del Caf\u00e9 de Costa Rica, el Ministerio de Agricultura y el Ministerio de Medio Ambiente han colaborado con Alemania, el Reino Unido y la UE en el proyecto \u00abNAMA-Caf\u00e9\u00bb para producir caf\u00e9 respetuoso con el clima. Se ha formado a m\u00e1s de 8.000 caficultores en m\u00e9todos de producci\u00f3n de bajas emisiones. La mejora de los m\u00e9todos de cultivo, como el uso m\u00e1s preciso de los fertilizantes y la utilizaci\u00f3n de sistemas agroforestales, ha supuesto un ahorro cuantificable de gases de efecto invernadero.    <\/p>\n<p>Adem\u00e1s del medio ambiente, la calidad sigue siendo un factor decisivo. Costa Rica es reconocida por sus estrictas normas sobre el cultivo del caf\u00e9. La producci\u00f3n respetuosa con el clima refuerza a\u00fan m\u00e1s esta posici\u00f3n. Por supuesto, este esp\u00edritu pionero tiene un precio, ya que la aplicaci\u00f3n de m\u00e9todos de producci\u00f3n sostenibles y de alta calidad requiere inversiones. Nos encontramos en una fase \u00abmadrugadora\u00bb, en la que sobre todo los clientes informados y preocupados por el clima apoyan esta innovaci\u00f3n. Caf\u00e9 Don Roberto quiere fomentar este movimiento. Nuestro objetivo no es s\u00f3lo mejorar las condiciones de trabajo de los caficultores y elevar las normas medioambientales, sino tambi\u00e9n sensibilizar a los consumidores de Alemania. Invitamos a nuestros clientes a formar parte de este movimiento, mediante un consumo consciente que combine el disfrute, la responsabilidad y un impacto positivo en el futuro.       <\/p>\n<\/blockquote>\n<p><strong>Tu caf\u00e9 procede exclusivamente de Costa Rica, \u00bfpor qu\u00e9?<\/strong><\/p>\n<blockquote>\n<p>Costa Rica es conocida en todo el mundo por su caf\u00e9 de alta calidad. Una raz\u00f3n clave de ello es el Instituto del Caf\u00e9 de Costa Rica (ICAFE), que lleva d\u00e9cadas marcando la pauta en la producci\u00f3n de caf\u00e9. Este instituto trabaja en estrecha colaboraci\u00f3n con los caficultores para promover t\u00e9cnicas innovadoras de cultivo y procesamiento que garanticen tanto la calidad como la sostenibilidad del caf\u00e9.  <\/p>\n<p>&nbsp;<\/p>\n<p>Costa Rica tambi\u00e9n es pionera en sostenibilidad. Es el primer pa\u00eds del mundo que produce caf\u00e9 de clima neutro. Esto significa que la producci\u00f3n no s\u00f3lo reduce las emisiones de CO2, sino que compensa completamente las emisiones mediante medidas espec\u00edficas como la reforestaci\u00f3n y la agricultura regenerativa.  <\/p>\n<p>se producen. Adem\u00e1s, el caf\u00e9 de Costa Rica tiene un estatus especial en los mercados internacionales debido a su alt\u00edsima calidad. Se cotiza en las bolsas de caf\u00e9 con una prima sobre el precio medio mundial del caf\u00e9, prueba evidente de su excelencia y del reconocimiento de los expertos de todo el mundo.  <\/p>\n<p>&nbsp;<\/p>\n<p>En Caf\u00e9 Don Roberto, hemos tomado la decisi\u00f3n consciente de centrarnos exclusivamente en el caf\u00e9 de Costa Rica. La combinaci\u00f3n de unas condiciones de cultivo ideales, d\u00e9cadas de experiencia y un claro compromiso con la protecci\u00f3n del clima y la calidad hacen de este caf\u00e9 una elecci\u00f3n \u00fanica. <\/p>\n<\/blockquote>\n<p><strong>\u00bfDe qu\u00e9 regi\u00f3n proceden los granos de caf\u00e9 y c\u00f3mo se cultivan?<\/strong><\/p>\n<blockquote>\n<p>Nuestros granos de caf\u00e9 proceden de la zona de Naranjo, situada al oeste de la capital, San Jos\u00e9. Se trata de una zona con excelentes condiciones para el cultivo del caf\u00e9. Se caracteriza por suelos volc\u00e1nicos, temperaturas suaves y altitudes ideales, que dan a los granos un aroma inconfundible y una acidez equilibrada. Se aplican con \u00e9xito m\u00e9todos de cultivo que reducen las emisiones. Se basan en pr\u00e1cticas sostenibles como el uso de abonos org\u00e1nicos, la reducci\u00f3n de fertilizantes qu\u00edmicos y el empleo de sistemas agroforestales, que incluyen \u00e1rboles de sombra, por ejemplo. Esto no s\u00f3lo minimiza la huella ecol\u00f3gica, sino que tambi\u00e9n fomenta la biodiversidad y protege el suelo a largo plazo.     <\/p>\n<p>Para nosotros es muy importante trabajar con agricultores que utilizan estos m\u00e9todos progresistas. Ayudan a garantizar que cada taza de Caf\u00e9 Don Roberto no s\u00f3lo sepa bien, sino que tambi\u00e9n sea un ejemplo de cultivo responsable del caf\u00e9. <\/p>\n<\/blockquote>\n<p><\/p>[\/et_pb_text][et_pb_image src=\u00bbhttps:\/\/tropica-verde.de\/wp-content\/uploads\/2024\/12\/Kaffeepflanze_Don_Roberto.jpg\u00bb alt=\u00bbDonaciones de plantas de caf\u00e9\u00bb title_text=\u00bbPlanta de caf\u00e9 en una finca de DonRoberto\u00bb _builder_version=\u00bb4.23.1&#8243; _module_preset=\u00bbdefault\u00bb global_colors_info=\u00bb{}\u00bb][\/et_pb_image][\/et_pb_column][\/et_pb_row][et_pb_row _builder_version=\u00bb4.23.1&#8243; _module_preset=\u00bbdefault\u00bb global_colors_info=\u00bb{}\u00bb][et_pb_column type=\u00bb4_4&#8243; _builder_version=\u00bb4.23.1&#8243; _module_preset=\u00bbdefault\u00bb global_colors_info=\u00bb{}\u00bb][et_pb_text _builder_version=\u00bb4.23.1&#8243; _module_preset=\u00bbdefault\u00bb custom_padding=\u00bb||0px|||\u00bb global_colors_info=\u00bb{}\u00bb]<blockquote><\/blockquote>\n<p><strong>\u00bfC\u00f3mo les va a los caficultores de Costa Rica y c\u00f3mo les apoya concretamente Caf\u00e9 Don Roberto?<\/strong><\/p>\n<blockquote>\n<p>A pesar de su compromiso con las normas de calidad m\u00e1s exigentes, los cultivadores de caf\u00e9 de Costa Rica se enfrentan a grandes retos. Luchan contra el aumento de los costes de producci\u00f3n, el cambio clim\u00e1tico y la fluctuaci\u00f3n de los precios del mercado mundial. Al mismo tiempo, son pioneros en el cultivo de caf\u00e9 respetuoso con el clima, lo que requiere inversiones adicionales en tecnolog\u00edas sostenibles y formaci\u00f3n.  <\/p>\n<p>&nbsp;<\/p>\n<p>Nuestro apoyo se centra en tres \u00e1reas principales:<\/p>\n<ol>\n<li style=\"list-style-type: none;\">\n<ol>\n<li><strong>Precios justos y relaciones comerciales directas: <\/strong>Pagamos precios superiores a la media que permiten a los agricultores mantener a sus familias e invertir en m\u00e9todos agr\u00edcolas sostenibles.<\/li>\n<\/ol>\n<\/li>\n<\/ol>\n<ol start=\"2\">\n<li><strong>Formaci\u00f3n y sostenibilidad:<\/strong> A trav\u00e9s de programas como \u00abNAMA-Caf\u00e9\u00bb y en colaboraci\u00f3n con el Instituto del Caf\u00e9 de Costa Rica (ICAFE), apoyamos la formaci\u00f3n continua en m\u00e9todos de cultivo de bajas emisiones y conservadores de los recursos.<\/li>\n<\/ol>\n<ol start=\"3\">\n<li><strong>Consumo consciente a trav\u00e9s de la educaci\u00f3n:<\/strong> nuestros clientes desempe\u00f1an aqu\u00ed un papel decisivo. El recibo de compra es como una papeleta electoral: cada decisi\u00f3n a favor del Caf\u00e9 Don Roberto es un claro compromiso con unas condiciones de trabajo justas y la protecci\u00f3n del clima. S\u00f3lo apoyando a nuestros clientes podemos ayudar realmente a los caficultores a mantener una producci\u00f3n sostenible a largo plazo. Con cada taza de Caf\u00e9 Don Roberto, nuestros clientes dan voz a los caficultores y contribuyen activamente a crear mejores condiciones de vida y un futuro m\u00e1s sostenible.   <\/li>\n<\/ol>\n<\/blockquote>\n<p><strong>\u00bfQu\u00e9 problemas causan el calentamiento global y el uso tradicional de pesticidas, y qu\u00e9 puedes hacer t\u00fa al respecto?<\/strong><\/p>\n<blockquote>\n<p>El cultivo del caf\u00e9 en Costa Rica se enfrenta a retos considerables debido al cambio clim\u00e1tico y al uso de pesticidas tradicionales:<\/p>\n<ol>\n<li><strong>Problemas causados por el calentamiento global:<\/strong><\/li>\n<\/ol>\n<ul>\n<li>Desplazamiento de las zonas de cultivo: El aumento de las temperaturas est\u00e1 obligando a los cultivadores de caf\u00e9 a desplazarse a altitudes m\u00e1s elevadas, donde las zonas de cultivo son limitadas.<\/li>\n<li>Lluvias irregulares, inusualmente intensas y sequ\u00edas: Los cambios en el r\u00e9gimen de lluvias provocan escasez o abundancia de agua y afectan al proceso de maduraci\u00f3n, la calidad y el rendimiento de las cosechas.<\/li>\n<li>Aumento de plagas y enfermedades: Los climas m\u00e1s c\u00e1lidos hacen que plagas como la roya del caf\u00e9 (Roya) se extiendan con mayor rapidez, provocando importantes p\u00e9rdidas de cosechas.<\/li>\n<\/ul>\n<ol start=\"2\">\n<li><strong>Problemas causados por el uso tradicional de pesticidas:<\/strong><\/li>\n<\/ol>\n<ul>\n<li>Contaminaci\u00f3n del suelo y del agua: Los pesticidas qu\u00edmicos contaminan el suelo y las aguas subterr\u00e1neas, lo que da\u00f1a la biodiversidad y reduce la fertilidad del suelo.<\/li>\n<\/ul>\n<ul>\n<li>Riesgos para la salud: El uso intensivo de productos qu\u00edmicos pone en peligro la salud de los caficultores y sus familias.<\/li>\n<\/ul>\n<p>&nbsp;<\/p>\n<p>Nuestras medidas contra estos problemas:<\/p>\n<p><strong style=\"font-size: 17px;\">1. promoci\u00f3n de m\u00e9todos de cultivo de bajas emisiones y respetuosos con el clima:<\/strong><\/p>\n<p>Junto con iniciativas como el proyecto \u00abNAMA Caf\u00e9\u00bb, apoyamos el uso de pr\u00e1cticas sostenibles. Entre ellas, el cultivo bajo \u00e1rboles de sombra para estabilizar el microclima y el uso de compost en lugar de fertilizantes qu\u00edmicos. <\/p>\n<p><strong style=\"font-size: 17px;\">2. formaci\u00f3n y transferencia de conocimientos:<\/strong><\/p>\n<p>Promovemos cursos de formaci\u00f3n que ense\u00f1en a los agricultores a desarrollar m\u00e9todos de cultivo m\u00e1s resistentes, por ejemplo mediante la agrosilvicultura, que almacena CO2 y protege el suelo.<\/p>\n<p>&nbsp;<\/p>\n<p><strong><span style=\"font-size: 17px;\">3. Sensibilizaci\u00f3n de los consumidores:<\/span><\/strong><\/p>\n<p>Mediante una comunicaci\u00f3n transparente, concienciamos a nuestros clientes de que la compra de caf\u00e9 sostenible desempe\u00f1a un papel importante. El consumo consciente contribuye directamente a promover el uso de m\u00e9todos respetuosos con el medio ambiente en el cultivo del caf\u00e9. Con Caf\u00e9 Don Roberto, nos comprometemos a contrarrestar activamente los efectos negativos del cambio clim\u00e1tico y el uso de pesticidas, para un cultivo del caf\u00e9 m\u00e1s sostenible y un futuro mejor para los caficultores.  <span style=\"font-size: 17px;\"> <\/span><\/p>\n<\/blockquote>\n<p><span style=\"font-size: large;\"><em><strong><\/strong><\/em><\/span><\/p>[\/et_pb_text][\/et_pb_column][\/et_pb_row][et_pb_row column_structure=\u00bb1_5,3_5,1_5&#8243; custom_padding_last_edited=\u00bbon|tablet\u00bb module_id=\u00bbkaffee\u00bb _builder_version=\u00bb4.23.1&#8243; _module_preset=\u00bbdefault\u00bb background_color=\u00bb#e9eeea\u00bb custom_padding=\u00bb50px||50px||false|false\u00bb custom_padding_tablet=\u00bb30px||30px||false|false\u00bb custom_padding_phone=\u00bb30px||30px||false|false\u00bb global_colors_info=\u00bb{}\u00bb][et_pb_column type=\u00bb1_5&#8243; _builder_version=\u00bb4.16&#8243; _module_preset=\u00bbdefault\u00bb global_colors_info=\u00bb{}\u00bb][et_pb_code _builder_version=\u00bb4.16&#8243; _module_preset=\u00bbdefault\u00bb text_orientation=\u00bbright\u00bb custom_padding=\u00bb8px|||50px|false|false\u00bb global_colors_info=\u00bb{}\u00bb]<span class=\"et-pb-icon\" style=\"color:#238da2; font-size:30px\">$<\/span>[\/et_pb_code][\/et_pb_column][et_pb_column type=\u00bb3_5&#8243; _builder_version=\u00bb4.16&#8243; _module_preset=\u00bbdefault\u00bb global_colors_info=\u00bb{}\u00bb][et_pb_text _builder_version=\u00bb4.23.1&#8243; _module_preset=\u00bbdefault\u00bb header_2_font=\u00bbSource Sans 3|800|||||||\u00bb header_2_font_size=\u00bb36px\u00bb header_3_font_size=\u00bb24px\u00bb custom_margin=\u00bb||17px|||\u00bb header_2_font_size_tablet=\u00bb30px\u00bb header_2_font_size_phone=\u00bb24px\u00bb header_2_font_size_last_edited=\u00bbon|phone\u00bb header_3_font_size_tablet=\u00bb20px\u00bb header_3_font_size_phone=\u00bb18px\u00bb header_3_font_size_last_edited=\u00bbon|phone\u00bb global_colors_info=\u00bb{}\u00bb]<h2>CAF\u00c9 TROPICA VERDE<\/h2>\n<h3 class=\"serif\">2 euros por bolsa de la edici\u00f3n de protecci\u00f3n de especies se destinan a nuestros proyectos<\/h3>\n<p>Don Roberto produce caf\u00e9 de Costa Rica respetuoso con el clima. Juntos hemos lanzado una edici\u00f3n de conservaci\u00f3n de este delicioso caf\u00e9. Por cada paquete de caf\u00e9 Tropica Verde vendido, se donan 2 euros a proyectos de protecci\u00f3n del guacamayo soldado.  <\/p>[\/et_pb_text][et_pb_button button_url=\u00bbhttps:\/\/donrobertocoffee.com\/tropica-verde-e-v\/\u00bb url_new_window=\u00bbon\u00bb button_text=\u00bbCOMPRAR CAF\u00c9 A DON ROBERTO\u00bb _builder_version=\u00bb4.23.1&#8243; _module_preset=\u00bb70b994c3-2b68-43f9-baa1-aee328fdc428&#8243; custom_margin=\u00bb||||false|false\u00bb global_colors_info=\u00bb{}\u00bb][\/et_pb_button][\/et_pb_column][et_pb_column type=\u00bb1_5&#8243; _builder_version=\u00bb4.16&#8243; _module_preset=\u00bbdefault\u00bb global_colors_info=\u00bb{}\u00bb][et_pb_image src=\u00bbhttps:\/\/tropica-verde.de\/wp-content\/uploads\/2024\/04\/TropicaVerde-Webshop-ganzeBohne.jpg\u00bb alt=\u00bbCaf\u00e9 Tropica Verde de Don Roberto  \u00bb title_text=\u00bbCaf\u00e9 Tropica Verde de Don Roberto  \u00bb url=\u00bbhttps:\/\/donrobertocoffee.com\/tropica-verde-e-v\/\u00bb url_new_window=\u00bbon\u00bb align=\u00bbcenter\u00bb _builder_version=\u00bb4.23.1&#8243; _module_preset=\u00bbdefault\u00bb custom_padding=\u00bb|20px|||false|false\u00bb global_colors_info=\u00bb{}\u00bb][\/et_pb_image][\/et_pb_column][\/et_pb_row][et_pb_row _builder_version=\u00bb4.23.1&#8243; _module_preset=\u00bbdefault\u00bb global_colors_info=\u00bb{}\u00bb][et_pb_column type=\u00bb4_4&#8243; _builder_version=\u00bb4.23.1&#8243; _module_preset=\u00bbdefault\u00bb global_colors_info=\u00bb{}\u00bb][et_pb_text _builder_version=\u00bb4.23.1&#8243; _module_preset=\u00bbdefault\u00bb custom_padding=\u00bb||0px|||\u00bb global_colors_info=\u00bb{}\u00bb]<blockquote><\/blockquote>\n<p><strong>\u00bfCu\u00e1les son las etapas de tu cadena de suministro y qu\u00e9 tiene de especial?<\/strong><\/p>\n<blockquote>\n<p>Nuestra cadena de suministro en Caf\u00e9 Don Roberto est\u00e1 dise\u00f1ada para garantizar la m\u00e1xima calidad y sostenibilidad en cada etapa. Cada etapa -desde el cultivo hasta la entrega- se selecciona cuidadosamente y contribuye a apoyar a los caficultores y a proteger el medio ambiente. <\/p>\n<p>Las etapas de nuestra cadena de suministro:<\/p>\n<ol>\n<li><strong>Cultivo en Costa Rica:<\/strong><\/li>\n<\/ol>\n<ul>\n<li>Nuestro caf\u00e9 se cultiva en la regi\u00f3n de Naranjo, conocida por sus granos de alta calidad.<\/li>\n<\/ul>\n<ul>\n<li>Los caficultores recurren a m\u00e9todos de cultivo de bajas emisiones promovidos por el proyecto \u00abNAMA Caf\u00e9\u00bb, como la fertilizaci\u00f3n org\u00e1nica y los sistemas agroforestales.<\/li>\n<\/ul>\n<ol start=\"2\">\n<li><strong>Recolecci\u00f3n y transformaci\u00f3n:<\/strong><\/li>\n<\/ol>\n<ul>\n<li>Los granos se recogen a mano para seleccionar s\u00f3lo los frutos maduros, lo que garantiza una alta calidad.<\/li>\n<li>La transformaci\u00f3n se realiza in situ en instalaciones modernas y sostenibles que utilizan el agua y la energ\u00eda de forma eficiente.<\/li>\n<\/ul>\n<ol start=\"3\">\n<li><strong>Transporte a Alemania:<\/strong><\/li>\n<\/ol>\n<ul>\n<li>El transporte se realiza por mar para minimizar las emisiones de CO2.<\/li>\n<\/ul>\n<ol start=\"4\">\n<li><strong>Tostado y envasado en Alemania:<\/strong><\/li>\n<\/ol>\n<ul>\n<li>Los granos se tuestan fresca y suavemente en Alemania para que desarrollen todo su sabor.<\/li>\n<li>Utilizamos envases respetuosos con el medio ambiente que mantienen el caf\u00e9 fresco al tiempo que minimizan la huella ecol\u00f3gica.<\/li>\n<\/ul>\n<ol start=\"5\">\n<li><strong>Env\u00edo a los clientes:<\/strong><\/li>\n<\/ol>\n<ul>\n<li>Todos los paquetes de caf\u00e9 se env\u00edan de forma clim\u00e1ticamente neutra con DHL GoGreen. Esto significa que las emisiones de CO2 generadas durante el env\u00edo se compensan con proyectos de protecci\u00f3n del clima.   <\/li>\n<\/ul>\n<\/blockquote>\n<p><span style=\"font-size: large;\"><em><strong><\/strong><\/em><\/span><\/p>\n<h1><\/h1>\n<p><strong>\u00bfCon qu\u00e9 organizaciones ecologistas y zool\u00f3gicos colabora Don Roberto Caf\u00e9?<\/strong><\/p>\n<blockquote>\n<p>La sostenibilidad y la conservaci\u00f3n de la naturaleza son valores fundamentales del Caf\u00e9 Don Roberto. Colaboramos con destacadas organizaciones de protecci\u00f3n del medio ambiente y asociaciones zool\u00f3gicas para promover la protecci\u00f3n de la biodiversidad, apoyar a los caficultores y sensibilizar a los consumidores alemanes sobre el consumo sostenible. <\/p>\n<p>&nbsp;<\/p>\n<p>Nuestros socios son:<br><br><\/p>\n<ol>\n<li><strong>Tropica Verde e.V.<\/strong>:<\/li>\n<\/ol>\n<ul>\n<li>Colaboramos estrechamente con Tropica Verde, una asociaci\u00f3n con amplia experiencia en Costa Rica. Tropica Verde documenta retos como la protecci\u00f3n de las selvas tropicales y apoya proyectos locales para preservar el h\u00e1bitat de las especies tropicales. <\/li>\n<\/ul>\n<ol start=\"2\">\n<li><strong>Conservaci\u00f3n de Ballenas y Delfines (WDC)<\/strong>:<\/li>\n<\/ol>\n<ul>\n<li>Apoyamos la Conservaci\u00f3n de Ballenas y Delfines y hemos asumido el patrocinio de la hembra de ballena jorobada \u00abSalt\u00bb. Esto subraya nuestro compromiso con la conservaci\u00f3n <\/li>\n<\/ul>\n<p>los ecosistemas marinos y la preservaci\u00f3n de la biodiversidad en los oc\u00e9anos.<\/p>\n<p>&nbsp;<\/p>\n<ol start=\"3\">\n<li><strong>Zoos y sociedades zool\u00f3gicas<\/strong>:<\/li>\n<\/ol>\n<ul>\n<li>Colaboramos con m\u00e1s de una docena de zool\u00f3gicos y asociaciones zool\u00f3gicas de Alemania. Estas colaboraciones nos dan la oportunidad de educar a los visitantes sobre el caf\u00e9 respetuoso con el clima y su importancia para la conservaci\u00f3n de las especies.   <br>Lo especial de nuestra asociaci\u00f3n: nuestra cooperaci\u00f3n va m\u00e1s all\u00e1 del apoyo financiero. Junto con nuestros socios, promovemos proyectos sostenibles y contribuimos directamente a la protecci\u00f3n del clima y de las especies. Caf\u00e9 Don Roberto combina el disfrute de un caf\u00e9 de alta calidad con un claro compromiso con la protecci\u00f3n del medio ambiente y la acci\u00f3n sostenible. Cada taza de Caf\u00e9 Don Roberto contribuye activamente a empoderar a los caficultores de Costa Rica y a apoyar proyectos medioambientales globales: por un futuro que merezca la pena vivir.   <\/li>\n<\/ul>\n<\/blockquote>\n<p> <strong style=\"font-size: 17px;\">\u00bfQu\u00e9 reacciones han tenido hasta ahora los socios y los consumidores?<\/strong><\/p>\n<blockquote>\n<p>Los comentarios de nuestros socios y consumidores sobre nuestro caf\u00e9 Don Roberto son siempre positivos. Estamos especialmente orgullosos del reconocimiento por el sabor excepcionalmente sabroso y suave de nuestro caf\u00e9, que impresiona por su calidad y aromas. <\/p>\n<p>&nbsp;<\/p>\n<p>Tropica Verde y otros socios valoran nuestra combinaci\u00f3n de sostenibilidad y alta calidad del caf\u00e9. Las asociaciones no s\u00f3lo apoyan la protecci\u00f3n del medio ambiente, sino tambi\u00e9n la promoci\u00f3n del consumo consciente, lo que tiene un efecto positivo en la reputaci\u00f3n y el alcance de nuestra marca. Los clientes elogian repetidamente el sabor suave pero intenso de nuestro caf\u00e9.  <\/p>\n<p>La mayor parte de nuestro crecimiento procede de las recomendaciones de clientes satisfechos. Sus experiencias positivas les llevan a recomendar el caf\u00e9 a sus amigos y familiares, lo que nos proporciona un crecimiento org\u00e1nico. <\/p>\n<\/blockquote>\n<p><span style=\"font-size: large;\"><em><strong><\/strong><\/em><\/span><\/p>[\/et_pb_text][et_pb_image src=\u00bbhttps:\/\/tropica-verde.de\/wp-content\/uploads\/2024\/12\/Bohnen.jpg\u00bb alt=\u00bbCaf\u00e9 Costa Rica\u00bb title_text=\u00bbCaf\u00e9 en grano de DonRoberto\u00bb _builder_version=\u00bb4.23.1&#8243; _module_preset=\u00bbdefault\u00bb global_colors_info=\u00bb{}\u00bb][\/et_pb_image][\/et_pb_column][\/et_pb_row][et_pb_row _builder_version=\u00bb4.23.1&#8243; _module_preset=\u00bbdefault\u00bb global_colors_info=\u00bb{}\u00bb][et_pb_column type=\u00bb4_4&#8243; _builder_version=\u00bb4.23.1&#8243; _module_preset=\u00bbdefault\u00bb global_colors_info=\u00bb{}\u00bb][et_pb_text _builder_version=\u00bb4.23.1&#8243; _module_preset=\u00bbdefault\u00bb custom_padding=\u00bb||0px|||\u00bb global_colors_info=\u00bb{}\u00bb]<blockquote><\/blockquote>\n<p><strong>\u00bfQu\u00e9 planes tienes para 2025?<\/strong><\/p>\n<blockquote>\n<p>Caf\u00e9 Don Roberto tiene ambiciosos objetivos de crecimiento para 2025. Queremos seguir aumentando nuestra visibilidad y dar a conocer a\u00fan m\u00e1s la marca. Una parte importante de esta estrategia es el uso de un puesto de caf\u00e9 m\u00f3vil, que se instalar\u00e1 frente a las entradas de nuestros socios colaboradores, incluidos zool\u00f3gicos, organizaciones medioambientales y otros socios. Este puesto de caf\u00e9 ofrece a los visitantes la oportunidad de probar el Caf\u00e9 Don Roberto y aprender m\u00e1s sobre la producci\u00f3n sostenible de caf\u00e9 y nuestras asociaciones en el campo de la conservaci\u00f3n de especies. Lo especial de esta campa\u00f1a es que no s\u00f3lo ofrece a los clientes una experiencia gustativa especial, sino que tambi\u00e9n apoya al socio colaborador en la conservaci\u00f3n de especies.    <\/p>\n<p>Esta situaci\u00f3n beneficiosa para todos crea valor a\u00f1adido para todos los implicados y es un paso importante en nuestro camino hacia una mayor visibilidad y un crecimiento sostenible.<\/p>\n<\/blockquote>\n<h1 style=\"text-align: right;\"><span style=\"font-size: xx-large;\"><span style=\"font-family: inherit; font-weight: normal;\"><br><a href=\"https:\/\/donrobertocoffee.com\/tropica-verde-e-v\/\" rel=\"nofollow noopener\" target=\"_blank\"><span style=\"color: #a1c611;\">&gt;&gt;&gt;<\/span>  \u00bfTe apetece un caf\u00e9?  <br><span style=\"color: #a1c611;\">Puedes comprar caf\u00e9 Tropica Verde aqu\u00ed<\/span><\/a><\/span><span style=\"font-family: inherit; font-weight: normal;\"><span style=\"color: #a1c611;\"><\/span><\/span> <\/span><\/h1>\n<p>&nbsp;<\/p>\n<p><span style=\"font-size: large;\"><em><strong><\/strong><\/em><\/span><\/p>\n<p><span style=\"font-size: large;\"><em><strong>Gracias Senol por esta entrevista tan informativa.<\/strong><\/em><\/span><span style=\"font-size: large;\"><em><strong> <\/strong><\/em><\/span><span style=\"font-size: large;\"><em><strong>Estamos muy contentos de nuestra cooperaci\u00f3n y esperamos un largo futuro compartido.  <\/strong><\/em><\/span><\/p>\n<p><span style=\"font-family: inherit; font-weight: normal;\"><\/span><\/p>\n<p><span style=\"font-size: large;\"><em><strong><\/strong><\/em><\/span><\/p>\n<p><span style=\"font-size: large;\"><em><strong><\/strong><\/em><\/span><\/p>[\/et_pb_text][\/et_pb_column][\/et_pb_row][et_pb_row column_structure=\u00bb1_4,1_4,1_4,1_4&#8243; custom_padding_last_edited=\u00bbon|desktop\u00bb _builder_version=\u00bb4.23.1&#8243; _module_preset=\u00bbdefault\u00bb background_enable_color=\u00bboff\u00bb min_height=\u00bb355.1px\u00bb custom_margin=\u00bb-25px|auto|0px|auto|false|false\u00bb custom_padding=\u00bb70px||0px||false|false\u00bb custom_padding_tablet=\u00bb||0px||false|false\u00bb custom_padding_phone=\u00bb0px|0px|0px|0px|false|false\u00bb global_module=\u00bb244553&#8243; global_colors_info=\u00bb{}\u00bb][et_pb_column type=\u00bb1_4&#8243; _builder_version=\u00bb4.23.1&#8243; _module_preset=\u00bbdefault\u00bb global_colors_info=\u00bb{}\u00bb][et_pb_image src=\u00bbhttps:\/\/tropica-verde.de\/wp-content\/uploads\/2024\/06\/Zasob-10.svg\u00bb title_text=\u00bbZas\u00f3b 10&#8243; url=\u00bbhttps:\/\/tropica-verde.de\/es\/ayudardonar\/#spenden\u00bb align=\u00bbcenter\u00bb _builder_version=\u00bb4.23.1&#8243; _module_preset=\u00bbdefault\u00bb max_width=\u00bb220px\u00bb global_colors_info=\u00bb{}\u00bb][\/et_pb_image][et_pb_text _builder_version=\u00bb4.23.1&#8243; _module_preset=\u00bb148b6e92-2377-47ed-a4d0-f5bd97198ef5&#8243; text_text_color=\u00bb#ffffff\u00bb header_text_color=\u00bb#006B46&#8243; header_font_size=\u00bb36px\u00bb header_2_text_color=\u00bb#006B46&#8243; header_2_font_size=\u00bb36px\u00bb header_3_font=\u00bbSource Sans 3|700|||||||\u00bb header_3_text_align=\u00bbcenter\u00bb header_3_text_color=\u00bb#575656&#8243; header_3_font_size=\u00bb24px\u00bb header_font_size_tablet=\u00bb30px\u00bb header_font_size_phone=\u00bb24px\u00bb header_font_size_last_edited=\u00bbon|phone\u00bb header_2_font_size_tablet=\u00bb30px\u00bb header_2_font_size_phone=\u00bb24px\u00bb header_2_font_size_last_edited=\u00bbon|desktop\u00bb header_3_font_size_tablet=\u00bb20px\u00bb header_3_font_size_phone=\u00bb18px\u00bb header_3_font_size_last_edited=\u00bbon|phone\u00bb global_colors_info=\u00bb{}\u00bb]<h3>Haz un donativo<\/h3>[\/et_pb_text][\/et_pb_column][et_pb_column type=\u00bb1_4&#8243; _builder_version=\u00bb4.23.1&#8243; _module_preset=\u00bbdefault\u00bb global_colors_info=\u00bb{}\u00bb][et_pb_image src=\u00bbhttps:\/\/tropica-verde.de\/wp-content\/uploads\/2024\/07\/image-2.svg\u00bb title_text=\u00bbimagen-2&#8243; url=\u00bbhttps:\/\/tropica-verde.de\/es\/ayudardonar\/#mitglied\u00bb align=\u00bbcenter\u00bb admin_label=\u00bbImage\u00bb _builder_version=\u00bb4.23.1&#8243; _module_preset=\u00bbdefault\u00bb max_width=\u00bb220px\u00bb global_colors_info=\u00bb{}\u00bb][\/et_pb_image][et_pb_text _builder_version=\u00bb4.23.1&#8243; _module_preset=\u00bb148b6e92-2377-47ed-a4d0-f5bd97198ef5&#8243; text_text_color=\u00bb#ffffff\u00bb header_text_color=\u00bb#006B46&#8243; header_font_size=\u00bb36px\u00bb header_2_text_color=\u00bb#006B46&#8243; header_2_font_size=\u00bb36px\u00bb header_3_font=\u00bbSource Sans 3|700|||||||\u00bb header_3_text_align=\u00bbcenter\u00bb header_3_text_color=\u00bb#575656&#8243; header_3_font_size=\u00bb24px\u00bb header_font_size_tablet=\u00bb30px\u00bb header_font_size_phone=\u00bb24px\u00bb header_font_size_last_edited=\u00bbon|phone\u00bb header_2_font_size_tablet=\u00bb30px\u00bb header_2_font_size_phone=\u00bb24px\u00bb header_2_font_size_last_edited=\u00bbon|desktop\u00bb header_3_font_size_tablet=\u00bb20px\u00bb header_3_font_size_phone=\u00bb18px\u00bb header_3_font_size_last_edited=\u00bbon|phone\u00bb global_colors_info=\u00bb{}\u00bb]<h3><br>\u00a1Hazte miembro de !<\/h3>[\/et_pb_text][\/et_pb_column][et_pb_column type=\u00bb1_4&#8243; _builder_version=\u00bb4.23.1&#8243; _module_preset=\u00bbdefault\u00bb global_colors_info=\u00bb{}\u00bb][et_pb_image src=\u00bbhttps:\/\/tropica-verde.de\/wp-content\/uploads\/2024\/07\/image-3.svg\u00bb title_text=\u00bbimagen-3&#8243; url=\u00bbhttps:\/\/tropica-verde.de\/es\/ayudardonar\/#ehrenamt\u00bb align=\u00bbcenter\u00bb admin_label=\u00bbImage\u00bb _builder_version=\u00bb4.23.1&#8243; _module_preset=\u00bbdefault\u00bb max_width=\u00bb220px\u00bb global_colors_info=\u00bb{}\u00bb][\/et_pb_image][et_pb_text _builder_version=\u00bb4.23.1&#8243; _module_preset=\u00bb148b6e92-2377-47ed-a4d0-f5bd97198ef5&#8243; text_text_color=\u00bb#ffffff\u00bb header_text_color=\u00bb#006B46&#8243; header_font_size=\u00bb36px\u00bb header_2_text_color=\u00bb#006B46&#8243; header_2_font_size=\u00bb36px\u00bb header_3_font=\u00bbSource Sans 3|700|||||||\u00bb header_3_text_align=\u00bbcenter\u00bb header_3_text_color=\u00bb#575656&#8243; header_3_font_size=\u00bb24px\u00bb header_font_size_tablet=\u00bb30px\u00bb header_font_size_phone=\u00bb24px\u00bb header_font_size_last_edited=\u00bbon|phone\u00bb header_2_font_size_tablet=\u00bb30px\u00bb header_2_font_size_phone=\u00bb24px\u00bb header_2_font_size_last_edited=\u00bbon|desktop\u00bb header_3_font_size_tablet=\u00bb20px\u00bb header_3_font_size_phone=\u00bb18px\u00bb header_3_font_size_last_edited=\u00bbon|phone\u00bb global_colors_info=\u00bb{}\u00bb]<h3>\u00a1Act\u00faa como voluntario!<\/h3>[\/et_pb_text][\/et_pb_column][et_pb_column type=\u00bb1_4&#8243; _builder_version=\u00bb4.23.1&#8243; _module_preset=\u00bbdefault\u00bb global_colors_info=\u00bb{}\u00bb][et_pb_image src=\u00bbhttps:\/\/tropica-verde.de\/wp-content\/uploads\/2024\/07\/image-4.svg\u00bb title_text=\u00bbimagen-4&#8243; align=\u00bbcenter\u00bb admin_label=\u00bbImage\u00bb _builder_version=\u00bb4.23.1&#8243; _module_preset=\u00bbdefault\u00bb max_width=\u00bb220px\u00bb global_colors_info=\u00bb{}\u00bb][\/et_pb_image][et_pb_text _builder_version=\u00bb4.23.1&#8243; _module_preset=\u00bb148b6e92-2377-47ed-a4d0-f5bd97198ef5&#8243; text_text_color=\u00bb#ffffff\u00bb header_text_color=\u00bb#006B46&#8243; header_font_size=\u00bb36px\u00bb header_2_text_color=\u00bb#006B46&#8243; header_2_font_size=\u00bb36px\u00bb header_3_font=\u00bbSource Sans 3|700|||||||\u00bb header_3_text_align=\u00bbcenter\u00bb header_3_text_color=\u00bb#575656&#8243; header_3_font_size=\u00bb24px\u00bb header_font_size_tablet=\u00bb30px\u00bb header_font_size_phone=\u00bb24px\u00bb header_font_size_last_edited=\u00bbon|phone\u00bb header_2_font_size_tablet=\u00bb30px\u00bb header_2_font_size_phone=\u00bb24px\u00bb header_2_font_size_last_edited=\u00bbon|desktop\u00bb header_3_font_size_tablet=\u00bb20px\u00bb header_3_font_size_phone=\u00bb18px\u00bb header_3_font_size_last_edited=\u00bbon|phone\u00bb global_colors_info=\u00bb{}\u00bb]<h3><br>\u00a1Recomi\u00e9ndanos!<\/h3>[\/et_pb_text][\/et_pb_column][\/et_pb_row][\/et_pb_section]<!-- \/wp:post-content -->","protected":false},"excerpt":{"rendered":"<p>Entrevista con Senol Halfar | Socio y Director General de DonRoberto Coffee de Wolfgang Schmitt Bajo el lema \u00abconsumo consciente\u00bb, \u00bfc\u00f3mo contribuye el Caf\u00e9 Don Roberto a mejorar las condiciones laborales condiciones laborales, las normas medioambientales y la concienciaci\u00f3n de los consumidores? Costa Rica lleva d\u00e9cadas siendo pionera en cuanto a normas de calidad y [&hellip;]<\/p>\n","protected":false},"author":15,"featured_media":245764,"comment_status":"open","ping_status":"open","sticky":false,"template":"","format":"standard","meta":{"_et_pb_use_builder":"on","_et_pb_old_content":"","_et_gb_content_width":"","inline_featured_image":false,"footnotes":""},"categories":[225,205,147],"tags":[158,161,306,304,305],"class_list":["post-245871","post","type-post","status-publish","format-standard","has-post-thumbnail","hentry","category-ods-12-consumo-y-produccion-sostenibles","category-testimonios","category-todo-lo-demas-sobre-el-club","tag-costa-rica-es","tag-educacion-medioambiental","tag-proyectos-cruzados","tag-red","tag-red-educativa"],"_links":{"self":[{"href":"https:\/\/tropica-verde.de\/es\/wp-json\/wp\/v2\/posts\/245871","targetHints":{"allow":["GET"]}}],"collection":[{"href":"https:\/\/tropica-verde.de\/es\/wp-json\/wp\/v2\/posts"}],"about":[{"href":"https:\/\/tropica-verde.de\/es\/wp-json\/wp\/v2\/types\/post"}],"author":[{"embeddable":true,"href":"https:\/\/tropica-verde.de\/es\/wp-json\/wp\/v2\/users\/15"}],"replies":[{"embeddable":true,"href":"https:\/\/tropica-verde.de\/es\/wp-json\/wp\/v2\/comments?post=245871"}],"version-history":[{"count":23,"href":"https:\/\/tropica-verde.de\/es\/wp-json\/wp\/v2\/posts\/245871\/revisions"}],"predecessor-version":[{"id":247561,"href":"https:\/\/tropica-verde.de\/es\/wp-json\/wp\/v2\/posts\/245871\/revisions\/247561"}],"wp:featuredmedia":[{"embeddable":true,"href":"https:\/\/tropica-verde.de\/es\/wp-json\/wp\/v2\/media\/245764"}],"wp:attachment":[{"href":"https:\/\/tropica-verde.de\/es\/wp-json\/wp\/v2\/media?parent=245871"}],"wp:term":[{"taxonomy":"category","embeddable":true,"href":"https:\/\/tropica-verde.de\/es\/wp-json\/wp\/v2\/categories?post=245871"},{"taxonomy":"post_tag","embeddable":true,"href":"https:\/\/tropica-verde.de\/es\/wp-json\/wp\/v2\/tags?post=245871"}],"curies":[{"name":"wp","href":"https:\/\/api.w.org\/{rel}","templated":true}]}}