{"id":245847,"date":"2024-12-18T23:05:09","date_gmt":"2024-12-18T21:05:09","guid":{"rendered":"https:\/\/tropica-verde.de\/organizacion-asociada-ecodesi-ideologia-e-intercambio-intergeneracional\/"},"modified":"2025-05-26T17:48:56","modified_gmt":"2025-05-26T15:48:56","slug":"organizacion-asociada-ecodesi-ideologia-e-intercambio-intergeneracional","status":"publish","type":"post","link":"https:\/\/tropica-verde.de\/es\/organizacion-asociada-ecodesi-ideologia-e-intercambio-intergeneracional\/","title":{"rendered":"ECODESI: Ideolog\u00eda e intercambio intergeneracional"},"content":{"rendered":"[et_pb_section fb_built=\u00bb1&#8243; admin_label=\u00bbsection\u00bb _builder_version=\u00bb4.16&#8243; min_height=\u00bb2752.1px\u00bb custom_padding=\u00bb21px|||||\u00bb global_colors_info=\u00bb{}\u00bb][et_pb_row admin_label=\u00bbfila\u00bb _builder_version=\u00bb4.23.1&#8243; background_size=\u00bbinitial\u00bb background_position=\u00bbtop_left\u00bb background_repeat=\u00bbrepeat\u00bb custom_margin=\u00bb|auto|-43px|auto||\u00bb custom_padding=\u00bb0px|||||\u00bb global_colors_info=\u00bb{}\u00bb][et_pb_column type=\u00bb4_4&#8243; _builder_version=\u00bb4.16&#8243; custom_padding=\u00bb|||\u00bb global_colors_info=\u00bb{}\u00bb custom_padding__hover=\u00bb|||\u00bb][et_pb_image src=\u00bbhttps:\/\/tropica-verde.de\/wp-content\/uploads\/2024\/12\/1000135666-scaled.jpg\u00bb alt=\u00bbEducaci\u00f3n medioambiental intergeneracional\u00bb title_text=\u00bbTodo el equipo del d\u00eda en el evento de ECODESI y Tropica Verde\u00bb _builder_version=\u00bb4.23.1&#8243; _module_preset=\u00bbdefault\u00bb global_colors_info=\u00bb{}\u00bb][\/et_pb_image][et_pb_text admin_label=\u00bbText\u00bb _builder_version=\u00bb4.23.1&#8243; background_size=\u00bbinitial\u00bb background_position=\u00bbtop_left\u00bb background_repeat=\u00bbrepeat\u00bb min_height=\u00bb198.4px\u00bb custom_padding=\u00bb||0px|||\u00bb global_colors_info=\u00bb{}\u00bb]<h2><strong>ECODESI como nexo de uni\u00f3n entre cuestiones de sostenibilidad y generaciones<\/strong><\/h2>\n<p>ECODESI es una organizaci\u00f3n sin \u00e1nimo de lucro cuyo principal objetivo es la planificaci\u00f3n y ejecuci\u00f3n de <strong>proyectos en el \u00e1mbito social y ecol\u00f3gico<\/strong>. Se basa en el reconocimiento de que <strong>el medio ambiente y la sociedad est\u00e1n estrechamente vinculados<\/strong> y de que el comportamiento humano -incluidas las tradiciones, la cultura y los h\u00e1bitos- tiene un impacto significativo en la calidad del medio ambiente. Ejemplos como los fen\u00f3menos meteorol\u00f3gicos extremos, la escasez de recursos y la p\u00e9rdida de biodiversidad son el resultado de un comportamiento humano que afecta al medio en el que vivimos y, por tanto, a la salud p\u00fablica, la econom\u00eda y la estabilidad social.  <\/p>\n<p><\/p>[\/et_pb_text][\/et_pb_column][\/et_pb_row][et_pb_row column_structure=\u00bb1_2,1_2&#8243; _builder_version=\u00bb4.23.1&#8243; _module_preset=\u00bbdefault\u00bb global_colors_info=\u00bb{}\u00bb][et_pb_column type=\u00bb1_2&#8243; _builder_version=\u00bb4.23.1&#8243; _module_preset=\u00bbdefault\u00bb global_colors_info=\u00bb{}\u00bb][et_pb_text _builder_version=\u00bb4.23.1&#8243; _module_preset=\u00bbdefault\u00bb global_colors_info=\u00bb{}\u00bb]<p>Con la conciencia de las conexiones descritas anteriormente y tras analizar el modo de vida de nuestros antepasados y sus h\u00e1bitos cotidianos, hemos descubierto que muchas de las pr\u00e1cticas actuales deber\u00edan mejorarse teniendo en cuenta sus experiencias. Creemos firmemente que sus pr\u00e1cticas eran m\u00e1s respetuosas (con el medio ambiente) que las de las sociedades actuales. <\/p>\n<p>Por ello, hemos querido que nuestro proyecto \u00abCOLORES DE IDENTIDAD ESPA\u00d1A-COSTA RICA. 2024\u00bb se centrara en el intercambio intergeneracional. <\/p>\n<p>Aqu\u00ed<strong> reunimos a participantes mayores con j\u00f3venes y ni\u00f1os<\/strong>, de modo que la experiencia y la sabidur\u00eda de los mayores se funden perfectamente con la frescura, la energ\u00eda y los conocimientos tecnol\u00f3gicos de los j\u00f3venes.<\/p>\n<p>&nbsp;<\/p>[\/et_pb_text][\/et_pb_column][et_pb_column type=\u00bb1_2&#8243; _builder_version=\u00bb4.23.1&#8243; _module_preset=\u00bbdefault\u00bb global_colors_info=\u00bb{}\u00bb][et_pb_gallery gallery_ids=\u00bb245794,245791,245797,245800&#8243; fullwidth=\u00bbon\u00bb _builder_version=\u00bb4.23.1&#8243; _module_preset=\u00bbdefault\u00bb custom_margin=\u00bb|||7px||\u00bb custom_padding=\u00bb|||0px||\u00bb hover_transition_speed_curve=\u00bbease-in-out\u00bb global_colors_info=\u00bb{}\u00bb][\/et_pb_gallery][\/et_pb_column][\/et_pb_row][et_pb_row _builder_version=\u00bb4.23.1&#8243; _module_preset=\u00bbdefault\u00bb global_colors_info=\u00bb{}\u00bb][et_pb_column type=\u00bb4_4&#8243; _builder_version=\u00bb4.23.1&#8243; _module_preset=\u00bbdefault\u00bb global_colors_info=\u00bb{}\u00bb][et_pb_text _builder_version=\u00bb4.23.1&#8243; _module_preset=\u00bbdefault\u00bb custom_padding=\u00bb||0px|||\u00bb global_colors_info=\u00bb{}\u00bb]<blockquote><\/blockquote>\n<h2>El intercambio intergeneracional fomenta el aprendizaje permanente y el pensamiento y la acci\u00f3n hol\u00edsticos<\/h2>\n<p><span style=\"font-size: 17px;\">Este<strong> intercambio intergeneracional promueve tanto el aprendizaje como el desaprendizaje<\/strong>, con el objetivo de trabajar juntos <strong>para<\/strong> <strong>proteger los recursos naturales<\/strong>. Se cuestionan viejas ideas, como \u201cel agua es un recurso inagotable\u201d, mientras los j\u00f3venes <strong>desarrollan<\/strong> una <strong>conciencia de los efectos del actual comportamiento de consumo<\/strong>. <\/span><\/p>\n<p><strong><\/strong>Los estudios y la investigaci\u00f3n nos animan a adoptar una actitud cr\u00edtica ante la situaci\u00f3n. Consideramos un \u00e9xito que este intercambio intergeneracional fomente el aprendizaje permanente -independientemente de la edad- y apoye la conservaci\u00f3n, documentaci\u00f3n y transmisi\u00f3n del conocimiento. Tambi\u00e9n hace m\u00e1s visible a la poblaci\u00f3n de m\u00e1s edad y garantiza que sus conocimientos se conserven, valoren y hagan accesibles a las generaciones futuras.    <strong>El objetivo es promover personas integrales que cultiven una relaci\u00f3n positiva con el medio ambiente y desarrollen el respeto y la sensibilidad.<\/strong><\/p>\n<p><span style=\"font-size: 17px;\"><\/span><\/p>[\/et_pb_text][\/et_pb_column][\/et_pb_row][et_pb_row _builder_version=\u00bb4.23.1&#8243; _module_preset=\u00bbdefault\u00bb global_colors_info=\u00bb{}\u00bb][et_pb_column type=\u00bb4_4&#8243; _builder_version=\u00bb4.23.1&#8243; _module_preset=\u00bbdefault\u00bb global_colors_info=\u00bb{}\u00bb][et_pb_gallery gallery_ids=\u00bb245818,245785,245809,245806,245803,245788,245812&#8243; fullwidth=\u00bbon\u00bb _builder_version=\u00bb4.23.1&#8243; _module_preset=\u00bbdefault\u00bb global_colors_info=\u00bb{}\u00bb][\/et_pb_gallery][et_pb_text _builder_version=\u00bb4.23.1&#8243; _module_preset=\u00bbdefault\u00bb global_colors_info=\u00bb{}\u00bb]<p>En los \u00faltimos a\u00f1os, hemos animado a los j\u00f3venes a desarrollar un aut\u00e9ntico amor por la naturaleza y los recursos naturales. Queremos que utilicen la tecnolog\u00eda para promover buenas pr\u00e1cticas que ayuden a proteger nuestro medio ambiente y desarrollen el respeto por las personas mayores y sus conocimientos. <\/p>\n<p>Hasta ahora, nuestros proyectos se han centrado en la protecci\u00f3n del medio ambiente. A trav\u00e9s de diversas actividades, se ha creado una conexi\u00f3n entre mayores y ni\u00f1os, que favorece el intercambio de experiencias en el \u00e1mbito medioambiental. <\/p>\n<p>Estamos <strong>convencidos de que el aprendizaje permanente es una necesidad social y un derecho de todas las personas.<\/strong> Las actividades intergeneracionales de ECODESI con una perspectiva medioambiental ayudan a crear diversas oportunidades de aprendizaje, a adquirir nuevas destrezas y habilidades y a promover actitudes positivas como la solidaridad, la creatividad, la participaci\u00f3n y la convivencia armoniosa. Esto coincide exactamente con los principios de <a href=\"https:\/\/tropica-verde.de\/es\/educacion-para-el-desarrollo-sostenible\/\">la Educaci\u00f3n para el Desarrollo Sostenible (EDS) .<\/a><\/p>\n<h2>Aprender juntos promueve la transformaci\u00f3n<\/h2>\n<p>Los datos muestran que el intercambio intergeneracional a trav\u00e9s de actividades educativas inclusivas ha hecho hincapi\u00e9 en aspectos que <strong>promueven<\/strong> la <strong>transformaci\u00f3n de la convivencia entre personas mayores y ni\u00f1os<\/strong>, <strong>en beneficio de ambos grupos y de la sociedad en su conjunto.<\/strong> En 2025, se seguir\u00e1n realizando actividades educativas en las que ni\u00f1os, j\u00f3venes y mayores de nuestra comunidad aprendan juntos, con especial atenci\u00f3n a las cuestiones medioambientales.<\/p>[\/et_pb_text][\/et_pb_column][\/et_pb_row][et_pb_row column_structure=\u00bb1_2,1_2&#8243; _builder_version=\u00bb4.23.1&#8243; _module_preset=\u00bbdefault\u00bb global_colors_info=\u00bb{}\u00bb][et_pb_column type=\u00bb1_2&#8243; _builder_version=\u00bb4.23.1&#8243; _module_preset=\u00bbdefault\u00bb global_colors_info=\u00bb{}\u00bb][et_pb_image src=\u00bbhttps:\/\/tropica-verde.de\/wp-content\/uploads\/2024\/12\/Adela-und-Monica-2024-scaled.jpg\u00bb alt=\u00bbJardiner\u00eda comunitaria en Costa Rica\u00bb title_text=\u00bbAdela (ECODESI) y M\u00f3nica (red de educaci\u00f3n ambiental Tropica Verde)\u00bb _builder_version=\u00bb4.23.1&#8243; _module_preset=\u00bbdefault\u00bb custom_padding=\u00bb|0px||||\u00bb global_colors_info=\u00bb{}\u00bb][\/et_pb_image][\/et_pb_column][et_pb_column type=\u00bb1_2&#8243; _builder_version=\u00bb4.23.1&#8243; _module_preset=\u00bbdefault\u00bb global_colors_info=\u00bb{}\u00bb][et_pb_text _builder_version=\u00bb4.23.1&#8243; _module_preset=\u00bbdefault\u00bb custom_margin=\u00bb0px|||||\u00bb hover_enabled=\u00bb0&#8243; global_colors_info=\u00bb{}\u00bb custom_padding=\u00bb0px|||||\u00bb sticky_enabled=\u00bb0&#8243;]<p>Por este motivo, hemos fusionado nuestros proyectos:<\/p>\n<p>Estamos convencidos de que la integraci\u00f3n del proyecto <strong>\u00abFuentes de Sabidur\u00eda<\/strong> \u00bb -que ofrece a los adultos mayores una atenci\u00f3n personalizada y hol\u00edstica en un entorno agradable y la interacci\u00f3n con sus iguales, mejorando su calidad de vida- con el proyecto <strong>\u00abColores de Identidad\u00bb<\/strong>, centrado en la conservaci\u00f3n y difusi\u00f3n de variedades locales de semillas y en la recuperaci\u00f3n de la identidad y las tradiciones de un pueblo que tradicionalmente viv\u00eda en armon\u00eda con la naturaleza, es una valiosa forma de educaci\u00f3n.<\/p>\n<p><strong>Nuestros proyectos pretenden preservar estos conocimientos para que perduren durante generaciones.  <\/strong><\/p>[\/et_pb_text][\/et_pb_column][\/et_pb_row][et_pb_row column_structure=\u00bb1_2,1_2&#8243; _builder_version=\u00bb4.23.1&#8243; _module_preset=\u00bbdefault\u00bb min_height=\u00bb151.8px\u00bb global_colors_info=\u00bb{}\u00bb][et_pb_column type=\u00bb1_2&#8243; _builder_version=\u00bb4.23.1&#8243; _module_preset=\u00bbdefault\u00bb global_colors_info=\u00bb{}\u00bb][et_pb_testimonial author=\u00bbM\u00f3nica Chinchilla-Vargas\u00bb url_new_window=\u00bbon\u00bb portrait_url=\u00bbhttps:\/\/tropica-verde.de\/wp-content\/uploads\/2024\/12\/Monica-Chinchilla-Vargas-2024.jpg\u00bb quote_icon_color=\u00bb#575656&#8243; quote_icon_background_color=\u00bbRGBA(0,0,0,0)\u00bb _builder_version=\u00bb4.23.1&#8243; _module_preset=\u00bbdefault\u00bb body_text_align=\u00bbcenter\u00bb body_font_size=\u00bb16px\u00bb author_text_align=\u00bbcenter\u00bb author_font_size=\u00bb16px\u00bb author_line_height=\u00bb1.4em\u00bb module_alignment=\u00bbcenter\u00bb max_height=\u00bb1000px\u00bb custom_margin=\u00bb||||false|false\u00bb custom_padding=\u00bb32px|18px|32px|25px|false|false\u00bb link_option_url=\u00bbhttps:\/\/tropica-verde.de\/bildungsnetzwerk-cr-interview-koordinatorin\/\u00bb link_option_url_new_window=\u00bbon\u00bb author_font_size_tablet=\u00bb\u00bb author_font_size_phone=\u00bb\u00bb author_font_size_last_edited=\u00bbon|phone\u00bb border_color_all=\u00bbRGBA(0,0,0,0)\u00bb global_colors_info=\u00bb{}\u00bb]<p style=\"text-align: center;\"><a href=\"https:\/\/tropica-verde.de\/es\/red-de-educacion-en-costa-rica-entrevista-con-la-nueva-coordinadora\/\" target=\"_blank\" rel=\"noopener\">Inf\u00f3rmate sobre la red de educaci\u00f3n medioambiental de Tropica Verde a trav\u00e9s del coordinador<\/a><\/p>[\/et_pb_testimonial][\/et_pb_column][et_pb_column type=\u00bb1_2&#8243; _builder_version=\u00bb4.23.1&#8243; _module_preset=\u00bbdefault\u00bb global_colors_info=\u00bb{}\u00bb][et_pb_text _builder_version=\u00bb4.23.1&#8243; _module_preset=\u00bbdefault\u00bb global_colors_info=\u00bb{}\u00bb]<p><span style=\"font-size: medium;\"><em>Texto de MSc.<br>Adela Rosales Pe\u00f1a (izquierda; M\u00f3nica: derecha) Coordinadora de la organizaci\u00f3n ECODESI <\/em><\/span><\/p>[\/et_pb_text][et_pb_button button_url=\u00bbhttps:\/\/tropica-verde.de\/es\/ayudardonar\/donaciones\/\u00bb button_text=\u00bbDONA AHORA PARA LA EDUCACI\u00d3N MEDIOAMBIENTAL\u00bb button_alignment=\u00bbleft\u00bb button_alignment_tablet=\u00bbcenter\u00bb button_alignment_phone=\u00bbcenter\u00bb button_alignment_last_edited=\u00bbon|desktop\u00bb _builder_version=\u00bb4.23.1&#8243; button_text_size=\u00bb18px\u00bb button_text_color=\u00bb#ffffff\u00bb button_bg_color=\u00bb#ff6a09&#8243; button_border_width=\u00bb1px\u00bb button_border_color=\u00bb#ff6a09&#8243; button_border_radius=\u00bb10px\u00bb button_font=\u00bb|700|||||||\u00bb button_icon=\u00bb&#xf054;||fa||900&#8243; vertical_offset_tablet=\u00bb0&#8243; horizontal_offset_tablet=\u00bb0&#8243; z_index_tablet=\u00bb0&#8243; button_text_shadow_horizontal_length_tablet=\u00bb0px\u00bb button_text_shadow_vertical_length_tablet=\u00bb0px\u00bb button_text_shadow_blur_strength_tablet=\u00bb1px\u00bb box_shadow_horizontal_tablet=\u00bb0px\u00bb box_shadow_vertical_tablet=\u00bb0px\u00bb box_shadow_blur_tablet=\u00bb40px\u00bb box_shadow_spread_tablet=\u00bb0px\u00bb global_colors_info=\u00bb{}\u00bb][\/et_pb_button][\/et_pb_column][\/et_pb_row][et_pb_row column_structure=\u00bb1_5,3_5,1_5&#8243; custom_padding_last_edited=\u00bbon|tablet\u00bb module_id=\u00bbmitglied\u00bb _builder_version=\u00bb4.23.1&#8243; _module_preset=\u00bbdefault\u00bb background_color=\u00bb#e9eeea\u00bb custom_padding=\u00bb50px||50px||false|false\u00bb custom_padding_tablet=\u00bb30px||30px||false|false\u00bb custom_padding_phone=\u00bb30px||30px||false|false\u00bb global_colors_info=\u00bb{}\u00bb][et_pb_column type=\u00bb1_5&#8243; _builder_version=\u00bb4.16&#8243; _module_preset=\u00bbdefault\u00bb global_colors_info=\u00bb{}\u00bb][et_pb_code raw_content_tablet=\u00bb<span class='et-pb-icon' style=%22color:#238da2; font-size:41px%22>=<\/span>\u00bb raw_content_phone=\u00bb\u00bb raw_content_last_edited=\u00bbon|tablet\u00bb _builder_version=\u00bb4.16&#8243; _module_preset=\u00bbdefault\u00bb text_orientation=\u00bbright\u00bb custom_padding=\u00bb8px|||20px|false|false\u00bb text_orientation_tablet=\u00bbcenter\u00bb text_orientation_phone=\u00bb\u00bb text_orientation_last_edited=\u00bbon|phone\u00bb global_colors_info=\u00bb{}\u00bb]<span class=\"et-pb-icon\" style=\"color:#238da2; font-size:30px\">$<\/span>[\/et_pb_code][\/et_pb_column][et_pb_column type=\u00bb3_5&#8243; _builder_version=\u00bb4.16&#8243; _module_preset=\u00bbdefault\u00bb custom_padding_tablet=\u00bb|20px||20px|false|false\u00bb custom_padding_phone=\u00bb|20px||20px|false|false\u00bb custom_padding_last_edited=\u00bbon|tablet\u00bb global_colors_info=\u00bb{}\u00bb][et_pb_text _builder_version=\u00bb4.23.1&#8243; _module_preset=\u00bbdefault\u00bb header_2_font=\u00bbSource Sans 3|800|||||||\u00bb header_2_font_size=\u00bb36px\u00bb header_3_font_size=\u00bb24px\u00bb custom_margin=\u00bb||17px|||\u00bb header_2_font_size_tablet=\u00bb30px\u00bb header_2_font_size_phone=\u00bb24px\u00bb header_2_font_size_last_edited=\u00bbon|phone\u00bb header_3_font_size_tablet=\u00bb20px\u00bb header_3_font_size_phone=\u00bb18px\u00bb header_3_font_size_last_edited=\u00bbon|phone\u00bb global_colors_info=\u00bb{}\u00bb]<h2>H\u00c1GASE SOCIO<\/h2>\n<h3 class=\"serif\">La naturaleza, el medio ambiente y la protecci\u00f3n del clima necesitan un grupo de presi\u00f3n ahora m\u00e1s que nunca. Con su afiliaci\u00f3n nos da su voz para nuestro trabajo. Cuantos m\u00e1s afiliados representemos, m\u00e1s fuerte ser\u00e1 nuestra posici\u00f3n en el \u00e1mbito pol\u00edtico y econ\u00f3mico.  <\/h3>\n<p>Como miembro de Tropica Verde tienes muchas oportunidades. Puede implicarse activamente en la labor de la asociaci\u00f3n, participar como voluntario en actos e intercambiar ideas con personas de ideas afines sobre temas como la conservaci\u00f3n de la selva tropical, la protecci\u00f3n del clima, la educaci\u00f3n medioambiental y otros. O simplemente puedes apoyar nuestros proyectos regularmente con tu cuota de socio y ayudar a preservar la selva tropical de Costa Rica a largo plazo. Al hacerse miembro de Tropica Verde, est\u00e1 promoviendo la protecci\u00f3n sostenible del clima y ayud\u00e1ndonos a desarrollar y ampliar continuamente los proyectos de conservaci\u00f3n.   <\/p>[\/et_pb_text][et_pb_button button_url=\u00bbhttps:\/\/tropica-verde.de\/es\/ayudardonar\/afiliarse\/\u00bb button_text=\u00bbH\u00c1GASE SOCIO AHORA\u00bb button_alignment=\u00bbcenter\u00bb _builder_version=\u00bb4.23.1&#8243; _module_preset=\u00bb70b994c3-2b68-43f9-baa1-aee328fdc428&#8243; button_border_color=\u00bbRGBA(0,0,0,0)\u00bb custom_margin=\u00bb||||false|false\u00bb global_colors_info=\u00bb{}\u00bb][\/et_pb_button][\/et_pb_column][et_pb_column type=\u00bb1_5&#8243; _builder_version=\u00bb4.16&#8243; _module_preset=\u00bbdefault\u00bb global_colors_info=\u00bb{}\u00bb][\/et_pb_column][\/et_pb_row][\/et_pb_section][et_pb_section fb_built=\u00bb1&#8243; fullwidth=\u00bbon\u00bb _builder_version=\u00bb4.23.1&#8243; _module_preset=\u00bbdefault\u00bb global_colors_info=\u00bb{}\u00bb][\/et_pb_section]<!-- \/wp:post-content -->","protected":false},"excerpt":{"rendered":"<p>Hace 30 a\u00f1os, los visionarios fundadores de nuestro colectivo empezaron a adquirir terrenos con fines de conservaci\u00f3n. Este dedicado grupo de ecologistas se autodenominaba con orgullo \u00abGuardianes del Bosque\u00bb. Esta comunidad de vecinos alarmados respondi\u00f3 a la deforestaci\u00f3n a gran escala que comenz\u00f3 tras el colapso de las plantaciones de cacao debido al hongo monilia y a la fragilidad del mercado.  <\/p>\n","protected":false},"author":5,"featured_media":245796,"comment_status":"open","ping_status":"open","sticky":false,"template":"","format":"standard","meta":{"_et_pb_use_builder":"on","_et_pb_old_content":"","_et_gb_content_width":"","inline_featured_image":false,"footnotes":""},"categories":[228,226],"tags":[158,161,349],"class_list":["post-245847","post","type-post","status-publish","format-standard","has-post-thumbnail","hentry","category-labor-educativa-en-costa-rica","category-ods-13-accion-por-el-clima","tag-costa-rica-es","tag-educacion-medioambiental","tag-ods"],"_links":{"self":[{"href":"https:\/\/tropica-verde.de\/es\/wp-json\/wp\/v2\/posts\/245847","targetHints":{"allow":["GET"]}}],"collection":[{"href":"https:\/\/tropica-verde.de\/es\/wp-json\/wp\/v2\/posts"}],"about":[{"href":"https:\/\/tropica-verde.de\/es\/wp-json\/wp\/v2\/types\/post"}],"author":[{"embeddable":true,"href":"https:\/\/tropica-verde.de\/es\/wp-json\/wp\/v2\/users\/5"}],"replies":[{"embeddable":true,"href":"https:\/\/tropica-verde.de\/es\/wp-json\/wp\/v2\/comments?post=245847"}],"version-history":[{"count":19,"href":"https:\/\/tropica-verde.de\/es\/wp-json\/wp\/v2\/posts\/245847\/revisions"}],"predecessor-version":[{"id":247555,"href":"https:\/\/tropica-verde.de\/es\/wp-json\/wp\/v2\/posts\/245847\/revisions\/247555"}],"wp:featuredmedia":[{"embeddable":true,"href":"https:\/\/tropica-verde.de\/es\/wp-json\/wp\/v2\/media\/245796"}],"wp:attachment":[{"href":"https:\/\/tropica-verde.de\/es\/wp-json\/wp\/v2\/media?parent=245847"}],"wp:term":[{"taxonomy":"category","embeddable":true,"href":"https:\/\/tropica-verde.de\/es\/wp-json\/wp\/v2\/categories?post=245847"},{"taxonomy":"post_tag","embeddable":true,"href":"https:\/\/tropica-verde.de\/es\/wp-json\/wp\/v2\/tags?post=245847"}],"curies":[{"name":"wp","href":"https:\/\/api.w.org\/{rel}","templated":true}]}}