{"id":245739,"date":"2024-12-18T20:03:27","date_gmt":"2024-12-18T18:03:27","guid":{"rendered":"https:\/\/tropica-verde.de\/informe-de-viaje-la-colaboradora-elisabeth-reinsch-visito-nuestros-proyectos\/"},"modified":"2025-05-26T17:48:56","modified_gmt":"2025-05-26T15:48:56","slug":"informe-de-viaje-la-colaboradora-elisabeth-reinsch-visito-nuestros-proyectos","status":"publish","type":"post","link":"https:\/\/tropica-verde.de\/es\/informe-de-viaje-la-colaboradora-elisabeth-reinsch-visito-nuestros-proyectos\/","title":{"rendered":"Informe de viaje | La colaboradora Elisabeth Reinsch visit\u00f3 nuestros proyectos"},"content":{"rendered":"<p>[et_pb_section fb_built=\u00bb1&#8243; admin_label=\u00bbsection\u00bb _builder_version=\u00bb4.16&#8243; min_height=\u00bb2664.1px\u00bb custom_padding=\u00bb0px|||||\u00bb global_colors_info=\u00bb{}\u00bb][et_pb_row _builder_version=\u00bb4.23.1&#8243; _module_preset=\u00bbdefault\u00bb custom_padding=\u00bb||0px|||\u00bb global_colors_info=\u00bb{}\u00bb][et_pb_column type=\u00bb4_4&#8243; _builder_version=\u00bb4.23.1&#8243; _module_preset=\u00bbdefault\u00bb global_colors_info=\u00bb{}\u00bb][et_pb_text _builder_version=\u00bb4.23.1&#8243; _module_preset=\u00bbdefault\u00bb global_colors_info=\u00bb{}\u00bb]<\/p>\n<p><span style=\"font-size: large;\">El a\u00f1o pasado, ayudamos a uno de nuestros simpatizantes a planificar un viaje a Costa Rica para conocer la naturaleza \u00fanica y los proyectos de Tropica Verdes.<\/span><\/p>\n<p><span style=\"font-size: large;\">Heribert Becker y el Dr. Stefan Rother, en particular, prestaron su apoyo activo en la planificaci\u00f3n y nos transmitieron su informaci\u00f3n privilegiada. Siempre nos complace que nuestros miembros y patrocinadores quieran conocer de cerca nuestros proyectos de protecci\u00f3n de los tr\u00f3picos en la selva tropical. <\/span><\/p>\n<p><span style=\"font-size: large;\"><em>\u00a1Lee aqu\u00ed c\u00f3mo fue el viaje de Elisabeth Reinsch a principios de 2024!<\/em><\/span><\/p>\n<p>&nbsp;<\/p>\n<blockquote><\/blockquote>\n<p>[\/et_pb_text][\/et_pb_column][\/et_pb_row][et_pb_row column_structure=\u00bb1_2,1_2&#8243; _builder_version=\u00bb4.23.1&#8243; _module_preset=\u00bbdefault\u00bb custom_padding=\u00bb0px|||||\u00bb global_colors_info=\u00bb{}\u00bb][et_pb_column type=\u00bb1_2&#8243; _builder_version=\u00bb4.23.1&#8243; _module_preset=\u00bbdefault\u00bb global_colors_info=\u00bb{}\u00bb][et_pb_text _builder_version=\u00bb4.23.1&#8243; _module_preset=\u00bbdefault\u00bb global_colors_info=\u00bb{}\u00bb]<\/p>\n<blockquote><\/blockquote>\n<h2>Informe sobre un viaje a los proyectos Tropica Verde y la maravillosa naturaleza de Costa Rica<\/h2>\n<h2><em><span style=\"font-size: 17px; color: #575656; font-family: 'Source Sans 3', Helvetica, Arial, Lucida, sans-serif; font-weight: 400;\">Cuaderno de viaje de Elisabeth Reinsch<\/span><\/em><\/h2>\n<p><em><span style=\"font-size: 17px; color: #575656; font-family: 'Source Sans 3', Helvetica, Arial, Lucida, sans-serif; font-weight: 400;\"><\/span><\/em><\/p>\n<h2><span style=\"font-size: 17px; color: #575656; font-family: 'Source Sans 3', Helvetica, Arial, Lucida, sans-serif; font-weight: 400;\">San Jos\u00e9 no es precisamente el mejor lugar para iniciar tu viaje a la naturaleza \u00abpura\u00bb, \u00a1pero es una forma maravillosa de familiarizarte con este pa\u00eds! La <strong>Posada Nena<\/strong> que me recomendaron fue la <strong>primera parada de mi viaje<\/strong> y el punto de partida para conocer la ciudad de <strong>San Jos\u00e9<\/strong> y sus alrededores. Una excursi\u00f3n al volc\u00e1n Iraz\u00fa, seguida de un almuerzo en una plantaci\u00f3n de caf\u00e9 y una visita al Jard\u00edn Bot\u00e1nico de Lancaster (\u00a1imprescindible!), me proporcionaron una buena visi\u00f3n y una agradable \u00abaclimataci\u00f3n\u00bb.  <\/span><\/h2>\n<blockquote><\/blockquote>\n<p>&nbsp;<\/p>\n<p>[\/et_pb_text][\/et_pb_column][et_pb_column type=\u00bb1_2&#8243; _builder_version=\u00bb4.23.1&#8243; _module_preset=\u00bbdefault\u00bb global_colors_info=\u00bb{}\u00bb][et_pb_image src=\u00bbhttps:\/\/tropica-verde.de\/wp-content\/uploads\/2024\/12\/20240220_094602-scaled.jpg\u00bb alt=\u00bbDonaci\u00f3n de Mermelada a proyectos de la selva tropical\u00bb title_text=\u00bb20240220_094602&#8243; _builder_version=\u00bb4.23.1&#8243; _module_preset=\u00bbdefault\u00bb global_colors_info=\u00bb{}\u00bb][\/et_pb_image][\/et_pb_column][\/et_pb_row][et_pb_row admin_label=\u00bbfila\u00bb _builder_version=\u00bb4.16&#8243; background_size=\u00bbinitial\u00bb background_position=\u00bbtop_left\u00bb background_repeat=\u00bbrepeat\u00bb custom_margin=\u00bb|auto|-43px|auto||\u00bb custom_padding=\u00bb0px|||||\u00bb global_colors_info=\u00bb{}\u00bb][et_pb_column type=\u00bb4_4&#8243; _builder_version=\u00bb4.16&#8243; custom_padding=\u00bb|||\u00bb global_colors_info=\u00bb{}\u00bb custom_padding__hover=\u00bb|||\u00bb][et_pb_text _builder_version=\u00bb4.23.1&#8243; _module_preset=\u00bbdefault\u00bb global_colors_info=\u00bb{}\u00bb]<\/p>\n<h2>Finca Curr\u00e9, guacamayo manzanillo y tortugas en Gandoca<\/h2>\n<p>Luego viaj\u00e9 en Interbus a <strong>Puerto Viejo, en la costa caribe\u00f1a<\/strong>, desde donde visit\u00e9 la Finca <strong>Curr\u00e9<\/strong>. Thierry, el vecino y ecologista, pudo darnos una competente vuelta por la finca y responder a todas nuestras preguntas. Duaro tambi\u00e9n nos esperaba en la <strong>estaci\u00f3n de Ara Manzanilla<\/strong>, que se dedica a la cr\u00eda de la Lapa Verde. Fue<strong> impresionante<\/strong> ver c\u00f3mo cuidan all\u00ed de estas grandes aves, \u00a1pero viven en libertad!   <\/p>\n<p>Christine Figgener, bi\u00f3loga marina y autora del libro \u00abMi viaje con las tortugas marinas\u00bb, encontr\u00f3 tiempo para reunirse conmigo en Puerto Viejo y hablarme de su variado trabajo, \u00a1a pesar de sus muchas tareas! No era la \u00e9poca de puesta de huevos, as\u00ed que no merec\u00eda la pena viajar a<strong> Gandoca<\/strong>. Aprovech\u00e9 el tiempo para visitar el hermoso Parque Nacional de Cahuita y el Centro de Rescate del Jaguar, un centro de rescate de animales salvajes.  <\/p>\n<p>[\/et_pb_text][et_pb_image src=\u00bbhttps:\/\/tropica-verde.de\/wp-content\/uploads\/2024\/12\/20240220_085450-scaled.jpg\u00bb alt=\u00bbDonaci\u00f3n de Mermelada a proyectos de la selva tropical\u00bb title_text=\u00bb20240220_085450&#8243; _builder_version=\u00bb4.23.1&#8243; _module_preset=\u00bbdefault\u00bb global_colors_info=\u00bb{}\u00bb][\/et_pb_image][\/et_pb_column][\/et_pb_row][et_pb_row _builder_version=\u00bb4.23.1&#8243; _module_preset=\u00bbdefault\u00bb global_colors_info=\u00bb{}\u00bb][et_pb_column type=\u00bb4_4&#8243; _builder_version=\u00bb4.23.1&#8243; _module_preset=\u00bbdefault\u00bb global_colors_info=\u00bb{}\u00bb][et_pb_text _builder_version=\u00bb4.23.1&#8243; _module_preset=\u00bbdefault\u00bb global_colors_info=\u00bb{}\u00bb]<\/p>\n<p>Pasando por enormes plantaciones de pl\u00e1tanos, pi\u00f1as y palmeras, viaj\u00e9 a<strong> Horquetas, al ECO Yatama Lodge<\/strong>. Mucho m\u00e1s que un alojamiento: aqu\u00ed se practica <strong>una protecci\u00f3n medioambiental activa en el bosque primario<\/strong> junto al Parque Nacional Braulio Carrillo, y Pedro tambi\u00e9n cuida de la <strong>Reserva Kinkajou<\/strong> de Tropica Verde. Fue estupendo experimentar en <strong>las excursiones nocturnas<\/strong> c\u00f3mo Pedro y su personal llevan muchos a\u00f1os trabajando intensamente para proteger la naturaleza aqu\u00ed.  <\/p>\n<p><strong>La Fortuna<\/strong>, la ciudad a los pies del volc\u00e1n Arenal - por desgracia, aqu\u00ed tuve un hotel que realmente no merece la pena recomendar, el Boutique Fortuna Lodge. Ruidoso, sucio y la habitaci\u00f3n ten\u00eda un agujero. Sin embargo, el pueblo es un excelente punto de partida para hacer maravillosas excursiones por los alrededores. \u00a1Fue estupendo ba\u00f1arse en un r\u00edo a 26 \u00b0C!   <\/p>\n<p><o:p><\/o:p><\/p>\n<p>[\/et_pb_text][et_pb_gallery gallery_ids=\u00bb245695,245698,245701&#8243; fullwidth=\u00bbon\u00bb _builder_version=\u00bb4.23.1&#8243; _module_preset=\u00bbdefault\u00bb global_colors_info=\u00bb{}\u00bb][\/et_pb_gallery][et_pb_text _builder_version=\u00bb4.23.1&#8243; _module_preset=\u00bbdefault\u00bb global_colors_info=\u00bb{}\u00bb]<\/p>\n<p><strong>Me impresion\u00f3 mucho la excursi\u00f3n del d\u00eda siguiente a la costa del Pac\u00edfico:<\/strong> en s\u00f3lo unos kil\u00f3metros, experiment\u00e9 tantos cambios diferentes en el paisaje: de la selva tropical a las monta\u00f1as est\u00e9riles y la sabana seca hasta la costa tropical, pero no tan verde, cerca de Samara. Aqu\u00ed tambi\u00e9n visit\u00e9 otro proyecto tortuguero y me sorprendi\u00f3 la cantidad de voluntarios que trabajaban para ayudar a las tortugas. <\/p>\n<p>Por desgracia, no pude visitar el proyecto de Monte Alto, pero espero poder hacerlo la pr\u00f3xima vez, porque <strong>Costa Rica y especialmente los proyectos de Tropica Verde bien merecen una visita.<\/strong><\/p>\n<p>Mi m\u00e1s sincero agradecimiento a Heribert Becker y al Dr. Stefan Rother: <strong>\u00a1una donaci\u00f3n a los proyectos de Tropica Verde es una inversi\u00f3n en el futuro de la selva tropical!<\/strong><\/p>\n<p><o:p><\/o:p><\/p>\n<p>[\/et_pb_text][\/et_pb_column][\/et_pb_row][et_pb_row _builder_version=\u00bb4.23.1&#8243; _module_preset=\u00bbdefault\u00bb min_height=\u00bb63.9px\u00bb custom_margin=\u00bb-148px|auto||auto||\u00bb custom_padding=\u00bb0px|||||\u00bb global_colors_info=\u00bb{}\u00bb][et_pb_column type=\u00bb4_4&#8243; _builder_version=\u00bb4.23.1&#8243; _module_preset=\u00bbdefault\u00bb global_colors_info=\u00bb{}\u00bb][\/et_pb_column][\/et_pb_row][et_pb_row column_structure=\u00bb1_4,1_4,1_4,1_4&#8243; custom_padding_last_edited=\u00bbon|desktop\u00bb _builder_version=\u00bb4.23.1&#8243; _module_preset=\u00bbdefault\u00bb background_enable_color=\u00bboff\u00bb min_height=\u00bb355.1px\u00bb custom_margin=\u00bb-25px|auto|0px|auto|false|false\u00bb custom_padding=\u00bb70px||0px||false|false\u00bb custom_padding_tablet=\u00bb||0px||false|false\u00bb custom_padding_phone=\u00bb0px|0px|0px|0px|false|false\u00bb global_module=\u00bb244553&#8243; global_colors_info=\u00bb{}\u00bb][et_pb_column type=\u00bb1_4&#8243; _builder_version=\u00bb4.23.1&#8243; _module_preset=\u00bbdefault\u00bb global_colors_info=\u00bb{}\u00bb][et_pb_image src=\u00bbhttps:\/\/tropica-verde.de\/wp-content\/uploads\/2024\/06\/Zasob-10.svg\u00bb title_text=\u00bbZas\u00f3b 10&#8243; url=\u00bbhttps:\/\/tropica-verde.de\/es\/ayudardonar\/#spenden\u00bb align=\u00bbcenter\u00bb _builder_version=\u00bb4.23.1&#8243; _module_preset=\u00bbdefault\u00bb max_width=\u00bb220px\u00bb global_colors_info=\u00bb{}\u00bb][\/et_pb_image][et_pb_text _builder_version=\u00bb4.23.1&#8243; _module_preset=\u00bb148b6e92-2377-47ed-a4d0-f5bd97198ef5&#8243; text_text_color=\u00bb#ffffff\u00bb header_text_color=\u00bb#006B46&#8243; header_font_size=\u00bb36px\u00bb header_2_text_color=\u00bb#006B46&#8243; header_2_font_size=\u00bb36px\u00bb header_3_font=\u00bbSource Sans 3|700|||||||\u00bb header_3_text_align=\u00bbcenter\u00bb header_3_text_color=\u00bb#575656&#8243; header_3_font_size=\u00bb24px\u00bb header_font_size_tablet=\u00bb30px\u00bb header_font_size_phone=\u00bb24px\u00bb header_font_size_last_edited=\u00bbon|phone\u00bb header_2_font_size_tablet=\u00bb30px\u00bb header_2_font_size_phone=\u00bb24px\u00bb header_2_font_size_last_edited=\u00bbon|desktop\u00bb header_3_font_size_tablet=\u00bb20px\u00bb header_3_font_size_phone=\u00bb18px\u00bb header_3_font_size_last_edited=\u00bbon|phone\u00bb global_colors_info=\u00bb{}\u00bb]<\/p>\n<h3>Haz un donativo<\/h3>\n<p>[\/et_pb_text][\/et_pb_column][et_pb_column type=\u00bb1_4&#8243; _builder_version=\u00bb4.23.1&#8243; _module_preset=\u00bbdefault\u00bb global_colors_info=\u00bb{}\u00bb][et_pb_image src=\u00bbhttps:\/\/tropica-verde.de\/wp-content\/uploads\/2024\/07\/image-2.svg\u00bb title_text=\u00bbimagen-2&#8243; url=\u00bbhttps:\/\/tropica-verde.de\/es\/ayudardonar\/#mitglied\u00bb align=\u00bbcenter\u00bb admin_label=\u00bbImage\u00bb _builder_version=\u00bb4.23.1&#8243; _module_preset=\u00bbdefault\u00bb max_width=\u00bb220px\u00bb global_colors_info=\u00bb{}\u00bb][\/et_pb_image][et_pb_text _builder_version=\u00bb4.23.1&#8243; _module_preset=\u00bb148b6e92-2377-47ed-a4d0-f5bd97198ef5&#8243; text_text_color=\u00bb#ffffff\u00bb header_text_color=\u00bb#006B46&#8243; header_font_size=\u00bb36px\u00bb header_2_text_color=\u00bb#006B46&#8243; header_2_font_size=\u00bb36px\u00bb header_3_font=\u00bbSource Sans 3|700|||||||\u00bb header_3_text_align=\u00bbcenter\u00bb header_3_text_color=\u00bb#575656&#8243; header_3_font_size=\u00bb24px\u00bb header_font_size_tablet=\u00bb30px\u00bb header_font_size_phone=\u00bb24px\u00bb header_font_size_last_edited=\u00bbon|phone\u00bb header_2_font_size_tablet=\u00bb30px\u00bb header_2_font_size_phone=\u00bb24px\u00bb header_2_font_size_last_edited=\u00bbon|desktop\u00bb header_3_font_size_tablet=\u00bb20px\u00bb header_3_font_size_phone=\u00bb18px\u00bb header_3_font_size_last_edited=\u00bbon|phone\u00bb global_colors_info=\u00bb{}\u00bb]<\/p>\n<h3>\u00a1Hazte miembro de !<\/h3>\n<p>[\/et_pb_text][\/et_pb_column][et_pb_column type=\u00bb1_4&#8243; _builder_version=\u00bb4.23.1&#8243; _module_preset=\u00bbdefault\u00bb global_colors_info=\u00bb{}\u00bb][et_pb_image src=\u00bbhttps:\/\/tropica-verde.de\/wp-content\/uploads\/2024\/07\/image-3.svg\u00bb title_text=\u00bbimagen-3&#8243; url=\u00bbhttps:\/\/tropica-verde.de\/es\/ayudardonar\/#ehrenamt\u00bb align=\u00bbcenter\u00bb admin_label=\u00bbImage\u00bb _builder_version=\u00bb4.23.1&#8243; _module_preset=\u00bbdefault\u00bb max_width=\u00bb220px\u00bb global_colors_info=\u00bb{}\u00bb][\/et_pb_image][et_pb_text _builder_version=\u00bb4.23.1&#8243; _module_preset=\u00bb148b6e92-2377-47ed-a4d0-f5bd97198ef5&#8243; text_text_color=\u00bb#ffffff\u00bb header_text_color=\u00bb#006B46&#8243; header_font_size=\u00bb36px\u00bb header_2_text_color=\u00bb#006B46&#8243; header_2_font_size=\u00bb36px\u00bb header_3_font=\u00bbSource Sans 3|700|||||||\u00bb header_3_text_align=\u00bbcenter\u00bb header_3_text_color=\u00bb#575656&#8243; header_3_font_size=\u00bb24px\u00bb header_font_size_tablet=\u00bb30px\u00bb header_font_size_phone=\u00bb24px\u00bb header_font_size_last_edited=\u00bbon|phone\u00bb header_2_font_size_tablet=\u00bb30px\u00bb header_2_font_size_phone=\u00bb24px\u00bb header_2_font_size_last_edited=\u00bbon|desktop\u00bb header_3_font_size_tablet=\u00bb20px\u00bb header_3_font_size_phone=\u00bb18px\u00bb header_3_font_size_last_edited=\u00bbon|phone\u00bb global_colors_info=\u00bb{}\u00bb]<\/p>\n<h3>\u00a1Act\u00faa como voluntario!<\/h3>\n<p>[\/et_pb_text][\/et_pb_column][et_pb_column type=\u00bb1_4&#8243; _builder_version=\u00bb4.23.1&#8243; _module_preset=\u00bbdefault\u00bb global_colors_info=\u00bb{}\u00bb][et_pb_image src=\u00bbhttps:\/\/tropica-verde.de\/wp-content\/uploads\/2024\/07\/image-4.svg\u00bb title_text=\u00bbimagen-4&#8243; align=\u00bbcenter\u00bb admin_label=\u00bbImage\u00bb _builder_version=\u00bb4.23.1&#8243; _module_preset=\u00bbdefault\u00bb max_width=\u00bb220px\u00bb global_colors_info=\u00bb{}\u00bb][\/et_pb_image][et_pb_text _builder_version=\u00bb4.23.1&#8243; _module_preset=\u00bb148b6e92-2377-47ed-a4d0-f5bd97198ef5&#8243; text_text_color=\u00bb#ffffff\u00bb header_text_color=\u00bb#006B46&#8243; header_font_size=\u00bb36px\u00bb header_2_text_color=\u00bb#006B46&#8243; header_2_font_size=\u00bb36px\u00bb header_3_font=\u00bbSource Sans 3|700|||||||\u00bb header_3_text_align=\u00bbcenter\u00bb header_3_text_color=\u00bb#575656&#8243; header_3_font_size=\u00bb24px\u00bb header_font_size_tablet=\u00bb30px\u00bb header_font_size_phone=\u00bb24px\u00bb header_font_size_last_edited=\u00bbon|phone\u00bb header_2_font_size_tablet=\u00bb30px\u00bb header_2_font_size_phone=\u00bb24px\u00bb header_2_font_size_last_edited=\u00bbon|desktop\u00bb header_3_font_size_tablet=\u00bb20px\u00bb header_3_font_size_phone=\u00bb18px\u00bb header_3_font_size_last_edited=\u00bbon|phone\u00bb global_colors_info=\u00bb{}\u00bb]<\/p>\n<h3>\u00a1Recomi\u00e9ndanos!<\/h3>\n<p>[\/et_pb_text][\/et_pb_column][\/et_pb_row][\/et_pb_section]<\/p>\n","protected":false},"excerpt":{"rendered":"<p>El a\u00f1o pasado, ayudamos a uno de nuestros simpatizantes a planificar un viaje a Costa Rica para conocer la naturaleza \u00fanica y los proyectos de Tropica Verdes. Heribert Becker y el Dr. Stefan Rother, en particular, prestaron su apoyo activo en la planificaci\u00f3n y nos transmitieron su informaci\u00f3n privilegiada. Siempre nos complace que nuestros miembros [&hellip;]<\/p>\n","protected":false},"author":5,"featured_media":245694,"comment_status":"open","ping_status":"open","sticky":false,"template":"","format":"standard","meta":{"_et_pb_use_builder":"on","_et_pb_old_content":"","_et_gb_content_width":"","inline_featured_image":false,"footnotes":""},"categories":[205,147],"tags":[346,196,300],"class_list":["post-245739","post","type-post","status-publish","format-standard","has-post-thumbnail","hentry","category-testimonios","category-todo-lo-demas-sobre-el-club","tag-donaciones","tag-proteccion-de-la-selva-tropical","tag-proteccion-del-medio-ambiente"],"_links":{"self":[{"href":"https:\/\/tropica-verde.de\/es\/wp-json\/wp\/v2\/posts\/245739","targetHints":{"allow":["GET"]}}],"collection":[{"href":"https:\/\/tropica-verde.de\/es\/wp-json\/wp\/v2\/posts"}],"about":[{"href":"https:\/\/tropica-verde.de\/es\/wp-json\/wp\/v2\/types\/post"}],"author":[{"embeddable":true,"href":"https:\/\/tropica-verde.de\/es\/wp-json\/wp\/v2\/users\/5"}],"replies":[{"embeddable":true,"href":"https:\/\/tropica-verde.de\/es\/wp-json\/wp\/v2\/comments?post=245739"}],"version-history":[{"count":6,"href":"https:\/\/tropica-verde.de\/es\/wp-json\/wp\/v2\/posts\/245739\/revisions"}],"predecessor-version":[{"id":247539,"href":"https:\/\/tropica-verde.de\/es\/wp-json\/wp\/v2\/posts\/245739\/revisions\/247539"}],"wp:featuredmedia":[{"embeddable":true,"href":"https:\/\/tropica-verde.de\/es\/wp-json\/wp\/v2\/media\/245694"}],"wp:attachment":[{"href":"https:\/\/tropica-verde.de\/es\/wp-json\/wp\/v2\/media?parent=245739"}],"wp:term":[{"taxonomy":"category","embeddable":true,"href":"https:\/\/tropica-verde.de\/es\/wp-json\/wp\/v2\/categories?post=245739"},{"taxonomy":"post_tag","embeddable":true,"href":"https:\/\/tropica-verde.de\/es\/wp-json\/wp\/v2\/tags?post=245739"}],"curies":[{"name":"wp","href":"https:\/\/api.w.org\/{rel}","templated":true}]}}