{"id":245662,"date":"2024-12-13T22:57:06","date_gmt":"2024-12-13T20:57:06","guid":{"rendered":"https:\/\/tropica-verde.de\/renatura-verde\/"},"modified":"2025-05-26T17:48:58","modified_gmt":"2025-05-26T15:48:58","slug":"renatura-verde","status":"publish","type":"post","link":"https:\/\/tropica-verde.de\/es\/renatura-verde\/","title":{"rendered":"Renatura Verde&#8230;"},"content":{"rendered":"<p>[et_pb_section fb_built=\u00bb1&#8243; admin_label=\u00bbsection\u00bb _builder_version=\u00bb4.16&#8243; min_height=\u00bb2664.1px\u00bb custom_padding=\u00bb0px|||||\u00bb global_colors_info=\u00bb{}\u00bb][et_pb_row column_structure=\u00bb1_2,1_2&#8243; _builder_version=\u00bb4.23.1&#8243; _module_preset=\u00bbdefault\u00bb global_colors_info=\u00bb{}\u00bb][et_pb_column type=\u00bb1_2&#8243; _builder_version=\u00bb4.23.1&#8243; _module_preset=\u00bbdefault\u00bb global_colors_info=\u00bb{}\u00bb][et_pb_text _builder_version=\u00bb4.23.1&#8243; _module_preset=\u00bbdefault\u00bb global_colors_info=\u00bb{}\u00bb]<\/p>\n<h2>&#8230;\u00a1y c\u00f3mo surgi\u00f3!<\/h2>\n<p>&nbsp;<\/p>\n<p><span style=\"font-size: large;\">Christine tuvo la maravillosa idea de apoyar econ\u00f3micamente las actividades de Tropica Verde e.V. en Costa Rica vendiendo su deliciosa mermelada casera.<\/span><\/p>\n<p><span style=\"font-size: large;\">  Con cada tarro de mermelada vendido, los compradores pueden apoyar la protecci\u00f3n de la selva tropical y disfrutar al mismo tiempo de esta deliciosa mermelada.<\/span><\/p>\n<p><span style=\"font-size: large;\">\u00a1Aqu\u00ed cuenta tu historia!<\/span><\/p>\n<p>&nbsp;<\/p>\n<blockquote><\/blockquote>\n<p>[\/et_pb_text][\/et_pb_column][et_pb_column type=\u00bb1_2&#8243; _builder_version=\u00bb4.23.1&#8243; _module_preset=\u00bbdefault\u00bb global_colors_info=\u00bb{}\u00bb][et_pb_image src=\u00bbhttps:\/\/tropica-verde.de\/wp-content\/uploads\/2024\/12\/Renatura_Verde_Bildmarke_CMYK_Feige.png\u00bb alt=\u00bbRenatura Verde\u00bb title_text=\u00bbRenatura Verde\u00bb _builder_version=\u00bb4.23.1&#8243; _module_preset=\u00bbdefault\u00bb global_colors_info=\u00bb{}\u00bb][\/et_pb_image][\/et_pb_column][\/et_pb_row][et_pb_row admin_label=\u00bbfila\u00bb _builder_version=\u00bb4.16&#8243; background_size=\u00bbinitial\u00bb background_position=\u00bbtop_left\u00bb background_repeat=\u00bbrepeat\u00bb custom_margin=\u00bb|auto|-43px|auto||\u00bb custom_padding=\u00bb0px|||||\u00bb global_colors_info=\u00bb{}\u00bb][et_pb_column type=\u00bb4_4&#8243; _builder_version=\u00bb4.16&#8243; custom_padding=\u00bb|||\u00bb global_colors_info=\u00bb{}\u00bb custom_padding__hover=\u00bb|||\u00bb][et_pb_image src=\u00bbhttps:\/\/tropica-verde.de\/wp-content\/uploads\/2024\/12\/IMG-20240523-WA0007.jpg\u00bb alt=\u00bbDonaci\u00f3n de Mermelada a proyectos de la selva tropical\u00bb title_text=\u00bbMermelada de Renatura Verde\u00bb _builder_version=\u00bb4.23.1&#8243; _module_preset=\u00bbdefault\u00bb global_colors_info=\u00bb{}\u00bb][\/et_pb_image][et_pb_text _builder_version=\u00bb4.23.1&#8243; _module_preset=\u00bbdefault\u00bb global_colors_info=\u00bb{}\u00bb]<\/p>\n<blockquote>\n<h2>Retrocedamos en el tiempo hasta donde empez\u00f3 todo hace 20 a\u00f1os.<\/h2>\n<\/blockquote>\n<p>Malasia hab\u00eda sido mi hogar adoptivo durante muchos a\u00f1os, sus selvas v\u00edrgenes, su cultura y la hospitalidad de sus gentes me hab\u00edan fascinado desde el primer d\u00eda. Pensaba en lo privilegiada que era por vivir y trabajar en un lugar as\u00ed. Sin embargo, durante mis innumerables viajes a Sumatra, tambi\u00e9n pude ver el lado oscuro del para\u00edso, a saber, los efectos de la tala a gran escala de las selvas tropicales originales de Asia, y m\u00e1s tarde los sent\u00ed de primera mano. La destrucci\u00f3n hab\u00eda alcanzado proporciones inimaginables. Sent\u00ed una tristeza y una impotencia incre\u00edbles. Y finalmente, la niebla t\u00f3xica causada por la agricultura de tala y quema en Sumatra se hizo tan insoportable en mi lugar de trabajo que, despu\u00e9s de muchos a\u00f1os, decid\u00ed abandonar el pa\u00eds al que tanto cari\u00f1o hab\u00eda cogido&#8230; con el coraz\u00f3n encogido. Pero nunca dej\u00e9 de pensar: <strong>\u00abAlg\u00fan d\u00eda har\u00e9 campa\u00f1a activamente por la protecci\u00f3n de las selvas tropicales <\/strong>\u00ab.        <\/p>\n<p>La casualidad quiso que hace 3 a\u00f1os conociera a Jos\u00e9 Pablo en Bijagual durante un seminario de fin de semana, a quien reconoc\u00ed como impulsor de un proyecto que me pareci\u00f3 extraordinario: Tambi\u00e9n conocido como <a href=\"https:\/\/tropica-verde.de\/es\/proyectos\/educacion-ambiental\/#asoguabo\">ASOGUABO<\/a>. Fue all\u00ed donde finalmente surgi\u00f3 la conexi\u00f3n con Tropica Verde. <\/p>\n<p>[\/et_pb_text][\/et_pb_column][\/et_pb_row][et_pb_row column_structure=\u00bb1_2,1_2&#8243; _builder_version=\u00bb4.23.1&#8243; _module_preset=\u00bbdefault\u00bb custom_padding=\u00bb61px|||||\u00bb global_colors_info=\u00bb{}\u00bb][et_pb_column type=\u00bb1_2&#8243; _builder_version=\u00bb4.23.1&#8243; _module_preset=\u00bbdefault\u00bb global_colors_info=\u00bb{}\u00bb][et_pb_text _builder_version=\u00bb4.23.1&#8243; _module_preset=\u00bbdefault\u00bb global_colors_info=\u00bb{}\u00bb]<\/p>\n<h2>Cada tarro de mermelada apoya los proyectos de Tropica Verde en la selva tropical<\/h2>\n<p>Adem\u00e1s, nuestro traslado a una finca rural en Andaluc\u00eda hace 4 a\u00f1os iba a ofrecer <strong>posibilidades inimaginables<\/strong>. Enseguida me di cuenta de que ya no pod\u00eda con las <strong>enormes cantidades de fruta<\/strong> de nuestros viejos \u00e1rboles, por mucho que la hubiera conservado, congelado, secado u horneado. Al principio, las mermeladas hicieron las delicias de muchos amigos, conocidos y familiares. Poco despu\u00e9s, empec\u00e9 a venderlas en mi escuela de idiomas EOI de Chiclana de la Frontera, Espa\u00f1a. La respuesta fue sorprendentemente positiva, ya que el sabor excepcionalmente afrutado de las mermeladas conquist\u00f3 r\u00e1pidamente a todo el mundo y <strong>as\u00ed despegaron mi proyecto y mi visi\u00f3n de coraz\u00f3n<\/strong>. El paso de montar una producci\u00f3n profesional de mermeladas me pareci\u00f3 de repente muy realista.       <\/p>\n<p>[\/et_pb_text][\/et_pb_column][et_pb_column type=\u00bb1_2&#8243; _builder_version=\u00bb4.23.1&#8243; _module_preset=\u00bbdefault\u00bb global_colors_info=\u00bb{}\u00bb][et_pb_image src=\u00bbhttps:\/\/tropica-verde.de\/wp-content\/uploads\/2024\/12\/Orangen5.jpg\u00bb alt=\u00bbDonaci\u00f3n de Mermelada a proyectos de la selva tropical\u00bb title_text=\u00bbNaranjas para la deliciosa mermelada\u00bb _builder_version=\u00bb4.23.1&#8243; _module_preset=\u00bbdefault\u00bb global_colors_info=\u00bb{}\u00bb][\/et_pb_image][\/et_pb_column][\/et_pb_row][et_pb_row _builder_version=\u00bb4.23.1&#8243; _module_preset=\u00bbdefault\u00bb global_colors_info=\u00bb{}\u00bb][et_pb_column type=\u00bb4_4&#8243; _builder_version=\u00bb4.23.1&#8243; _module_preset=\u00bbdefault\u00bb global_colors_info=\u00bb{}\u00bb][et_pb_image src=\u00bbhttps:\/\/tropica-verde.de\/wp-content\/uploads\/2024\/12\/IMG-20240529-WA0040.jpg\u00bb alt=\u00bbDonaci\u00f3n de Mermelada a proyectos de la selva tropical\u00bb title_text=\u00bbLos frutos crecen en la finca Renatura Verde\u00bb _builder_version=\u00bb4.23.1&#8243; _module_preset=\u00bbdefault\u00bb global_colors_info=\u00bb{}\u00bb][\/et_pb_image][et_pb_text _builder_version=\u00bb4.23.1&#8243; _module_preset=\u00bbdefault\u00bb global_colors_info=\u00bb{}\u00bb]<\/p>\n<p>Cada vez me daba m\u00e1s cuenta de que hab\u00eda una oportunidad que quer\u00eda aprovechar. Naci\u00f3 la idea de<strong>\u00abmermelada con impacto para ti, para la selva<\/strong>\u00ab. Como Renatura Verde, quiero inspirar a la gente para que haga una autocr\u00edtica de su consumo. Veo el proyecto como un<strong> puente entre el consumo sostenible y la responsabilidad global<\/strong>.   <\/p>\n<p>Practico y experimento exclusivamente con m\u00e9todos de agricultura biodin\u00e1mica y recientemente he estado trabajando con peque\u00f1os productores y agricultores ecol\u00f3gicos existentes en nuestra regi\u00f3n, buscando constantemente aliados en grupos y asociaciones ecologistas locales. Me gustar\u00eda centrarme m\u00e1s en la<strong> relevancia de los agricultores ecol\u00f3gicos para la protecci\u00f3n del clima<\/strong> y darles <strong>una voz adicional<\/strong>. <\/p>\n<p><o:p><\/o:p><\/p>\n<p>[\/et_pb_text][\/et_pb_column][\/et_pb_row][et_pb_row column_structure=\u00bb1_2,1_2&#8243; _builder_version=\u00bb4.23.1&#8243; _module_preset=\u00bbdefault\u00bb global_colors_info=\u00bb{}\u00bb][et_pb_column type=\u00bb1_2&#8243; _builder_version=\u00bb4.23.1&#8243; _module_preset=\u00bbdefault\u00bb global_colors_info=\u00bb{}\u00bb][et_pb_image src=\u00bbhttps:\/\/tropica-verde.de\/wp-content\/uploads\/2024\/12\/IMG_20240130_115329180-scaled.jpg\u00bb alt=\u00bbDonaci\u00f3n de Mermelada a proyectos de la selva tropical\u00bb title_text=\u00bbIMG_20240130_115329180&#8243; _builder_version=\u00bb4.23.1&#8243; _module_preset=\u00bbdefault\u00bb custom_padding=\u00bb|9px|0px|||\u00bb global_colors_info=\u00bb{}\u00bb][\/et_pb_image][\/et_pb_column][et_pb_column type=\u00bb1_2&#8243; _builder_version=\u00bb4.23.1&#8243; _module_preset=\u00bbdefault\u00bb global_colors_info=\u00bb{}\u00bb][et_pb_text _builder_version=\u00bb4.23.1&#8243; _module_preset=\u00bbdefault\u00bb global_colors_info=\u00bb{}\u00bb]<\/p>\n<p>Por tanto, un elemento importante para el futuro no ser\u00e1 s\u00f3lo el establecimiento de la producci\u00f3n y la distribuci\u00f3n en condiciones \u00e9ticamente justas, sino tambi\u00e9n la mejora de la presencia del proyecto en los medios de comunicaci\u00f3n, en particular la creaci\u00f3n de un sitio web.<\/p>\n<p>Para m\u00ed es especialmente importante <strong>hacer comprensibles y tangibles los efectos de nuestro comportamiento como consumidores, sobre todo en la selva tropical<\/strong>, pero tambi\u00e9n se\u00f1alar las soluciones para un consumo m\u00e1s sostenible, que, como sabemos, no est\u00e1n lejos.<\/p>\n<p>Me llena de gran <strong>orgullo y gratitud<\/strong> poder <strong>trabajar con Tropica Verde para proteger la selva tropical<\/strong>. Est\u00e1n a mi lado con perseverancia, inspiraci\u00f3n y motivaci\u00f3n. Ni que decir tiene que los beneficios de mis ventas deben destinarse a sus proyectos.  <\/p>\n<p><o:p><\/o:p><\/p>\n<p>[\/et_pb_text][\/et_pb_column][\/et_pb_row][et_pb_row column_structure=\u00bb1_2,1_2&#8243; _builder_version=\u00bb4.23.1&#8243; _module_preset=\u00bbdefault\u00bb min_height=\u00bb623.5px\u00bb custom_margin=\u00bb|auto|-3px|auto||\u00bb custom_padding=\u00bb||0px|||\u00bb global_colors_info=\u00bb{}\u00bb][et_pb_column type=\u00bb1_2&#8243; _builder_version=\u00bb4.23.1&#8243; _module_preset=\u00bbdefault\u00bb global_colors_info=\u00bb{}\u00bb][et_pb_divider _builder_version=\u00bb4.27.4&#8243; _module_preset=\u00bbdefault\u00bb show_divider=\u00bboff\u00bb hover_enabled=\u00bb0&#8243; sticky_enabled=\u00bb0&#8243; custom_padding=\u00bb||0px|||\u00bb][\/et_pb_divider][et_pb_text _builder_version=\u00bb4.27.4&#8243; _module_preset=\u00bbdefault\u00bb hover_enabled=\u00bb0&#8243; global_colors_info=\u00bb{}\u00bb sticky_enabled=\u00bb0&#8243;]<\/p>\n<p style=\"text-align: center;\">En <a href=\"https:\/\/www.facebook.com\/profile.php?id=61553042510559\" target=\"_blank\" rel=\"noopener nofollow\" style=\"font-size: small; background-color: #ffffff;\"><span style=\"font-size: medium;\">p\u00e1gina de Facebook de Renatura Verde<\/span> <\/a><span style=\"font-size: 17px;\">y en Instagram ya hay algunas publicaciones que dan una idea de mis actividades in situ. <\/span><span style=\"font-size: 17px;\">Tal vez te apetezca echar un vistazo all\u00ed.<\/span><span style=\"font-size: 17px;\"><\/span><\/p>\n<p style=\"text-align: center;\"><em>Tu Christine<\/em><em><\/em><em><\/em><\/p>\n<p style=\"text-align: center;\">&#8212;&#8212;&#8212;&#8212;&#8212;&#8212;&#8212;&#8212;&#8212;&#8212;&#8212;&#8212;-<\/p>\n<p style=\"text-align: center;\"><em><\/em><span style=\"font-size: small;\">Christine van Dorland-Fiege<\/span><br \/><span style=\"font-size: small;\">Renatura Verde<br \/><\/span><span style=\"font-size: small;\"><a href=\"mailto:christine_fiege@hotmail.com\">christine_fiege@hotmail.com<\/a><\/span><br \/><span style=\"font-size: small;\">+34 634 304 779<\/span><\/p>\n<p>[\/et_pb_text][et_pb_image src=\u00bbhttps:\/\/tropica-verde.de\/wp-content\/uploads\/2024\/12\/Renatura_Verde_Wortmarke_CMYK_gru\u2560en-scaled.jpg\u00bb _builder_version=\u00bb4.27.4&#8243; _module_preset=\u00bbdefault\u00bb alt=\u00bbRenatura Verde\u00bb title_text=\u00bbRenatura Verde\u00bb hover_enabled=\u00bb0&#8243; sticky_enabled=\u00bb0&#8243; module_alignment=\u00bbcenter\u00bb max_height=\u00bb381px\u00bb custom_padding=\u00bb0px|||||\u00bb width=\u00bb38%\u00bb][\/et_pb_image][\/et_pb_column][et_pb_column type=\u00bb1_2&#8243; _builder_version=\u00bb4.23.1&#8243; _module_preset=\u00bbdefault\u00bb global_colors_info=\u00bb{}\u00bb][et_pb_image src=\u00bbhttps:\/\/tropica-verde.de\/wp-content\/uploads\/2024\/12\/Dankeskarte-Screenshot.png\u00bb alt=\u00bbMonocultivo de pi\u00f1a en el norte de Costa Rica\u00bb title_text=\u00bbTarjeta de agradecimiento a Renatura Verde\u00bb _builder_version=\u00bb4.23.1&#8243; _module_preset=\u00bbdefault\u00bb custom_margin=\u00bb||-74px|-46px||\u00bb custom_padding=\u00bb||0px|||\u00bb global_colors_info=\u00bb{}\u00bb][\/et_pb_image][\/et_pb_column][\/et_pb_row][et_pb_row _builder_version=\u00bb4.23.1&#8243; _module_preset=\u00bbdefault\u00bb custom_margin=\u00bb-148px|auto||auto||\u00bb custom_padding=\u00bb0px|||||\u00bb hover_enabled=\u00bb0&#8243; global_colors_info=\u00bb{}\u00bb sticky_enabled=\u00bb0&#8243;][et_pb_column type=\u00bb4_4&#8243; _builder_version=\u00bb4.23.1&#8243; _module_preset=\u00bbdefault\u00bb global_colors_info=\u00bb{}\u00bb][et_pb_text _builder_version=\u00bb4.23.1&#8243; _module_preset=\u00bbdefault\u00bb min_height=\u00bb39.2px\u00bb global_colors_info=\u00bb{}\u00bb custom_margin=\u00bb87px|||||\u00bb custom_padding=\u00bb35px|||||\u00bb]<\/p>\n<h3 style=\"text-align: right;\">\u00a1En Tropica Verde tambi\u00e9n estamos muy contentos con esta gran idea!<\/h3>\n<h3 style=\"text-align: right;\"><\/h3>\n<h3 style=\"text-align: right;\">Queremos dar las gracias de todo coraz\u00f3n a Christina por esta maravillosa iniciativa y a todos los compradores por su inestimable apoyo.<\/h3>\n<ul><\/ul>\n<p>[\/et_pb_text][\/et_pb_column][\/et_pb_row][et_pb_row column_structure=\u00bb1_5,3_5,1_5&#8243; custom_padding_last_edited=\u00bbon|tablet\u00bb module_id=\u00bbmitglied\u00bb _builder_version=\u00bb4.23.1&#8243; _module_preset=\u00bbdefault\u00bb background_color=\u00bb#e9eeea\u00bb custom_margin=\u00bb26px|auto||auto||\u00bb custom_padding=\u00bb50px||50px||false|false\u00bb custom_padding_tablet=\u00bb30px||30px||false|false\u00bb custom_padding_phone=\u00bb30px||30px||false|false\u00bb global_colors_info=\u00bb{}\u00bb][et_pb_column type=\u00bb1_5&#8243; _builder_version=\u00bb4.16&#8243; _module_preset=\u00bbdefault\u00bb global_colors_info=\u00bb{}\u00bb][et_pb_code raw_content_tablet=\u00bb<span class='et-pb-icon' style=%22color:#238da2; font-size:41px%22>=<\/span>\u00bb raw_content_phone=\u00bb\u00bb raw_content_last_edited=\u00bbon|tablet\u00bb _builder_version=\u00bb4.16&#8243; _module_preset=\u00bbdefault\u00bb text_orientation=\u00bbright\u00bb custom_padding=\u00bb8px|||20px|false|false\u00bb text_orientation_tablet=\u00bbcenter\u00bb text_orientation_phone=\u00bb\u00bb text_orientation_last_edited=\u00bbon|phone\u00bb global_colors_info=\u00bb{}\u00bb]<span class=\"et-pb-icon\" style=\"color:#238da2; font-size:30px\">$<\/span>[\/et_pb_code][\/et_pb_column][et_pb_column type=\u00bb3_5&#8243; _builder_version=\u00bb4.16&#8243; _module_preset=\u00bbdefault\u00bb custom_padding_tablet=\u00bb|20px||20px|false|false\u00bb custom_padding_phone=\u00bb|20px||20px|false|false\u00bb custom_padding_last_edited=\u00bbon|tablet\u00bb global_colors_info=\u00bb{}\u00bb][et_pb_text _builder_version=\u00bb4.23.1&#8243; _module_preset=\u00bbdefault\u00bb header_2_font=\u00bbSource Sans 3|800|||||||\u00bb header_2_font_size=\u00bb36px\u00bb header_3_font_size=\u00bb24px\u00bb custom_margin=\u00bb||17px|||\u00bb header_2_font_size_tablet=\u00bb30px\u00bb header_2_font_size_phone=\u00bb24px\u00bb header_2_font_size_last_edited=\u00bbon|phone\u00bb header_3_font_size_tablet=\u00bb20px\u00bb header_3_font_size_phone=\u00bb18px\u00bb header_3_font_size_last_edited=\u00bbon|phone\u00bb global_colors_info=\u00bb{}\u00bb]<\/p>\n<h2>H\u00c1GASE SOCIO<\/h2>\n<h3 class=\"serif\">La naturaleza, el medio ambiente y la protecci\u00f3n del clima necesitan un grupo de presi\u00f3n ahora m\u00e1s que nunca. Con su afiliaci\u00f3n nos da su voz para nuestro trabajo. Cuantos m\u00e1s afiliados representemos, m\u00e1s fuerte ser\u00e1 nuestra posici\u00f3n en el \u00e1mbito pol\u00edtico y econ\u00f3mico.  <\/h3>\n<p>Como miembro de Tropica Verde tienes muchas oportunidades. Puede implicarse activamente en la labor de la asociaci\u00f3n, participar como voluntario en actos e intercambiar ideas con personas de ideas afines sobre temas como la conservaci\u00f3n de la selva tropical, la protecci\u00f3n del clima, la educaci\u00f3n medioambiental y otros. O simplemente puedes apoyar nuestros proyectos regularmente con tu cuota de socio y ayudar a preservar la selva tropical de Costa Rica a largo plazo. Al hacerse miembro de Tropica Verde, est\u00e1 promoviendo la protecci\u00f3n sostenible del clima y ayud\u00e1ndonos a desarrollar y ampliar continuamente los proyectos de conservaci\u00f3n.   <\/p>\n<p>[\/et_pb_text][et_pb_button button_url=\u00bbhttps:\/\/tropica-verde.de\/es\/ayudardonar\/afiliarse\/\u00bb button_text=\u00bbH\u00c1GASE SOCIO AHORA\u00bb _builder_version=\u00bb4.23.1&#8243; _module_preset=\u00bb70b994c3-2b68-43f9-baa1-aee328fdc428&#8243; button_border_color=\u00bbRGBA(0,0,0,0)\u00bb custom_margin=\u00bb||||false|false\u00bb global_colors_info=\u00bb{}\u00bb][\/et_pb_button][\/et_pb_column][et_pb_column type=\u00bb1_5&#8243; _builder_version=\u00bb4.16&#8243; _module_preset=\u00bbdefault\u00bb global_colors_info=\u00bb{}\u00bb][\/et_pb_column][\/et_pb_row][et_pb_row column_structure=\u00bb1_4,1_4,1_4,1_4&#8243; custom_padding_last_edited=\u00bbon|desktop\u00bb _builder_version=\u00bb4.23.1&#8243; _module_preset=\u00bbdefault\u00bb background_enable_color=\u00bboff\u00bb min_height=\u00bb303.1px\u00bb custom_margin=\u00bb-25px|auto|0px|auto|false|false\u00bb custom_padding=\u00bb94px||0px||false|false\u00bb custom_padding_tablet=\u00bb||0px||false|false\u00bb custom_padding_phone=\u00bb0px|0px|0px|0px|false|false\u00bb global_module=\u00bb244553&#8243; global_colors_info=\u00bb{}\u00bb][et_pb_column type=\u00bb1_4&#8243; _builder_version=\u00bb4.23.1&#8243; _module_preset=\u00bbdefault\u00bb global_colors_info=\u00bb{}\u00bb][et_pb_image src=\u00bbhttps:\/\/tropica-verde.de\/wp-content\/uploads\/2024\/06\/Zasob-10.svg\u00bb title_text=\u00bbZas\u00f3b 10&#8243; url=\u00bbhttps:\/\/tropica-verde.de\/es\/ayudardonar\/#spenden\u00bb align=\u00bbcenter\u00bb _builder_version=\u00bb4.23.1&#8243; _module_preset=\u00bbdefault\u00bb max_width=\u00bb220px\u00bb global_colors_info=\u00bb{}\u00bb][\/et_pb_image][et_pb_text _builder_version=\u00bb4.23.1&#8243; _module_preset=\u00bb148b6e92-2377-47ed-a4d0-f5bd97198ef5&#8243; text_text_color=\u00bb#ffffff\u00bb header_text_color=\u00bb#006B46&#8243; header_font_size=\u00bb36px\u00bb header_2_text_color=\u00bb#006B46&#8243; header_2_font_size=\u00bb36px\u00bb header_3_font=\u00bbSource Sans 3|700|||||||\u00bb header_3_text_align=\u00bbcenter\u00bb header_3_text_color=\u00bb#575656&#8243; header_3_font_size=\u00bb24px\u00bb header_font_size_tablet=\u00bb30px\u00bb header_font_size_phone=\u00bb24px\u00bb header_font_size_last_edited=\u00bbon|phone\u00bb header_2_font_size_tablet=\u00bb30px\u00bb header_2_font_size_phone=\u00bb24px\u00bb header_2_font_size_last_edited=\u00bbon|desktop\u00bb header_3_font_size_tablet=\u00bb20px\u00bb header_3_font_size_phone=\u00bb18px\u00bb header_3_font_size_last_edited=\u00bbon|phone\u00bb global_colors_info=\u00bb{}\u00bb]<\/p>\n<h3>Haz un donativo<\/h3>\n<p>[\/et_pb_text][\/et_pb_column][et_pb_column type=\u00bb1_4&#8243; _builder_version=\u00bb4.23.1&#8243; _module_preset=\u00bbdefault\u00bb global_colors_info=\u00bb{}\u00bb][et_pb_image src=\u00bbhttps:\/\/tropica-verde.de\/wp-content\/uploads\/2024\/07\/image-2.svg\u00bb title_text=\u00bbimagen-2&#8243; url=\u00bbhttps:\/\/tropica-verde.de\/es\/ayudardonar\/#mitglied\u00bb align=\u00bbcenter\u00bb admin_label=\u00bbImage\u00bb _builder_version=\u00bb4.23.1&#8243; _module_preset=\u00bbdefault\u00bb max_width=\u00bb220px\u00bb global_colors_info=\u00bb{}\u00bb][\/et_pb_image][et_pb_text _builder_version=\u00bb4.23.1&#8243; _module_preset=\u00bb148b6e92-2377-47ed-a4d0-f5bd97198ef5&#8243; text_text_color=\u00bb#ffffff\u00bb header_text_color=\u00bb#006B46&#8243; header_font_size=\u00bb36px\u00bb header_2_text_color=\u00bb#006B46&#8243; header_2_font_size=\u00bb36px\u00bb header_3_font=\u00bbSource Sans 3|700|||||||\u00bb header_3_text_align=\u00bbcenter\u00bb header_3_text_color=\u00bb#575656&#8243; header_3_font_size=\u00bb24px\u00bb header_font_size_tablet=\u00bb30px\u00bb header_font_size_phone=\u00bb24px\u00bb header_font_size_last_edited=\u00bbon|phone\u00bb header_2_font_size_tablet=\u00bb30px\u00bb header_2_font_size_phone=\u00bb24px\u00bb header_2_font_size_last_edited=\u00bbon|desktop\u00bb header_3_font_size_tablet=\u00bb20px\u00bb header_3_font_size_phone=\u00bb18px\u00bb header_3_font_size_last_edited=\u00bbon|phone\u00bb global_colors_info=\u00bb{}\u00bb]<\/p>\n<h3>\u00a1Hazte miembro de !<\/h3>\n<p>[\/et_pb_text][\/et_pb_column][et_pb_column type=\u00bb1_4&#8243; _builder_version=\u00bb4.23.1&#8243; _module_preset=\u00bbdefault\u00bb global_colors_info=\u00bb{}\u00bb][et_pb_image src=\u00bbhttps:\/\/tropica-verde.de\/wp-content\/uploads\/2024\/07\/image-3.svg\u00bb title_text=\u00bbimagen-3&#8243; url=\u00bbhttps:\/\/tropica-verde.de\/es\/ayudardonar\/#ehrenamt\u00bb align=\u00bbcenter\u00bb admin_label=\u00bbImage\u00bb _builder_version=\u00bb4.23.1&#8243; _module_preset=\u00bbdefault\u00bb max_width=\u00bb220px\u00bb global_colors_info=\u00bb{}\u00bb][\/et_pb_image][et_pb_text _builder_version=\u00bb4.23.1&#8243; _module_preset=\u00bb148b6e92-2377-47ed-a4d0-f5bd97198ef5&#8243; text_text_color=\u00bb#ffffff\u00bb header_text_color=\u00bb#006B46&#8243; header_font_size=\u00bb36px\u00bb header_2_text_color=\u00bb#006B46&#8243; header_2_font_size=\u00bb36px\u00bb header_3_font=\u00bbSource Sans 3|700|||||||\u00bb header_3_text_align=\u00bbcenter\u00bb header_3_text_color=\u00bb#575656&#8243; header_3_font_size=\u00bb24px\u00bb header_font_size_tablet=\u00bb30px\u00bb header_font_size_phone=\u00bb24px\u00bb header_font_size_last_edited=\u00bbon|phone\u00bb header_2_font_size_tablet=\u00bb30px\u00bb header_2_font_size_phone=\u00bb24px\u00bb header_2_font_size_last_edited=\u00bbon|desktop\u00bb header_3_font_size_tablet=\u00bb20px\u00bb header_3_font_size_phone=\u00bb18px\u00bb header_3_font_size_last_edited=\u00bbon|phone\u00bb global_colors_info=\u00bb{}\u00bb]<\/p>\n<h3>\u00a1Act\u00faa como voluntario!<\/h3>\n<p>[\/et_pb_text][\/et_pb_column][et_pb_column type=\u00bb1_4&#8243; _builder_version=\u00bb4.23.1&#8243; _module_preset=\u00bbdefault\u00bb global_colors_info=\u00bb{}\u00bb][et_pb_image src=\u00bbhttps:\/\/tropica-verde.de\/wp-content\/uploads\/2024\/07\/image-4.svg\u00bb title_text=\u00bbimagen-4&#8243; align=\u00bbcenter\u00bb admin_label=\u00bbImage\u00bb _builder_version=\u00bb4.23.1&#8243; _module_preset=\u00bbdefault\u00bb max_width=\u00bb220px\u00bb global_colors_info=\u00bb{}\u00bb][\/et_pb_image][et_pb_text _builder_version=\u00bb4.23.1&#8243; _module_preset=\u00bb148b6e92-2377-47ed-a4d0-f5bd97198ef5&#8243; text_text_color=\u00bb#ffffff\u00bb header_text_color=\u00bb#006B46&#8243; header_font_size=\u00bb36px\u00bb header_2_text_color=\u00bb#006B46&#8243; header_2_font_size=\u00bb36px\u00bb header_3_font=\u00bbSource Sans 3|700|||||||\u00bb header_3_text_align=\u00bbcenter\u00bb header_3_text_color=\u00bb#575656&#8243; header_3_font_size=\u00bb24px\u00bb header_font_size_tablet=\u00bb30px\u00bb header_font_size_phone=\u00bb24px\u00bb header_font_size_last_edited=\u00bbon|phone\u00bb header_2_font_size_tablet=\u00bb30px\u00bb header_2_font_size_phone=\u00bb24px\u00bb header_2_font_size_last_edited=\u00bbon|desktop\u00bb header_3_font_size_tablet=\u00bb20px\u00bb header_3_font_size_phone=\u00bb18px\u00bb header_3_font_size_last_edited=\u00bbon|phone\u00bb global_colors_info=\u00bb{}\u00bb]<\/p>\n<h3>\u00a1Recomi\u00e9ndanos!<\/h3>\n<p>[\/et_pb_text][\/et_pb_column][\/et_pb_row][\/et_pb_section]<\/p>\n","protected":false},"excerpt":{"rendered":"<p>&#8230;\u00a1y c\u00f3mo surgi\u00f3! &nbsp; Christine tuvo la maravillosa idea de apoyar econ\u00f3micamente las actividades de Tropica Verde e.V. en Costa Rica vendiendo su deliciosa mermelada casera. Con cada tarro de mermelada vendido, los compradores pueden apoyar la protecci\u00f3n de la selva tropical y disfrutar al mismo tiempo de esta deliciosa mermelada. \u00a1Aqu\u00ed cuenta tu historia! [&hellip;]<\/p>\n","protected":false},"author":5,"featured_media":245642,"comment_status":"open","ping_status":"open","sticky":false,"template":"","format":"standard","meta":{"_et_pb_use_builder":"on","_et_pb_old_content":"","_et_gb_content_width":"","inline_featured_image":false,"footnotes":""},"categories":[225,205,147],"tags":[346,196,300],"class_list":["post-245662","post","type-post","status-publish","format-standard","has-post-thumbnail","hentry","category-ods-12-consumo-y-produccion-sostenibles","category-testimonios","category-todo-lo-demas-sobre-el-club","tag-donaciones","tag-proteccion-de-la-selva-tropical","tag-proteccion-del-medio-ambiente"],"_links":{"self":[{"href":"https:\/\/tropica-verde.de\/es\/wp-json\/wp\/v2\/posts\/245662","targetHints":{"allow":["GET"]}}],"collection":[{"href":"https:\/\/tropica-verde.de\/es\/wp-json\/wp\/v2\/posts"}],"about":[{"href":"https:\/\/tropica-verde.de\/es\/wp-json\/wp\/v2\/types\/post"}],"author":[{"embeddable":true,"href":"https:\/\/tropica-verde.de\/es\/wp-json\/wp\/v2\/users\/5"}],"replies":[{"embeddable":true,"href":"https:\/\/tropica-verde.de\/es\/wp-json\/wp\/v2\/comments?post=245662"}],"version-history":[{"count":5,"href":"https:\/\/tropica-verde.de\/es\/wp-json\/wp\/v2\/posts\/245662\/revisions"}],"predecessor-version":[{"id":247552,"href":"https:\/\/tropica-verde.de\/es\/wp-json\/wp\/v2\/posts\/245662\/revisions\/247552"}],"wp:featuredmedia":[{"embeddable":true,"href":"https:\/\/tropica-verde.de\/es\/wp-json\/wp\/v2\/media\/245642"}],"wp:attachment":[{"href":"https:\/\/tropica-verde.de\/es\/wp-json\/wp\/v2\/media?parent=245662"}],"wp:term":[{"taxonomy":"category","embeddable":true,"href":"https:\/\/tropica-verde.de\/es\/wp-json\/wp\/v2\/categories?post=245662"},{"taxonomy":"post_tag","embeddable":true,"href":"https:\/\/tropica-verde.de\/es\/wp-json\/wp\/v2\/tags?post=245662"}],"curies":[{"name":"wp","href":"https:\/\/api.w.org\/{rel}","templated":true}]}}