{"id":245551,"date":"2024-11-19T20:03:49","date_gmt":"2024-11-19T18:03:49","guid":{"rendered":"https:\/\/tropica-verde.de\/invitado-en-el-podcast-de-video-palmengarten-frankfurt\/"},"modified":"2024-12-20T16:59:54","modified_gmt":"2024-12-20T14:59:54","slug":"invitado-en-el-podcast-de-video-palmengarten-frankfurt","status":"publish","type":"post","link":"https:\/\/tropica-verde.de\/es\/invitado-en-el-podcast-de-video-palmengarten-frankfurt\/","title":{"rendered":"Invitado en el podcast de v\u00eddeo Palmengarten Frankfurt"},"content":{"rendered":"<p>[et_pb_section fb_built=\u00bb1&#8243; admin_label=\u00bbsection\u00bb _builder_version=\u00bb4.16&#8243; custom_padding=\u00bb0px|||||\u00bb global_colors_info=\u00bb{}\u00bb][et_pb_row admin_label=\u00bbfila\u00bb _builder_version=\u00bb4.16&#8243; background_size=\u00bbinitial\u00bb background_position=\u00bbtop_left\u00bb background_repeat=\u00bbrepeat\u00bb min_height=\u00bb1217.4px\u00bb custom_margin=\u00bb|auto|-3px|auto||\u00bb global_colors_info=\u00bb{}\u00bb][et_pb_column type=\u00bb4_4&#8243; _builder_version=\u00bb4.16&#8243; custom_padding=\u00bb|||\u00bb global_colors_info=\u00bb{}\u00bb custom_padding__hover=\u00bb|||\u00bb][et_pb_image src=\u00bbhttps:\/\/tropica-verde.de\/wp-content\/uploads\/2024\/11\/Interview-Palmengarten-Podcast-Quelle_VideoPodcast-Palmengarten-Frankfurt.png\u00bb title_text=\u00bbInvitado en el podcast de v\u00eddeo del Palmengarten de Frankfurt- Quelle_VideoPodcast Palmengarten Frankfurt\u00bb _builder_version=\u00bb4.23.1&#8243; _module_preset=\u00bbdefault\u00bb global_colors_info=\u00bb{}\u00bb][\/et_pb_image][et_pb_text admin_label=\u00bbText\u00bb _builder_version=\u00bb4.23.1&#8243; background_size=\u00bbinitial\u00bb background_position=\u00bbtop_left\u00bb background_repeat=\u00bbrepeat\u00bb global_colors_info=\u00bb{}\u00bb]<\/p>\n<h1>Gabriele Schaar-von R\u00f6mer sobre proyectos, trabajo educativo y flora y fauna en Costa Rica<\/h1>\n<p><a href=\"https:\/\/www.palmengarten.de\/de\/mediathek\/video-podcast.html\" rel=\"nofollow noopener\" target=\"_blank\">Al podcast (v\u00eddeo) \u00abAuf die Palme gebracht\u00bb<\/a><\/p>\n<p>El podcast de v\u00eddeo del Palmengarten \u00abAuf die Palme gebracht\u00bb (Llevado a las palmeras) destaca diversos temas y aspectos apasionantes del Palmengarten de Fr\u00e1ncfort. Tambi\u00e9n incluye una mirada entre bastidores. <strong>El episodio 20<\/strong> trata de <strong>Costa Rica y Tropica Verde fue invitado<\/strong>.  <\/p>\n<p>No s\u00f3lo hablaremos de la famosa cama de <a href=\"https:\/\/tropica-verde.de\/es\/proyectos\/monte-alto\/\">Monte<\/a> <strong>Alto<\/strong> (s\u00ed, hay una cama en el Tropicarium del Palmengarten con plantas directamente de nuestro <a href=\"https:\/\/tropica-verde.de\/es\/proyectos\/monte-alto\/\">proyecto en Monte Alto<\/a>), sino tambi\u00e9n del papel de la <strong>educaci\u00f3n medioambiental en los proyectos de conservaci\u00f3n de la naturaleza<\/strong>, de <strong>las caracter\u00edsticas especiales de la flora y la fauna de Costa Rica<\/strong> y de la cooperaci\u00f3n con el Palmengarten de Frankfurt.<\/p>\n<p><span style=\"font-size: x-large; color: #575656;\">Echa un vistazo, \u00a1vale la pena!<\/span><\/p>\n<p>&nbsp;<\/p>\n<p>[\/et_pb_text][et_pb_video src=\u00bbhttps:\/\/youtu.be\/czJkDBjW7us?si=8l0x0_i6CcWCWLG7&#8243; _builder_version=\u00bb4.23.1&#8243; _module_preset=\u00bbdefault\u00bb custom_margin=\u00bb||-3px|||\u00bb global_colors_info=\u00bb{}\u00bb][\/et_pb_video][\/et_pb_column][\/et_pb_row][et_pb_row column_structure=\u00bb1_4,1_4,1_4,1_4&#8243; custom_padding_last_edited=\u00bbon|desktop\u00bb _builder_version=\u00bb4.23.1&#8243; _module_preset=\u00bbdefault\u00bb background_enable_color=\u00bboff\u00bb custom_margin=\u00bb-25px|auto|0px|auto|false|false\u00bb custom_padding=\u00bb94px||0px||false|false\u00bb custom_padding_tablet=\u00bb||0px||false|false\u00bb custom_padding_phone=\u00bb0px|0px|0px|0px|false|false\u00bb global_module=\u00bb244553&#8243; global_colors_info=\u00bb{}\u00bb][et_pb_column type=\u00bb1_4&#8243; _builder_version=\u00bb4.23.1&#8243; _module_preset=\u00bbdefault\u00bb global_colors_info=\u00bb{}\u00bb][et_pb_image src=\u00bbhttps:\/\/tropica-verde.de\/wp-content\/uploads\/2024\/06\/Zasob-10.svg\u00bb title_text=\u00bbZas\u00f3b 10&#8243; url=\u00bbhttps:\/\/tropica-verde.de\/es\/ayudardonar\/#spenden\u00bb align=\u00bbcenter\u00bb _builder_version=\u00bb4.23.1&#8243; _module_preset=\u00bbdefault\u00bb max_width=\u00bb220px\u00bb global_colors_info=\u00bb{}\u00bb][\/et_pb_image][et_pb_text _builder_version=\u00bb4.23.1&#8243; _module_preset=\u00bb148b6e92-2377-47ed-a4d0-f5bd97198ef5&#8243; text_text_color=\u00bb#ffffff\u00bb header_text_color=\u00bb#006B46&#8243; header_font_size=\u00bb36px\u00bb header_2_text_color=\u00bb#006B46&#8243; header_2_font_size=\u00bb36px\u00bb header_3_font=\u00bbSource Sans 3|700|||||||\u00bb header_3_text_align=\u00bbcenter\u00bb header_3_text_color=\u00bb#575656&#8243; header_3_font_size=\u00bb24px\u00bb header_font_size_tablet=\u00bb30px\u00bb header_font_size_phone=\u00bb24px\u00bb header_font_size_last_edited=\u00bbon|phone\u00bb header_2_font_size_tablet=\u00bb30px\u00bb header_2_font_size_phone=\u00bb24px\u00bb header_2_font_size_last_edited=\u00bbon|desktop\u00bb header_3_font_size_tablet=\u00bb20px\u00bb header_3_font_size_phone=\u00bb18px\u00bb header_3_font_size_last_edited=\u00bbon|phone\u00bb global_colors_info=\u00bb{}\u00bb]<\/p>\n<h3>Haz un donativo<\/h3>\n<p>[\/et_pb_text][\/et_pb_column][et_pb_column type=\u00bb1_4&#8243; _builder_version=\u00bb4.23.1&#8243; _module_preset=\u00bbdefault\u00bb global_colors_info=\u00bb{}\u00bb][et_pb_image src=\u00bbhttps:\/\/tropica-verde.de\/wp-content\/uploads\/2024\/07\/image-2.svg\u00bb title_text=\u00bbimagen-2&#8243; url=\u00bbhttps:\/\/tropica-verde.de\/es\/ayudardonar\/#mitglied\u00bb align=\u00bbcenter\u00bb admin_label=\u00bbImage\u00bb _builder_version=\u00bb4.23.1&#8243; _module_preset=\u00bbdefault\u00bb max_width=\u00bb220px\u00bb global_colors_info=\u00bb{}\u00bb][\/et_pb_image][et_pb_text _builder_version=\u00bb4.23.1&#8243; _module_preset=\u00bb148b6e92-2377-47ed-a4d0-f5bd97198ef5&#8243; text_text_color=\u00bb#ffffff\u00bb header_text_color=\u00bb#006B46&#8243; header_font_size=\u00bb36px\u00bb header_2_text_color=\u00bb#006B46&#8243; header_2_font_size=\u00bb36px\u00bb header_3_font=\u00bbSource Sans 3|700|||||||\u00bb header_3_text_align=\u00bbcenter\u00bb header_3_text_color=\u00bb#575656&#8243; header_3_font_size=\u00bb24px\u00bb header_font_size_tablet=\u00bb30px\u00bb header_font_size_phone=\u00bb24px\u00bb header_font_size_last_edited=\u00bbon|phone\u00bb header_2_font_size_tablet=\u00bb30px\u00bb header_2_font_size_phone=\u00bb24px\u00bb header_2_font_size_last_edited=\u00bbon|desktop\u00bb header_3_font_size_tablet=\u00bb20px\u00bb header_3_font_size_phone=\u00bb18px\u00bb header_3_font_size_last_edited=\u00bbon|phone\u00bb global_colors_info=\u00bb{}\u00bb]<\/p>\n<h3>\u00a1Hazte miembro de !<\/h3>\n<p>[\/et_pb_text][\/et_pb_column][et_pb_column type=\u00bb1_4&#8243; _builder_version=\u00bb4.23.1&#8243; _module_preset=\u00bbdefault\u00bb global_colors_info=\u00bb{}\u00bb][et_pb_image src=\u00bbhttps:\/\/tropica-verde.de\/wp-content\/uploads\/2024\/07\/image-3.svg\u00bb title_text=\u00bbimagen-3&#8243; url=\u00bbhttps:\/\/tropica-verde.de\/es\/ayudardonar\/#ehrenamt\u00bb align=\u00bbcenter\u00bb admin_label=\u00bbImage\u00bb _builder_version=\u00bb4.23.1&#8243; _module_preset=\u00bbdefault\u00bb max_width=\u00bb220px\u00bb global_colors_info=\u00bb{}\u00bb][\/et_pb_image][et_pb_text _builder_version=\u00bb4.23.1&#8243; _module_preset=\u00bb148b6e92-2377-47ed-a4d0-f5bd97198ef5&#8243; text_text_color=\u00bb#ffffff\u00bb header_text_color=\u00bb#006B46&#8243; header_font_size=\u00bb36px\u00bb header_2_text_color=\u00bb#006B46&#8243; header_2_font_size=\u00bb36px\u00bb header_3_font=\u00bbSource Sans 3|700|||||||\u00bb header_3_text_align=\u00bbcenter\u00bb header_3_text_color=\u00bb#575656&#8243; header_3_font_size=\u00bb24px\u00bb header_font_size_tablet=\u00bb30px\u00bb header_font_size_phone=\u00bb24px\u00bb header_font_size_last_edited=\u00bbon|phone\u00bb header_2_font_size_tablet=\u00bb30px\u00bb header_2_font_size_phone=\u00bb24px\u00bb header_2_font_size_last_edited=\u00bbon|desktop\u00bb header_3_font_size_tablet=\u00bb20px\u00bb header_3_font_size_phone=\u00bb18px\u00bb header_3_font_size_last_edited=\u00bbon|phone\u00bb global_colors_info=\u00bb{}\u00bb]<\/p>\n<h3>\u00a1Act\u00faa como voluntario!<\/h3>\n<p>[\/et_pb_text][\/et_pb_column][et_pb_column type=\u00bb1_4&#8243; _builder_version=\u00bb4.23.1&#8243; _module_preset=\u00bbdefault\u00bb global_colors_info=\u00bb{}\u00bb][et_pb_image src=\u00bbhttps:\/\/tropica-verde.de\/wp-content\/uploads\/2024\/07\/image-4.svg\u00bb title_text=\u00bbimagen-4&#8243; align=\u00bbcenter\u00bb admin_label=\u00bbImage\u00bb _builder_version=\u00bb4.23.1&#8243; _module_preset=\u00bbdefault\u00bb max_width=\u00bb220px\u00bb global_colors_info=\u00bb{}\u00bb][\/et_pb_image][et_pb_text _builder_version=\u00bb4.23.1&#8243; _module_preset=\u00bb148b6e92-2377-47ed-a4d0-f5bd97198ef5&#8243; text_text_color=\u00bb#ffffff\u00bb header_text_color=\u00bb#006B46&#8243; header_font_size=\u00bb36px\u00bb header_2_text_color=\u00bb#006B46&#8243; header_2_font_size=\u00bb36px\u00bb header_3_font=\u00bbSource Sans 3|700|||||||\u00bb header_3_text_align=\u00bbcenter\u00bb header_3_text_color=\u00bb#575656&#8243; header_3_font_size=\u00bb24px\u00bb header_font_size_tablet=\u00bb30px\u00bb header_font_size_phone=\u00bb24px\u00bb header_font_size_last_edited=\u00bbon|phone\u00bb header_2_font_size_tablet=\u00bb30px\u00bb header_2_font_size_phone=\u00bb24px\u00bb header_2_font_size_last_edited=\u00bbon|desktop\u00bb header_3_font_size_tablet=\u00bb20px\u00bb header_3_font_size_phone=\u00bb18px\u00bb header_3_font_size_last_edited=\u00bbon|phone\u00bb global_colors_info=\u00bb{}\u00bb]<\/p>\n<h3>\u00a1Recomi\u00e9ndanos!<\/h3>\n<p>[\/et_pb_text][\/et_pb_column][\/et_pb_row][\/et_pb_section]<\/p>\n","protected":false},"excerpt":{"rendered":"<p>Gabriele Schaar-von R\u00f6mer sobre proyectos, trabajo educativo y flora y fauna en Costa Rica Al podcast (v\u00eddeo) \u00abAuf die Palme gebracht\u00bb El podcast de v\u00eddeo del Palmengarten \u00abAuf die Palme gebracht\u00bb (Llevado a las palmeras) destaca diversos temas y aspectos apasionantes del Palmengarten de Fr\u00e1ncfort. Tambi\u00e9n incluye una mirada entre bastidores. El episodio 20 trata [&hellip;]<\/p>\n","protected":false},"author":5,"featured_media":245539,"comment_status":"closed","ping_status":"open","sticky":false,"template":"","format":"standard","meta":{"_et_pb_use_builder":"on","_et_pb_old_content":"","_et_gb_content_width":"","inline_featured_image":false,"footnotes":""},"categories":[248,155,147,157],"tags":[],"class_list":["post-245551","post","type-post","status-publish","format-standard","has-post-thumbnail","hentry","category-conocimiento-animales-plantas","category-monte-alto-es","category-todo-lo-demas-sobre-el-club","category-trabajo-educativo-en-alemania"],"_links":{"self":[{"href":"https:\/\/tropica-verde.de\/es\/wp-json\/wp\/v2\/posts\/245551","targetHints":{"allow":["GET"]}}],"collection":[{"href":"https:\/\/tropica-verde.de\/es\/wp-json\/wp\/v2\/posts"}],"about":[{"href":"https:\/\/tropica-verde.de\/es\/wp-json\/wp\/v2\/types\/post"}],"author":[{"embeddable":true,"href":"https:\/\/tropica-verde.de\/es\/wp-json\/wp\/v2\/users\/5"}],"replies":[{"embeddable":true,"href":"https:\/\/tropica-verde.de\/es\/wp-json\/wp\/v2\/comments?post=245551"}],"version-history":[{"count":8,"href":"https:\/\/tropica-verde.de\/es\/wp-json\/wp\/v2\/posts\/245551\/revisions"}],"predecessor-version":[{"id":246080,"href":"https:\/\/tropica-verde.de\/es\/wp-json\/wp\/v2\/posts\/245551\/revisions\/246080"}],"wp:featuredmedia":[{"embeddable":true,"href":"https:\/\/tropica-verde.de\/es\/wp-json\/wp\/v2\/media\/245539"}],"wp:attachment":[{"href":"https:\/\/tropica-verde.de\/es\/wp-json\/wp\/v2\/media?parent=245551"}],"wp:term":[{"taxonomy":"category","embeddable":true,"href":"https:\/\/tropica-verde.de\/es\/wp-json\/wp\/v2\/categories?post=245551"},{"taxonomy":"post_tag","embeddable":true,"href":"https:\/\/tropica-verde.de\/es\/wp-json\/wp\/v2\/tags?post=245551"}],"curies":[{"name":"wp","href":"https:\/\/api.w.org\/{rel}","templated":true}]}}