{"id":245325,"date":"2024-10-11T02:25:15","date_gmt":"2024-10-11T00:25:15","guid":{"rendered":"https:\/\/tropica-verde.de\/asoguabo-las-carreteras-que-separan-el-corredor-biologico\/"},"modified":"2025-10-19T18:42:43","modified_gmt":"2025-10-19T16:42:43","slug":"asoguabo-las-carreteras-que-separan-el-corredor-biologico","status":"publish","type":"post","link":"https:\/\/tropica-verde.de\/es\/asoguabo-las-carreteras-que-separan-el-corredor-biologico\/","title":{"rendered":"Caribe Sur: Las carreteras que separan el corredor biol\u00f3gico"},"content":{"rendered":"[et_pb_section fb_built=\u00bb1&#8243; admin_label=\u00bbsection\u00bb _builder_version=\u00bb4.16&#8243; min_height=\u00bb2728.1px\u00bb global_colors_info=\u00bb{}\u00bb][et_pb_row admin_label=\u00bbfila\u00bb _builder_version=\u00bb4.16&#8243; background_size=\u00bbinitial\u00bb background_position=\u00bbtop_left\u00bb background_repeat=\u00bbrepeat\u00bb custom_margin=\u00bb|auto|-43px|auto||\u00bb global_colors_info=\u00bb{}\u00bb][et_pb_column type=\u00bb4_4&#8243; _builder_version=\u00bb4.16&#8243; custom_padding=\u00bb|||\u00bb global_colors_info=\u00bb{}\u00bb custom_padding__hover=\u00bb|||\u00bb][et_pb_image src=\u00bbhttps:\/\/tropica-verde.de\/wp-content\/uploads\/2024\/10\/0CF4B4B9-15C1-4172-94A5-898B248667B9.jpg\u00bb alt=\u00bbASOGUABO - Guardianes del Bosque\u00bb title_text=\u00bbASOGUABO - Guardianes del Bosque\u00bb _builder_version=\u00bb4.23.1&#8243; _module_preset=\u00bbdefault\u00bb global_colors_info=\u00bb{}\u00bb][\/et_pb_image][et_pb_text admin_label=\u00bbText\u00bb _builder_version=\u00bb4.23.1&#8243; background_size=\u00bbinitial\u00bb background_position=\u00bbtop_left\u00bb background_repeat=\u00bbrepeat\u00bb min_height=\u00bb363.4px\u00bb custom_padding=\u00bb||0px|||\u00bb global_colors_info=\u00bb{}\u00bb]<h2><strong>Una joya natural<\/strong><\/h2>\n<p>La Gran Talamanca es la cordillera m\u00e1s alta de Costa Rica. De ella fluyen numerosos r\u00edos que son la fuente de vida de m\u00e1s de 10.000 habitantes ind\u00edgenas de las monta\u00f1as. Sus tierras altas est\u00e1n pobladas por parques nacionales y los territorios del Bribri y el Cab\u00e9car. Estos r\u00edos se abren camino hacia el <strong>mar Caribe<\/strong>, atravesando <strong>humedales, exuberantes selvas tropicales, lagunas y manglares<\/strong>, hasta que finalmente suministran nutrientes a <strong>los principales arrecifes de coral de Costa Rica<\/strong>, en la costa de Baja Talamanca. Esta rica regi\u00f3n del sur del Caribe palpita con una naturaleza exuberante y una diversidad cultural \u00fanica. Esta franja de tierra, de 45 kil\u00f3metros de largo y 10 de ancho, es el v\u00ednculo que conecta la biodiversidad de Alta Talamanca con Baja Talamanca y los pa\u00edses de Panam\u00e1 y Costa Rica. Enmarcada al norte por el mar Caribe y al sur por el r\u00edo Sixaola (frontera entre Costa Rica y Panam\u00e1), la regi\u00f3n alberga una <strong>flora y fauna megadiversas, como delfines, manat\u00edes, jaguares, pecar\u00edes, tapires, perezosos, tres especies de monos y bandadas de guacamayos verdes<\/strong>. Las playas con selva tropical costera, cuyos \u00e1rboles tienen hasta 300 a\u00f1os, sirven de lugar de anidamiento para las tortugas marinas, y los arrecifes albergan diversas especies de coral. El Parque Nacional de Cahuita y la <a href=\"https:\/\/tropica-verde.de\/es\/proyectos\/tortugas-marinas-en-gandoca\/\">Reserva de Fauna Gandoca-Manzanillo<\/a> son algunas de las <strong>\u00e1reas protegidas<\/strong> que <strong>, junto con territorios ind\u00edgenas y reservas privadas, conservan una de las zonas m\u00e1s boscosas del pa\u00eds<\/strong>. Adem\u00e1s, las selvas tropicales de toda la vertiente caribe\u00f1a se caracterizan por \u00e1rboles de hasta 50 metros de altura, lianas, ep\u00edfitas, palmeras de todos los tama\u00f1os y magn\u00edficas flores de heliconia. Plantas con flores todo el a\u00f1o y bosques siempre verdes y frondosos caracterizan la regi\u00f3n.          <\/p>\n<p><\/p>[\/et_pb_text][et_pb_gallery gallery_ids=\u00bb245314,245311&#8243; fullwidth=\u00bbon\u00bb _builder_version=\u00bb4.23.1&#8243; _module_preset=\u00bbdefault\u00bb global_colors_info=\u00bb{}\u00bb][\/et_pb_gallery][et_pb_text _builder_version=\u00bb4.23.1&#8243; _module_preset=\u00bbdefault\u00bb global_colors_info=\u00bb{}\u00bb]<h2><strong>Un lugar de encuentro de culturas<\/strong><\/h2>\n<p>Las encantadoras comunidades del Caribe meridional se celebran como bastiones de la ecolog\u00eda y los ideales progresistas en Costa Rica. Este <strong>vibrante lugar alberga una poblaci\u00f3n diversa<\/strong>. En primer lugar, los descendientes de esclavos africanos que emigraron de Jamaica hace m\u00e1s de 150 a\u00f1os y han habitado la costa desde entonces, manteniendo hasta hoy su conexi\u00f3n con la naturaleza, el mar y el uso de plantas medicinales. En el interior viven los ind\u00edgenas Bribri y Cab\u00e9car, cuya cultura es milenaria y que consideran sagrada la naturaleza.   <\/p>[\/et_pb_text][\/et_pb_column][\/et_pb_row][et_pb_row column_structure=\u00bb1_2,1_2&#8243; _builder_version=\u00bb4.23.1&#8243; _module_preset=\u00bbdefault\u00bb global_colors_info=\u00bb{}\u00bb][et_pb_column type=\u00bb1_2&#8243; _builder_version=\u00bb4.23.1&#8243; _module_preset=\u00bbdefault\u00bb global_colors_info=\u00bb{}\u00bb][et_pb_text _builder_version=\u00bb4.23.1&#8243; _module_preset=\u00bbdefault\u00bb global_colors_info=\u00bb{}\u00bb]<p>Adem\u00e1s, en las \u00faltimas tres d\u00e9cadas, numerosos viajeros europeos y sudamericanos se han integrado en la comunidad, entretejiendo sus vidas con el tejido de la regi\u00f3n.<\/p>\n<p>El Caribe Sur es conocido hist\u00f3ricamente por sus valores ecol\u00f3gicos, por resistirse a la construcci\u00f3n de puertos deportivos y a la prospecci\u00f3n petrol\u00edfera, por dar origen al primer mercado de agricultores ecol\u00f3gicos de Costa Rica y por albergar varias escuelas alternativas que llevan funcionando m\u00e1s de una d\u00e9cada. Playa Chiquita, Punta Uva y Manzanillo en particular se han convertido en un <strong>para\u00edso<\/strong> para familias con conciencia ecol\u00f3gica, natur\u00f3patas, entusiastas de la permacultura y cualquiera que<strong> desee vivir en armon\u00eda con la naturaleza y llevar una vida m\u00e1s sana y feliz<\/strong>. Tambi\u00e9n es un lugar maravilloso para criar hijos.  <\/p>[\/et_pb_text][\/et_pb_column][et_pb_column type=\u00bb1_2&#8243; _builder_version=\u00bb4.23.1&#8243; _module_preset=\u00bbdefault\u00bb global_colors_info=\u00bb{}\u00bb][et_pb_image src=\u00bbhttps:\/\/tropica-verde.de\/wp-content\/uploads\/2024\/10\/39156b7d-882b-4fd3-b308-b64587880b54.jpeg\u00bb alt=\u00bbASOGUABO selva tropical ni\u00f1os educaci\u00f3n medioambiental\u00bb title_text=\u00bbASOGUABO Ni\u00f1os en el bosque\u00bb _builder_version=\u00bb4.23.1&#8243; _module_preset=\u00bbdefault\u00bb width=\u00bb90.6%\u00bb custom_padding=\u00bb||0px|||\u00bb global_colors_info=\u00bb{}\u00bb][\/et_pb_image][\/et_pb_column][\/et_pb_row][et_pb_row _builder_version=\u00bb4.23.1&#8243; _module_preset=\u00bbdefault\u00bb global_colors_info=\u00bb{}\u00bb][et_pb_column type=\u00bb4_4&#8243; _builder_version=\u00bb4.23.1&#8243; _module_preset=\u00bbdefault\u00bb global_colors_info=\u00bb{}\u00bb][et_pb_text _builder_version=\u00bb4.23.1&#8243; _module_preset=\u00bbdefault\u00bb custom_padding=\u00bb||0px|||\u00bb global_colors_info=\u00bb{}\u00bb]<blockquote><\/blockquote>\n<h2><strong>\u00bfQu\u00e9 ha ocurrido en los \u00faltimos a\u00f1os?<\/strong><\/h2>\n<p><strong><\/strong><\/p>\n<p>La \u00faltima d\u00e9cada ha tra\u00eddo cambios en la energ\u00eda de este preciado refugio. La <strong>expansi\u00f3n descontrolada de Puerto Viejo<\/strong>, ahora un conocido destino tur\u00edstico, ha tra\u00eddo nuevos retos. El gobierno ha cancelado el estatus de reserva natural a lo largo de la pintoresca costa desde Cocles hasta Manzanillo, abriendo el camino a proyectos de construcci\u00f3n y desarrollo. Las playas que estaban rodeadas de exuberante selva tropical costera protegida y arrecifes de coral se convirtieron en terrenos que ahora est\u00e1n abiertos a la venta y al cambio de uso. La Reserva de Fauna del Parque Nacional Gandoca-Manzanillo, anta\u00f1o conectada a la Reserva Ind\u00edgena Kekoldi por un <strong>Corredor Biol\u00f3gico<\/strong>, ha <strong>quedado fragmentada por las carreteras Margarita y Para\u00edso<\/strong>. Estas heridas se han agravado, sobre todo tras la pandemia de 2020, cuando personas de toda Costa Rica y del mundo entero volvieron a buscar refugio en este para\u00edso natural, a menudo sin saber que el desarrollo desenfrenado amenaza con destruir su belleza.     <\/p>\n<p>&nbsp;<\/p>[\/et_pb_text][\/et_pb_column][\/et_pb_row][et_pb_row _builder_version=\u00bb4.23.1&#8243; _module_preset=\u00bbdefault\u00bb global_colors_info=\u00bb{}\u00bb][et_pb_column type=\u00bb4_4&#8243; _builder_version=\u00bb4.23.1&#8243; _module_preset=\u00bbdefault\u00bb global_colors_info=\u00bb{}\u00bb][et_pb_image src=\u00bbhttps:\/\/tropica-verde.de\/wp-content\/uploads\/2024\/10\/Karte-suedliche-Karibik.jpg\u00bb alt=\u00bbMapa Caribe Sur Puerto Viejo\u00bb title_text=\u00bbCarreteras que diseccionan el corredor biol\u00f3gico en el Caribe\u00bb _builder_version=\u00bb4.23.1&#8243; _module_preset=\u00bbdefault\u00bb global_colors_info=\u00bb{}\u00bb][\/et_pb_image][et_pb_text _builder_version=\u00bb4.23.1&#8243; _module_preset=\u00bbdefault\u00bb global_colors_info=\u00bb{}\u00bb]<h2>Surgen los guardianes<\/h2>\n<p>Para resumir nuestra historia <strong>Hace 30 a\u00f1os<\/strong>, los visionarios fundadores de nuestro colectivo empezaron a adquirir terrenos con fines de conservaci\u00f3n. Este <strong>dedicado grupo de ecologistas se autodenomin\u00f3 con orgullo \u00abGuardianes del Bosque\u00bb<\/strong>. Esta comunidad de vecinos alarmados respondi\u00f3 a la deforestaci\u00f3n a gran escala que comenz\u00f3 tras el colapso de las plantaciones de cacao debido al hongo monilia y a la fragilidad del mercado. <strong>Buscaron ONG<\/strong> y financiaci\u00f3n internacional para que les ayudaran a comprar tierras y proteger los \u00faltimos bosques primarios que quedaban, que se hab\u00edan convertido en los \u00faltimos tesoros y, por tanto, tambi\u00e9n en presa de los madereros. <strong>Tropica Verde, de Alemania, respondi\u00f3 a esta petici\u00f3n de ayuda<\/strong> y se convirti\u00f3 en <em>el principal apoyo de los Guardianes<\/em>. Adquirieron <a href=\"https:\/\/tropica-verde.de\/es\/proyectos\/reserva-finca-curre\/\">Finca Curr\u00e9<\/a>, una propiedad adyacente a Finca Ninfa, y formaron una alianza con Thierry y su familia de Finca Ninfa y los Guardianes del Bosque vecinos. As\u00ed comenz\u00f3 esta historia de protecci\u00f3n y cuidado del bosque. Esta colaboraci\u00f3n condujo a la creaci\u00f3n del Acuerdo de Conservaci\u00f3n Comunitaria, que a d\u00eda de hoy protege una superficie de m\u00e1s de 200 hect\u00e1reas. Esta declaraci\u00f3n es un acuerdo para adoptar conjuntamente pr\u00e1cticas respetuosas con el medio ambiente y avanzar como comunidad, con el apoyo mutuo de los terratenientes del sur del Caribe. Ya se han a\u00f1adido nuevas parcelas, y seguimos creciendo.        <\/p>\n<p>Hoy, hemos consolidado a\u00fan m\u00e1s nuestros esfuerzos ecol\u00f3gicos y sociales al<strong> fundar<\/strong> oficialmente<strong> una asociaci\u00f3n llamada ASOGUABO en 2023<\/strong>. Este paso nos ha fortalecido para mantener en alto la bandera de la <strong>Declaraci\u00f3n Comunitaria de Conservaci\u00f3n<\/strong> y atraer a nuevos firmantes. Iniciamos la <a href=\"https:\/\/tropica-verde.de\/es\/proyectos\/educacion-ambiental\/\">educaci\u00f3n medioambiental<\/a> para combatir el analfabetismo biol\u00f3gico en la regi\u00f3n, fomentamos la ciencia ciudadana mediante la investigaci\u00f3n y el uso de la tecnolog\u00eda, y abogamos por las buenas pr\u00e1cticas medioambientales entre los propietarios de tierras.  <\/p>\n<p>&nbsp;<\/p>\n<h2><strong>Conservaci\u00f3n comunitaria<\/strong><\/h2>\n<p>Ofrecemos a los firmantes voluntarios de la Declaraci\u00f3n asesoramiento para desarrollar planes de restauraci\u00f3n ecol\u00f3gica, sistemas agroecol\u00f3gicos y agroforestales productivos para la seguridad alimentaria, y desarrollar oportunidades de ecoturismo responsable y justo en sus tierras.<\/p>[\/et_pb_text][\/et_pb_column][\/et_pb_row][et_pb_row column_structure=\u00bb1_2,1_2&#8243; _builder_version=\u00bb4.23.1&#8243; _module_preset=\u00bbdefault\u00bb global_colors_info=\u00bb{}\u00bb][et_pb_column type=\u00bb1_2&#8243; _builder_version=\u00bb4.23.1&#8243; _module_preset=\u00bbdefault\u00bb global_colors_info=\u00bb{}\u00bb][et_pb_image src=\u00bbhttps:\/\/tropica-verde.de\/wp-content\/uploads\/2024\/10\/IMG_0404.jpeg\u00bb alt=\u00bbJardiner\u00eda comunitaria en Costa Rica\u00bb title_text=\u00bbASOGUABO promueve la jardiner\u00eda comunitaria\u00bb _builder_version=\u00bb4.23.1&#8243; _module_preset=\u00bbdefault\u00bb global_colors_info=\u00bb{}\u00bb][\/et_pb_image][\/et_pb_column][et_pb_column type=\u00bb1_2&#8243; _builder_version=\u00bb4.23.1&#8243; _module_preset=\u00bbdefault\u00bb global_colors_info=\u00bb{}\u00bb][et_pb_text _builder_version=\u00bb4.23.1&#8243; _module_preset=\u00bbdefault\u00bb global_colors_info=\u00bb{}\u00bb]<p>Bas\u00e1ndonos en la ciencia, la investigaci\u00f3n y la recopilaci\u00f3n de datos, queremos justificar la <strong>importancia biol\u00f3gica de la regi\u00f3n<\/strong>. Queremos explorar y compartir con la comunidad c\u00f3mo<strong> conservar<\/strong> el<strong> bosque y desarrollar dise\u00f1os de permacultura para la gesti\u00f3n de la vivienda, la tierra y los recursos<\/strong> que conserven estos fr\u00e1giles ecosistemas. Queremos que la comunidad multi\u00e9tnica que ha cuidado esta parte de Costa Rica desarrolle una vida buena y pr\u00f3spera en armon\u00eda con la naturaleza, que es la principal fuente de toda riqueza. Queremos poder disfrutar de estos tesoros naturales, al igual que lo har\u00e1n nuestros hijos y nietos.   <\/p>\n<p>\u00a1<strong>Apoya <\/strong>las iniciativas de la<strong> Asociaci\u00f3n Guardianes del Bosque apoyando a Tropica<\/strong> Verde y visitando nuestra <strong>cuenta de Instagram <a href=\"https:\/\/www.instagram.com\/guardianes.del.bosque.cr?utm_source=ig_web_button_share_sheet&amp;igsh=ZDNlZDc0MzIxNw==\" target=\"_blank\" rel=\"noopener nofollow\">Guardianes.del.Bosque.CR<\/a><\/strong> para conocer nuestras actividades e informaci\u00f3n valiosa sobre el medio ambiente!<\/p>[\/et_pb_text][\/et_pb_column][\/et_pb_row][et_pb_row _builder_version=\u00bb4.23.1&#8243; _module_preset=\u00bbdefault\u00bb global_colors_info=\u00bb{}\u00bb][et_pb_column type=\u00bb4_4&#8243; _builder_version=\u00bb4.23.1&#8243; _module_preset=\u00bbdefault\u00bb global_colors_info=\u00bb{}\u00bb][et_pb_text _builder_version=\u00bb4.23.1&#8243; _module_preset=\u00bbdefault\u00bb global_colors_info=\u00bb{}\u00bb]<p><em><span style=\"font-size: large;\"><br>Informe de Jos\u00e9 Pablo Fern\u00e1ndez Q. Presidente de la Asociaci\u00f3n Guardianes del Bosque<\/span><\/em><\/p>[\/et_pb_text][\/et_pb_column][\/et_pb_row][et_pb_row column_structure=\u00bb1_5,3_5,1_5&#8243; custom_padding_last_edited=\u00bbon|tablet\u00bb module_id=\u00bbspenden\u00bb _builder_version=\u00bb4.23.1&#8243; _module_preset=\u00bbdefault\u00bb background_color=\u00bb#e9eeea\u00bb custom_padding=\u00bb50px||50px||false|false\u00bb custom_padding_tablet=\u00bb30px||30px||false|false\u00bb custom_padding_phone=\u00bb30px||30px||false|false\u00bb global_colors_info=\u00bb{}\u00bb][et_pb_column type=\u00bb1_5&#8243; _builder_version=\u00bb4.16&#8243; _module_preset=\u00bbdefault\u00bb global_colors_info=\u00bb{}\u00bb][\/et_pb_column][et_pb_column type=\u00bb3_5&#8243; _builder_version=\u00bb4.16&#8243; _module_preset=\u00bbdefault\u00bb custom_padding_tablet=\u00bb|20px||20px|false|false\u00bb custom_padding_phone=\u00bb|20px||20px|false|false\u00bb custom_padding_last_edited=\u00bbon|tablet\u00bb global_colors_info=\u00bb{}\u00bb][et_pb_text _builder_version=\u00bb4.23.1&#8243; _module_preset=\u00bbdefault\u00bb header_2_font=\u00bbSource Sans 3|800|||||||\u00bb header_2_text_color=\u00bb#006B46&#8243; header_2_font_size=\u00bb36px\u00bb header_3_font_size=\u00bb24px\u00bb custom_margin=\u00bb||17px|||\u00bb header_2_font_size_tablet=\u00bb30px\u00bb header_2_font_size_phone=\u00bb24px\u00bb header_3_font_size_tablet=\u00bb20px\u00bb header_3_font_size_phone=\u00bb18px\u00bb header_3_font_size_last_edited=\u00bbon|phone\u00bb global_colors_info=\u00bb{}\u00bb]<h2>DONAR<\/h2>\n<h3 class=\"serif\">Con una donaci\u00f3n \u00fanica o peri\u00f3dica, puede apoyar directamente nuestros proyectos en <a href=\"#\">Costa Rica<\/a> y la educaci\u00f3n medioambiental en <a href=\"#\">Alemania<\/a>.<\/h3>\n<p>Como organizaci\u00f3n peque\u00f1a y personal, podemos garantizar una transparencia absoluta. El<a href=\"https:\/\/tropica-verde.de\/es\/quienes-somos\/dzi-sello-de-certificacion\/\"> sello de donaci\u00f3n del DZI<\/a>, que llevamos con orgullo desde 2011, tambi\u00e9n da fe de ello. <\/p>[\/et_pb_text][et_pb_button button_url=\u00bbhttps:\/\/tropica-verde.de\/es\/ayudardonar\/donaciones\/\u00bb button_text=\u00bbDONAR AHORA\u00bb _builder_version=\u00bb4.23.1&#8243; _module_preset=\u00bb70b994c3-2b68-43f9-baa1-aee328fdc428&#8243; button_border_color=\u00bbRGBA(0,0,0,0)\u00bb custom_margin=\u00bb||||false|false\u00bb global_colors_info=\u00bb{}\u00bb][\/et_pb_button][\/et_pb_column][et_pb_column type=\u00bb1_5&#8243; _builder_version=\u00bb4.16&#8243; _module_preset=\u00bbdefault\u00bb global_colors_info=\u00bb{}\u00bb][\/et_pb_column][\/et_pb_row][\/et_pb_section]<!-- \/wp:post-content -->","protected":false},"excerpt":{"rendered":"<p>Hace 30 a\u00f1os, los visionarios fundadores de nuestro colectivo empezaron a adquirir terrenos con fines de conservaci\u00f3n. Este dedicado grupo de ecologistas se autodenominaba con orgullo \u00abGuardianes del Bosque\u00bb. Esta comunidad de vecinos alarmados respondi\u00f3 a la deforestaci\u00f3n a gran escala que comenz\u00f3 tras el colapso de las plantaciones de cacao debido al hongo monilia y a la fragilidad del mercado.  <\/p>\n","protected":false},"author":5,"featured_media":245304,"comment_status":"open","ping_status":"open","sticky":false,"template":"","format":"standard","meta":{"_et_pb_use_builder":"on","_et_pb_old_content":"<!-- wp:paragraph -->\r\n<p>Am Freitag 16.06.2023 wurde in Monte Alto gemeinsam mit unserer Partnerorganisation Ecodesi der Tag des Baumes gefeiert! <\/p>\r\n<!-- \/wp:paragraph -->\r\n\r\n<!-- wp:paragraph -->\r\n<p>Zu diesem j\u00e4hrlichen Anlass kommen Schulklassen, Freiwillige und andere engagierte Menschen zusammen und pflanzen B\u00e4ume auf der Reserva. Ganz nebenbei erlernen und erleben sie so die Bedeutung des Urwaldes und der Artenvielfalt.<\/p>\r\n<!-- \/wp:paragraph -->\r\n\r\n<!-- wp:paragraph -->\r\n<p>Wir freuen uns Teil dieser Aktion zu sein & somit einen wichtigen Beitrag zur Umweltbildung beizutragen!<\/p>\r\n<!-- \/wp:paragraph -->\r\n\r\n<!-- wp:paragraph -->\r\n<p><\/p>\r\n<!-- \/wp:paragraph -->\r\n\r\n<!-- wp:image {\"id\":237696,\"sizeSlug\":\"large\",\"linkDestination\":\"none\"} -->\r\n<figure class=\"wp-block-image size-large\"><img src=\"https:\/\/tropica-verde.de\/wp-content\/uploads\/2023\/06\/Collage_TagdesBaumes-1024x819.png\" alt=\"\" class=\"wp-image-237696\"\/><\/figure>\r\n<!-- \/wp:image -->","_et_gb_content_width":"","inline_featured_image":false,"footnotes":""},"categories":[207,244,228],"tags":[302,29,158,161,301,303,306,304,305,40],"class_list":["post-245325","post","type-post","status-publish","format-standard","has-post-thumbnail","hentry","category-finca-curre-es","category-gandoca","category-labor-educativa-en-costa-rica","tag-bildungsnetzwerk","tag-costa-rica","tag-costa-rica-es","tag-educacion-medioambiental","tag-netzwerk","tag-projektuebergreifend","tag-proyectos-cruzados","tag-red","tag-red-educativa","tag-umweltbildung"],"_links":{"self":[{"href":"https:\/\/tropica-verde.de\/es\/wp-json\/wp\/v2\/posts\/245325","targetHints":{"allow":["GET"]}}],"collection":[{"href":"https:\/\/tropica-verde.de\/es\/wp-json\/wp\/v2\/posts"}],"about":[{"href":"https:\/\/tropica-verde.de\/es\/wp-json\/wp\/v2\/types\/post"}],"author":[{"embeddable":true,"href":"https:\/\/tropica-verde.de\/es\/wp-json\/wp\/v2\/users\/5"}],"replies":[{"embeddable":true,"href":"https:\/\/tropica-verde.de\/es\/wp-json\/wp\/v2\/comments?post=245325"}],"version-history":[{"count":23,"href":"https:\/\/tropica-verde.de\/es\/wp-json\/wp\/v2\/posts\/245325\/revisions"}],"predecessor-version":[{"id":249502,"href":"https:\/\/tropica-verde.de\/es\/wp-json\/wp\/v2\/posts\/245325\/revisions\/249502"}],"wp:featuredmedia":[{"embeddable":true,"href":"https:\/\/tropica-verde.de\/es\/wp-json\/wp\/v2\/media\/245304"}],"wp:attachment":[{"href":"https:\/\/tropica-verde.de\/es\/wp-json\/wp\/v2\/media?parent=245325"}],"wp:term":[{"taxonomy":"category","embeddable":true,"href":"https:\/\/tropica-verde.de\/es\/wp-json\/wp\/v2\/categories?post=245325"},{"taxonomy":"post_tag","embeddable":true,"href":"https:\/\/tropica-verde.de\/es\/wp-json\/wp\/v2\/tags?post=245325"}],"curies":[{"name":"wp","href":"https:\/\/api.w.org\/{rel}","templated":true}]}}