{"id":245202,"date":"2024-10-10T23:07:21","date_gmt":"2024-10-10T21:07:21","guid":{"rendered":"https:\/\/tropica-verde.de\/en-la-prensa-michael-y-wolfgang-en-la-revista-oeko-test\/"},"modified":"2025-05-26T17:48:32","modified_gmt":"2025-05-26T15:48:32","slug":"en-la-prensa-michael-y-wolfgang-en-la-revista-oeko-test","status":"publish","type":"post","link":"https:\/\/tropica-verde.de\/es\/en-la-prensa-michael-y-wolfgang-en-la-revista-oeko-test\/","title":{"rendered":"En la prensa: Michael y Wolfgang en una entrevista de \u00d6KO-TEST"},"content":{"rendered":"<p>[et_pb_section fb_built=\u00bb1&#8243; admin_label=\u00bbsection\u00bb _builder_version=\u00bb4.16&#8243; custom_padding=\u00bb0px|||||\u00bb global_colors_info=\u00bb{}\u00bb][et_pb_row admin_label=\u00bbfila\u00bb _builder_version=\u00bb4.16&#8243; background_size=\u00bbinitial\u00bb background_position=\u00bbtop_left\u00bb background_repeat=\u00bbrepeat\u00bb min_height=\u00bb1074.4px\u00bb custom_margin=\u00bb|auto|-135px|auto||\u00bb global_colors_info=\u00bb{}\u00bb][et_pb_column type=\u00bb4_4&#8243; _builder_version=\u00bb4.16&#8243; custom_padding=\u00bb|||\u00bb global_colors_info=\u00bb{}\u00bb custom_padding__hover=\u00bb|||\u00bb][et_pb_text admin_label=\u00bbText\u00bb _builder_version=\u00bb4.23.1&#8243; background_size=\u00bbinitial\u00bb background_position=\u00bbtop_left\u00bb background_repeat=\u00bbrepeat\u00bb global_colors_info=\u00bb{}\u00bb]<\/p>\n<h1>\u00abLa selva vuelve a crecer\u00bb - Entrevista sobre la reforestaci\u00f3n de la selva tropical en Costa Rica<\/h1>\n<p>Michael Ott y Wolfgang Schmitt han sido entrevistados por la revista \u00d6KO-TEST. En el \u00faltimo n\u00famero dedicado al caf\u00e9, ambos presentan Tropica Verde y su labor de reforestaci\u00f3n de las selvas tropicales. Puedes leerla aqu\u00ed.  <\/p>\n<p><em>Tambi\u00e9n puedes encontrar todos los art\u00edculos de prensa sobre Tropica Verde en <a href=\"https:\/\/tropica-verde.de\/es\/quienes-somos\/prensa\/\">https:\/\/tropica-verde.de\/ueber-uns\/presse\/.<\/a><\/em><br \/><em>\u00d6KO-TEST nos ha facilitado amablemente la entrevista completa para su publicaci\u00f3n<\/em><\/p>\n<p>[\/et_pb_text][et_pb_accordion _builder_version=\u00bb4.23.1&#8243; toggle_level=\u00bbh4&#8243; border_style=\u00bbsolid\u00bb global_module=\u00bb245183&#8243; global_colors_info=\u00bb{}\u00bb][et_pb_accordion_item title=\u00bb09\/2024 | \u00d6KO-TEST: La selva vuelve a crecer - Entrevista con Michael Ott y Wolfgang Schmitt\u00bb open=\u00bbon\u00bb _builder_version=\u00bb4.23.1&#8243; _module_preset=\u00bbdefault\u00bb global_colors_info=\u00bb{}\u00bb]<\/p>\n<p>\u00a1Gracias por esta gran entrevista!<br \/><a href=\"https:\/\/shop.oekotest.de\/m2409\/%20%20\" target=\"_blank\" rel=\"noopener nofollow\">Consigue aqu\u00ed la revista \u00d6KO-TEST de septiembre de 2024: Caf\u00e9<\/a><\/p>\n<div id=\"attachment_245148\" style=\"width: 1214px\" class=\"wp-caption alignleft\"><img loading=\"lazy\" decoding=\"async\" aria-describedby=\"caption-attachment-245148\" src=\"https:\/\/tropica-verde.de\/wp-content\/uploads\/2024\/10\/Oekotest-Interview2024-1.png\" width=\"1204\" height=\"1718\" alt=\"Entrevista Revista \u00d6kotest n\u00famero 9-2024\" class=\"wp-image-245148 size-full\" title=\"\"><p id=\"caption-attachment-245148\" class=\"wp-caption-text\">Revista \u00d6kotest N\u00famero 9-2024<\/p><\/div>\n<p><img loading=\"lazy\" decoding=\"async\" src=\"https:\/\/tropica-verde.de\/wp-content\/uploads\/2024\/10\/Oekotest-Interview2024-2.png\" width=\"1204\" height=\"1718\" alt=\"\" class=\"wp-image-245151 alignleft size-full\" title=\"\"><img loading=\"lazy\" decoding=\"async\" src=\"https:\/\/tropica-verde.de\/wp-content\/uploads\/2024\/10\/Oekotest-Interview2024-3.png\" width=\"1204\" height=\"1718\" alt=\"\" class=\"wp-image-245154 alignleft size-full\" title=\"\"><\/p>\n<p><img loading=\"lazy\" decoding=\"async\" src=\"https:\/\/tropica-verde.de\/wp-content\/uploads\/2024\/10\/Oekotest-Interview2024-4.png\" width=\"1204\" height=\"1718\" alt=\"\" class=\"wp-image-245157 alignleft size-full\" title=\"\"><\/p>\n<p>[\/et_pb_accordion_item][et_pb_accordion_item title=\u00bb29.05.2024 | Frankfurter Neue Presse: Luchando juntos por la selva tropical\u00bb _builder_version=\u00bb4.23.1&#8243; _module_preset=\u00bbdefault\u00bb global_colors_info=\u00bb{}\u00bb open=\u00bboff\u00bb]<div id=\"attachment_244787\" style=\"width: 1249px\" class=\"wp-caption alignleft\"><img loading=\"lazy\" decoding=\"async\" aria-describedby=\"caption-attachment-244787\" class=\"wp-image-244787 size-full\" src=\"https:\/\/tropica-verde.de\/wp-content\/uploads\/2024\/08\/20240529-FNP-Botschafterbesuch-Infobuero-TV.jpg\" alt=\"Art\u00edculo Visita del embajador de Costa Rica a Tropica Verde\" width=\"1239\" height=\"1754\" title=\"\"><p id=\"caption-attachment-244787\" class=\"wp-caption-text\">Art\u00edculo en la Frankfurter Neue Presse (FNP) del 29\/05\/2024: El embajador de Costa Rica visita la oficina de informaci\u00f3n<\/p><\/div>[\/et_pb_accordion_item][et_pb_accordion_item title=\u00bb22.05.2024 | hr: Conferencia en l\u00ednea de BioFrankfurt y Tropica Verdes presentada en \u201calle wetter!\u201d (\u00a1Todo m\u00e1s mojado!)\u00bb _builder_version=\u00bb4.23.1&#8243; _module_preset=\u00bbdefault\u00bb global_colors_info=\u00bb{}\u00bb open=\u00bboff\u00bb]<\/p>\n<p>22.05.2024<\/p>\n<h2 class=\"id-StoryElement-headline\">BioFrankfurt y Tropica Verde se mencionan en hr televisi\u00f3n en el D\u00eda de la Biodiversidad<\/h2>\n<h3 class=\"id-StoryElement-leadText\">\u00a1BioFrankfurt con la semana de acci\u00f3n por la biodiversidad como invitado en alle wetter!<\/h3>\n<p>En el hr-Mediathek encontrar\u00e1s una interesante contribuci\u00f3n en el programa<a href=\"https:\/\/www.ardmediathek.de\/video\/alle-wetter\/alle-wetter-vom-22-05-2024\/hr-fernsehen\/NWM5YzkwYjMtYmFlYS00YjBhLTlhN2EtYTA4ZmVjN2ZhODZk\" rel=\"nofollow noopener\" target=\"_blank\"> alle wetter! del 22.05.2024<\/a> sobre el tiempo, las fresas y la semana de la campa\u00f1a BioFrankfurt. A partir del minuto 07:07 trata sobre BioFrankfurt, la red y por qu\u00e9 es importante la biodiversidad.<\/p>\n<p>A partir del minuto 8, tambi\u00e9n se menciona Tropica Verde con su conferencia en l\u00ednea el 23 de mayo de 2024 como parte de la Semana de Acci\u00f3n de la Biodiversidad<\/p>\n<p>[\/et_pb_accordion_item][et_pb_accordion_item title=\u00bb16.11.2023 | Frankfurter Rundschau: Frankfurt: Desarrollar la conciencia para un mundo mejor\u00bb _builder_version=\u00bb4.23.1&#8243; _module_preset=\u00bbdefault\u00bb global_colors_info=\u00bb{}\u00bb open=\u00bboff\u00bb]<\/p>\n<div class=\"id-RatioPlaceholder\"><img loading=\"lazy\" decoding=\"async\" class=\"id-RatioPlaceholder-element wv_story_el_image\" src=\"https:\/\/www.fr.de\/assets\/images\/33\/247\/33247543-loai-li-und-nelida-von-der-bettinaschule-zeigen-ihre-sparsymbole-im-klassenraum-15fe.jpg\" sizes=\"(min-width: 769px) 768px, 100vw\" srcset=\"https:\/\/www.fr.de\/assets\/images\/33\/247\/33247543-loai-li-und-nelida-von-der-bettinaschule-zeigen-ihre-sparsymbole-im-klassenraum-15b6.jpg 448w,https:\/\/www.fr.de\/assets\/images\/33\/247\/33247543-loai-li-und-nelida-von-der-bettinaschule-zeigen-ihre-sparsymbole-im-klassenraum-1570.jpg 768w,https:\/\/www.fr.de\/assets\/images\/33\/247\/33247543-loai-li-und-nelida-von-der-bettinaschule-zeigen-ihre-sparsymbole-im-klassenraum-15fe.jpg 1100w,https:\/\/www.fr.de\/assets\/images\/33\/247\/33247543-loai-li-und-nelida-von-der-bettinaschule-zeigen-ihre-sparsymbole-im-klassenraum-157a.jpg 1408w,https:\/\/www.fr.de\/assets\/images\/33\/247\/33247543-loai-li-und-nelida-von-der-bettinaschule-zeigen-ihre-sparsymbole-im-klassenraum-15MH.jpg 1600w\" alt=\"Loai (izquierda) y Nelida, de la escuela Bettina, muestran sus s\u00edmbolos de ahorro en el aula.\" width=\"1100\" height=\"619\" title=\"\"><\/div>\n<p>Loai (izquierda) y Nelida, de la escuela Bettina, muestran sus s\u00edmbolos de ahorro en el aula. Renate Hoyer; Fuente: FR Art\u00edculo original<\/p>\n<p>&nbsp;<\/p>\n<p>16.11.2023<\/p>\n<h2 class=\"id-StoryElement-headline\">Fr\u00e1ncfort: Sensibilizar para un mundo mejor<\/h2>\n<h3 class=\"id-StoryElement-leadText\">La ciudad distingue a las escuelas que se preocupan por el clima y la conservaci\u00f3n de los recursos.<\/h3>\n<p class=\"id-StoryElement-paragraph\">Un intercambio de ropa, dispensadores de agua potable en el edificio escolar, cisternas de inodoros con agua de lluvia, un \u00abaula verde\u00bb al aire libre, sistemas fotovoltaicos en el tejado y desprecintar el patio del colegio son algunas de las muchas ideas de los alumnos del grupo de trabajo sobre energ\u00eda para lograr m\u00e1s sostenibilidad en la Schule am Ried de Bergen-Enkheim. \u00abQueremos llamar la atenci\u00f3n sobre los residuos. En lugar de apoyar la moda r\u00e1pida, los alumnos pueden intercambiar ropa, por ejemplo\u00bb, dice Paulina R\u00fchl, de 15 a\u00f1os, para explicar la idea del intercambio de ropa. Alexander Gall, profesor y jefe del grupo de trabajo, est\u00e1 orgulloso de los j\u00f3venes. \u00abPonen alma y coraz\u00f3n en su trabajo\u00bb.<\/p>\n<p class=\"id-StoryElement-paragraph\">La Schule am Ried no lucha sola contra el cambio clim\u00e1tico. Hay muchos m\u00e1s en la ciudad comprometidos con el clima y la sostenibilidad. El jueves, Sylvia Weber (SPD), jefa del departamento de Educaci\u00f3n, homenaje\u00f3 a las llamadas \u00abescuelas de ahorro energ\u00e9tico\u00bb de Fr\u00e1ncfort en el auditorio de la escuela Bettina, en el Westend. Los j\u00f3venes de Schule am Ried est\u00e1n encantados: \u00abEl certificado nos demuestra lo mucho que se puede cambiar con peque\u00f1as cosas\u00bb.<\/p>\n<p class=\"id-StoryElement-paragraph\">En el marco del programa \u00abSuccess sharing for user-related energy and water savings at Frankfurt schools\u00bb, los participantes consiguieron ahorrar unas 3.600 toneladas de emisiones de CO2 en 2022, lo que supuso unos costes de casi 1,7 millones de euros. Bajo el lema \u00abAhorrar energ\u00eda - aumentar el presupuesto\u00bb, los centros escolares tienen la oportunidad de reducir su consumo de energ\u00eda y, a cambio, recibir de vuelta la mitad de los costes ahorrados. La otra mitad es utilizada por la Oficina de Construcci\u00f3n e Inmobiliaria (ABI) para inversiones de ahorro energ\u00e9tico en instalaciones educativas.<\/p>\n<div class=\"id-TBeepSlot\">\n<div id=\"trf_ad_desktop_news_fixed_after_count_3_92679153_content_2_idx_11\" class=\"Content_2 trf-center-container trf-declaration-container\" data-google-query-id=\"CICei8fcgIMDFYjsKAUdUD0GfA\">\n<div id=\"google_ads_iframe_\/307308315,5176\/idan.fr.de\/localnews_3__container__\">Para participar, los equipos de energ\u00eda formados por profesores, alumnos y administradores escolares deben unir sus fuerzas en los centros. A partir del consumo de agua, electricidad y calefacci\u00f3n de los tres \u00faltimos a\u00f1os, se determina el valor de referencia de la instalaci\u00f3n y se calcula el potencial de ahorro. El coach energ\u00e9tico Albrecht Pfrommer, de la Asociaci\u00f3n de Aprendizaje Medioambiental de Fr\u00e1ncfort, presta su apoyo. Da a las administraciones escolares consejos pr\u00e1cticos sobre c\u00f3mo pueden ahorrar energ\u00eda en sus edificios.<\/div>\n<\/div>\n<\/div>\n<p class=\"id-StoryElement-paragraph\">Su colega Jenny Gebert inicia talleres de aprendizaje para las comunidades escolares. \u00abSin embargo, las escuelas asociadas tambi\u00e9n se comprometen a afianzar continuamente los temas del ahorro energ\u00e9tico y la protecci\u00f3n del clima en sus clases\u00bb. \u00abLa protecci\u00f3n del clima es un marat\u00f3n, no un sprint\u00bb, subraya Mathias Linder, Jefe del Departamento de Gesti\u00f3n Energ\u00e9tica de ABI. Le complace sobremanera que al menos cinco de las nueve escuelas de la fase piloto de 1998 sigan participando hoy en el proyecto y que \u00e9ste siga tan vivo 25 a\u00f1os despu\u00e9s de su fundaci\u00f3n.<\/p>\n<h3 class=\"id-StoryElement-crosshead\">92 escuelas participaron en 2022<\/h3>\n<p class=\"id-StoryElement-paragraph\">Uno de los puntos fuertes de Fr\u00e1ncfort y la raz\u00f3n del \u00e9xito del proyecto es la implicaci\u00f3n de la administraci\u00f3n de la escuela. \u00abEsto s\u00f3lo funciona si se unen muchos jugadores\u00bb. Lo hacen. En 2022, 92 centros escolares se comprometieron a ahorrar energ\u00eda.<\/p>\n<div class=\"id-TBeepSlot\">\n<div id=\"trf_ad_desktop_news_fixed_after_count_3_92679153_content_3_idx_16\" class=\"Content_3 trfLazyload trf-center-container trf-declaration-container\" data-google-query-id=\"COfhk-fcgIMDFfETigMdwhIENQ\">\n<div id=\"google_ads_iframe_\/307308315,5176\/idan.fr.de\/localnews_7__container__\">IGS-Nordend tambi\u00e9n persigue objetivos ambiciosos. Lleva m\u00e1s de diez a\u00f1os ahorrando energ\u00eda. Seg\u00fan el profesor de ciencias Matthias Walter, la escuela va \u00abcamino de la neutralidad de CO2\u00bb. El lema es: \u00abReducir y compensar\u00bb. Este \u00faltimo adopta la forma de un proyecto de reforestaci\u00f3n en Costa Rica en cooperaci\u00f3n con la asociaci\u00f3n Tropica Verde, con sede en Fr\u00e1ncfort.<\/div>\n<\/div>\n<\/div>\n<p class=\"id-StoryElement-paragraph\">La Escuela Bettina, anfitriona del premio, ha anclado firmemente la protecci\u00f3n del clima en su filosof\u00eda escolar. \u00abEstamos muy orgullosos de haber participado en el proyecto desde el principio\u00bb, subraya la directora, Elke Schinkel. Los j\u00f3venes prestan atenci\u00f3n a una calefacci\u00f3n econ\u00f3mica, una ventilaci\u00f3n correcta y el consumo de electricidad.<\/p>\n<p class=\"id-StoryElement-paragraph\">En la asignatura optativa obligatoria Geograf\u00eda+, tratan la sostenibilidad. Actualmente se centran en los smartphones y su impacto en el medio ambiente. \u00abAhora soy m\u00e1s consciente de las circunstancias en que se fabrican los tel\u00e9fonos m\u00f3viles\u00bb, dice Nike Akebrand, de 15 a\u00f1os. Le sorprendi\u00f3 especialmente el trato dado a los derechos humanos y a la extracci\u00f3n de minerales. Dice: \u00abLa asignatura fue mi segunda opci\u00f3n, no me arrepiento\u00bb. (Sophia Kr\u00e4mer)<\/p>\n<p>[\/et_pb_accordion_item][et_pb_accordion_item title=\u00bb20.01.2020 | Wiesbadener Kurier: Recaudaci\u00f3n de las actuaciones para causas sociales\u00bb _builder_version=\u00bb4.23.1&#8243; _module_preset=\u00bbdefault\u00bb global_colors_info=\u00bb{}\u00bb open=\u00bboff\u00bb]<\/p>\n<p><img loading=\"lazy\" decoding=\"async\" class=\"aligncenter wp-image-3689 size-full\" src=\"http:\/\/www.tropica-verde.de\/wp-content\/uploads\/2017\/04\/819_21071_21071446_44591600.jpg\" alt=\"\" width=\"1020\" height=\"510\" title=\"\"><\/p>\n<p>El equipo Kolping entrega la donaci\u00f3n a Walter B\u00fcrkin (izquierda) de la asociaci\u00f3n \u00abTropica Verde\u00bb. (Foto: Familia Kolping)<\/p>\n<p>20.01.2020, de hol<\/p>\n<p><strong>La recaudaci\u00f3n de los espect\u00e1culos se destina a fines sociales<\/strong><\/p>\n<p>Tropica Verde recibi\u00f3 donativos del grupo de teatro de la familia Kolping de Biebrich.<a href=\"https:\/\/www.wiesbadener-kurier.de\/lokales\/wiesbaden\/wiesbaden-biebrich\/erloese-aus-auffuehrungen-fuer-soziale-zwecke-1457080\" rel=\"nofollow noopener\" target=\"_blank\">Haz clic aqu\u00ed para leer el art\u00edculo completo del peri\u00f3dico en Wiesbadener Kurier<\/a>.<\/p>\n<p>[\/et_pb_accordion_item][et_pb_accordion_item title=\u00bb12.09.2019 Frankfurter Rundschau: 30 a\u00f1os de Amigos de la Selva en Fr\u00e1ncfort\u00bb _builder_version=\u00bb4.23.1&#8243; global_colors_info=\u00bb{}\u00bb toggle_text_color=\u00bb#105427&#8243; toggle_level=\u00bbh4&#8243; toggle_font=\u00bb|600|||||||\u00bb open=\u00bboff\u00bb]<\/p>\n<p><img loading=\"lazy\" decoding=\"async\" class=\"aligncenter wp-image-3613 size-large\" src=\"http:\/\/www.tropica-verde.de\/wp-content\/uploads\/2017\/04\/20191205-Foto-Faunity-von-FR-Artikel-im-Sept-2019-1024x576.jpg\" alt=\"\" width=\"1024\" height=\"576\" title=\"\"><\/p>\n<p>Monte Alto, en Costa Rica: Tropica Verde trabaja all\u00ed desde 1997. Faunity-Tropica Verde<\/p>\n<p>12.09.19 18:12<\/p>\n<p>TROPICA VERDE<\/p>\n<p><strong>30 a\u00f1os de Amigos de la Selva en Fr\u00e1ncfort<\/strong><\/p>\n<p>porThomas Stillbauer<\/p>\n<p><strong>La asociaci\u00f3n celebra su cumplea\u00f1os en el Palmengarten. Su trabajo durante tres d\u00e9cadas tambi\u00e9n dice mucho sobre el problema clim\u00e1tico actual.<\/strong><\/p>\n<p>Las mariposas que enriquecer\u00e1n el Jard\u00edn de Palmeras en el futuro proceder\u00e1n de Costa Rica, y la asociaci\u00f3n Tropica Verde, que celebra su 30 aniversario este s\u00e1bado, trabaja activamente en Costa Rica. \u00bfD\u00f3nde lo celebra? Derecha: en el jard\u00edn de palmeras. As\u00ed se cierra el c\u00edrculo.<\/p>\n<p>Fundada en 1989 por un grupo de bi\u00f3logos de Fr\u00e1ncfort para hacer algo contra la destrucci\u00f3n de las selvas tropicales, la organizaci\u00f3n ha puesto en marcha numerosos proyectos de conservaci\u00f3n en las tres \u00faltimas d\u00e9cadas. En primer lugar, se trataba de sensibilizar aqu\u00ed en Alemania para llamar la atenci\u00f3n sobre los problemas. Posteriormente, se llevaron a cabo acciones sobre el terreno.<\/p>\n<p>El ejemplo de Monte Alto es un buen ejemplo de lo que ocurre si no se detiene la sobreexplotaci\u00f3n de los bosques tropicales, como ocurre en Brasil, por ejemplo. En Monte Alto, en la pen\u00ednsula costarricense de Nicoya, grandes empresas talaron anta\u00f1o sin piedad lo que all\u00ed crec\u00eda: bosques ricos en especies. La tala s\u00f3lo benefici\u00f3 a los ganaderos que necesitaban pastos y, en \u00faltima instancia, perjudic\u00f3 a todo el mundo.<\/p>\n<p>En primer lugar, la deforestaci\u00f3n provoc\u00f3 la erosi\u00f3n y el descenso del nivel fre\u00e1tico. El r\u00edo local, el R\u00edo Nosara, en las tierras altas, fuente de agua potable para la poblaci\u00f3n, perdi\u00f3 el 90% de su nivel de agua en los 25 a\u00f1os siguientes a la tala, informa Tropica Verde. En segundo lugar, el planeta est\u00e1 perdiendo el ox\u00edgeno para el que los \u00e1rboles, especialmente las extensas selvas tropicales, son tan importantes.<\/p>\n<p>En 1993, la poblaci\u00f3n local fund\u00f3 la Fundaci\u00f3n Pro Reserva Forestal Monte Alto e inici\u00f3 la reforestaci\u00f3n. Designaron una zona forestal protegida, recibieron ayudas estatales y Tropica Verde es miembro de la Fundaci\u00f3n desde 1997. La asociaci\u00f3n compr\u00f3 terrenos para reforestar con la ayuda de patrocinadores. En los \u00faltimos a\u00f1os se han a\u00f1adido m\u00e1s zonas y la naturaleza se est\u00e1 recuperando poco a poco: una historia de \u00e9xito, pero a\u00fan queda mucho por hacer en Monte Alto y en otros proyectos. La ayuda de Fr\u00e1ncfort lleg\u00f3, entre otros, de los alumnos del IGS Nordend, que organizaron carreras ben\u00e9ficas.<\/p>\n<p>\u00abAyudar en lugar de quejarse\u00bb ha sido siempre un lema de Tropica Verde, as\u00ed como \u00abSi se puede\u00bb: Yes, we can do it (S\u00ed, podemos hacerlo), quiz\u00e1 familiar para algunos de la pol\u00edtica estadounidense y federal. De vez en cuando, la asociaci\u00f3n ofrece informaci\u00f3n sobre su trabajo en el Palmengarten, donde el s\u00e1bado hay un completo programa.<\/p>\n<p><strong>La fiesta de 30 cumplea\u00f1os estar\u00e1 abierta a todos el 14 de septiembre de 14.00 a 18.00 horas. En el Palm Garden de Villa Leonhardi habr\u00e1 entrevistas sobre la conservaci\u00f3n de la biodiversidad, charlas en directo con socios de Costa Rica y stands informativos sobre educaci\u00f3n ambiental. Todo lo que necesita saber:  <\/strong><a href=\"http:\/\/www.tropica-verde.de\/\"><strong>www.tropica-verde.de<\/strong><\/a><strong>.<\/strong><\/p>\n<p>[\/et_pb_accordion_item][\/et_pb_accordion][\/et_pb_column][\/et_pb_row][et_pb_row _builder_version=\u00bb4.23.1&#8243; _module_preset=\u00bbdefault\u00bb custom_margin=\u00bb70px|auto||auto||\u00bb global_colors_info=\u00bb{}\u00bb][et_pb_column type=\u00bb4_4&#8243; _builder_version=\u00bb4.23.1&#8243; _module_preset=\u00bbdefault\u00bb global_colors_info=\u00bb{}\u00bb][et_pb_text _builder_version=\u00bb4.23.1&#8243; _module_preset=\u00bbdefault\u00bb global_colors_info=\u00bb{}\u00bb][\/et_pb_text][\/et_pb_column][\/et_pb_row][et_pb_row column_structure=\u00bb1_5,3_5,1_5&#8243; custom_padding_last_edited=\u00bbon|tablet\u00bb module_id=\u00bbmitglied\u00bb _builder_version=\u00bb4.23.1&#8243; _module_preset=\u00bbdefault\u00bb background_color=\u00bb#e9eeea\u00bb custom_padding=\u00bb50px||50px||false|false\u00bb custom_padding_tablet=\u00bb30px||30px||false|false\u00bb custom_padding_phone=\u00bb30px||30px||false|false\u00bb global_colors_info=\u00bb{}\u00bb][et_pb_column type=\u00bb1_5&#8243; _builder_version=\u00bb4.16&#8243; _module_preset=\u00bbdefault\u00bb global_colors_info=\u00bb{}\u00bb][et_pb_code raw_content_tablet=\u00bb<span class='et-pb-icon' style=%22color:#238da2; font-size:41px%22>=<\/span>\u00bb raw_content_phone=\u00bb\u00bb raw_content_last_edited=\u00bbon|tablet\u00bb _builder_version=\u00bb4.16&#8243; _module_preset=\u00bbdefault\u00bb text_orientation=\u00bbright\u00bb custom_padding=\u00bb8px|||20px|false|false\u00bb text_orientation_tablet=\u00bbcenter\u00bb text_orientation_phone=\u00bb\u00bb text_orientation_last_edited=\u00bbon|phone\u00bb global_colors_info=\u00bb{}\u00bb]<span class=\"et-pb-icon\" style=\"color:#238da2; font-size:30px\">$<\/span>[\/et_pb_code][\/et_pb_column][et_pb_column type=\u00bb3_5&#8243; _builder_version=\u00bb4.16&#8243; _module_preset=\u00bbdefault\u00bb custom_padding_tablet=\u00bb|20px||20px|false|false\u00bb custom_padding_phone=\u00bb|20px||20px|false|false\u00bb custom_padding_last_edited=\u00bbon|tablet\u00bb global_colors_info=\u00bb{}\u00bb][et_pb_text _builder_version=\u00bb4.23.1&#8243; _module_preset=\u00bbdefault\u00bb header_2_font=\u00bbSource Sans 3|800|||||||\u00bb header_2_font_size=\u00bb36px\u00bb header_3_font_size=\u00bb24px\u00bb custom_margin=\u00bb||17px|||\u00bb header_2_font_size_tablet=\u00bb30px\u00bb header_2_font_size_phone=\u00bb24px\u00bb header_2_font_size_last_edited=\u00bbon|phone\u00bb header_3_font_size_tablet=\u00bb20px\u00bb header_3_font_size_phone=\u00bb18px\u00bb header_3_font_size_last_edited=\u00bbon|phone\u00bb global_colors_info=\u00bb{}\u00bb]<\/p>\n<h2>H\u00c1GASE SOCIO<\/h2>\n<h3 class=\"serif\">La naturaleza, el medio ambiente y la protecci\u00f3n del clima necesitan un grupo de presi\u00f3n ahora m\u00e1s que nunca. Con su afiliaci\u00f3n nos da su voz para nuestro trabajo. Cuantos m\u00e1s afiliados representemos, m\u00e1s fuerte ser\u00e1 nuestra posici\u00f3n en el \u00e1mbito pol\u00edtico y econ\u00f3mico.  <\/h3>\n<p>Como miembro de Tropica Verde tienes muchas oportunidades. Puede implicarse activamente en la labor de la asociaci\u00f3n, participar como voluntario en actos e intercambiar ideas con personas de ideas afines sobre temas como la conservaci\u00f3n de la selva tropical, la protecci\u00f3n del clima, la educaci\u00f3n medioambiental y otros. O simplemente puedes apoyar nuestros proyectos regularmente con tu cuota de socio y ayudar a preservar la selva tropical de Costa Rica a largo plazo. Al hacerse miembro de Tropica Verde, est\u00e1 promoviendo la protecci\u00f3n sostenible del clima y ayud\u00e1ndonos a desarrollar y ampliar continuamente los proyectos de conservaci\u00f3n.   <\/p>\n<p>[\/et_pb_text][et_pb_button button_url=\u00bbhttps:\/\/tropica-verde.de\/es\/ayudardonar\/afiliarse\/\u00bb button_text=\u00bbH\u00c1GASE SOCIO AHORA\u00bb _builder_version=\u00bb4.23.1&#8243; _module_preset=\u00bb70b994c3-2b68-43f9-baa1-aee328fdc428&#8243; button_border_color=\u00bbRGBA(0,0,0,0)\u00bb custom_margin=\u00bb||||false|false\u00bb global_colors_info=\u00bb{}\u00bb][\/et_pb_button][\/et_pb_column][et_pb_column type=\u00bb1_5&#8243; _builder_version=\u00bb4.16&#8243; _module_preset=\u00bbdefault\u00bb global_colors_info=\u00bb{}\u00bb][\/et_pb_column][\/et_pb_row][\/et_pb_section]<\/p>\n","protected":false},"excerpt":{"rendered":"<p>\u00abLa selva vuelve a crecer\u00bb - Entrevista sobre la reforestaci\u00f3n de la selva tropical en Costa Rica Michael Ott y Wolfgang Schmitt han sido entrevistados por la revista \u00d6KO-TEST. En el \u00faltimo n\u00famero dedicado al caf\u00e9, ambos presentan Tropica Verde y su labor de reforestaci\u00f3n de las selvas tropicales. Puedes leerla aqu\u00ed. Tambi\u00e9n puedes encontrar [&hellip;]<\/p>\n","protected":false},"author":5,"featured_media":245150,"comment_status":"closed","ping_status":"open","sticky":false,"template":"","format":"standard","meta":{"_et_pb_use_builder":"on","_et_pb_old_content":"","_et_gb_content_width":"","inline_featured_image":false,"footnotes":""},"categories":[225,226,147,157],"tags":[],"class_list":["post-245202","post","type-post","status-publish","format-standard","has-post-thumbnail","hentry","category-ods-12-consumo-y-produccion-sostenibles","category-ods-13-accion-por-el-clima","category-todo-lo-demas-sobre-el-club","category-trabajo-educativo-en-alemania"],"_links":{"self":[{"href":"https:\/\/tropica-verde.de\/es\/wp-json\/wp\/v2\/posts\/245202","targetHints":{"allow":["GET"]}}],"collection":[{"href":"https:\/\/tropica-verde.de\/es\/wp-json\/wp\/v2\/posts"}],"about":[{"href":"https:\/\/tropica-verde.de\/es\/wp-json\/wp\/v2\/types\/post"}],"author":[{"embeddable":true,"href":"https:\/\/tropica-verde.de\/es\/wp-json\/wp\/v2\/users\/5"}],"replies":[{"embeddable":true,"href":"https:\/\/tropica-verde.de\/es\/wp-json\/wp\/v2\/comments?post=245202"}],"version-history":[{"count":23,"href":"https:\/\/tropica-verde.de\/es\/wp-json\/wp\/v2\/posts\/245202\/revisions"}],"predecessor-version":[{"id":247518,"href":"https:\/\/tropica-verde.de\/es\/wp-json\/wp\/v2\/posts\/245202\/revisions\/247518"}],"wp:featuredmedia":[{"embeddable":true,"href":"https:\/\/tropica-verde.de\/es\/wp-json\/wp\/v2\/media\/245150"}],"wp:attachment":[{"href":"https:\/\/tropica-verde.de\/es\/wp-json\/wp\/v2\/media?parent=245202"}],"wp:term":[{"taxonomy":"category","embeddable":true,"href":"https:\/\/tropica-verde.de\/es\/wp-json\/wp\/v2\/categories?post=245202"},{"taxonomy":"post_tag","embeddable":true,"href":"https:\/\/tropica-verde.de\/es\/wp-json\/wp\/v2\/tags?post=245202"}],"curies":[{"name":"wp","href":"https:\/\/api.w.org\/{rel}","templated":true}]}}