{"id":243711,"date":"2024-06-24T18:45:07","date_gmt":"2024-06-24T16:45:07","guid":{"rendered":"https:\/\/tropica-verde.de\/experiencia-zoo-aventura-en-la-conservacion-de-la-naturaleza-conferencia-el-06-08-2024\/"},"modified":"2025-05-26T18:22:06","modified_gmt":"2025-05-26T16:22:06","slug":"experiencia-zoo-aventura-en-la-conservacion-de-la-naturaleza-conferencia-el-06-08-2024","status":"publish","type":"post","link":"https:\/\/tropica-verde.de\/es\/experiencia-zoo-aventura-en-la-conservacion-de-la-naturaleza-conferencia-el-06-08-2024\/","title":{"rendered":"06.08.2024 | Conferencia en el marco del ZOO ERLEBNIS - ABENTEUER NATURSCHUTZ"},"content":{"rendered":"<p>[et_pb_section fb_built=\u00bb1&#8243; admin_label=\u00bbsection\u00bb _builder_version=\u00bb4.16&#8243; custom_padding=\u00bb0px|||||\u00bb global_colors_info=\u00bb{}\u00bb][et_pb_row admin_label=\u00bbfila\u00bb _builder_version=\u00bb4.16&#8243; background_size=\u00bbinitial\u00bb background_position=\u00bbtop_left\u00bb background_repeat=\u00bbrepeat\u00bb min_height=\u00bb1074.4px\u00bb custom_margin=\u00bb|auto|-68px|auto||\u00bb global_colors_info=\u00bb{}\u00bb][et_pb_column type=\u00bb4_4&#8243; _builder_version=\u00bb4.16&#8243; custom_padding=\u00bb|||\u00bb global_colors_info=\u00bb{}\u00bb custom_padding__hover=\u00bb|||\u00bb][et_pb_image src=\u00bbhttps:\/\/tropica-verde.de\/wp-content\/uploads\/2024\/06\/vortrag-wolfgang-zoo-frankfurt_thierry-und-wolfgang_finca-curre.png\u00bb alt=\u00bbConservaci\u00f3n de la naturaleza en acci\u00f3n: guardas forestales de gira por Costa Rica\u00bb title_text=\u00bbConservaci\u00f3n de la naturaleza en acci\u00f3n: Wolfgang y el guarda forestal Thierry en la Finca Curr\u00e9 hace muchos a\u00f1os\u00bb _builder_version=\u00bb4.23.1&#8243; _module_preset=\u00bbdefault\u00bb global_colors_info=\u00bb{}\u00bb][\/et_pb_image][et_pb_text admin_label=\u00bbText\u00bb _builder_version=\u00bb4.23.1&#8243; background_size=\u00bbinitial\u00bb background_position=\u00bbtop_left\u00bb background_repeat=\u00bbrepeat\u00bb global_colors_info=\u00bb{}\u00bb]<\/p>\n<h2><strong>Costa Rica - Conservaci\u00f3n de la selva tropical y rescate de especies amenazadas<\/strong><\/h2>\n<p><strong>Wolfgang Schmitt, Tropica Verde<br \/><\/strong><strong>Martes, 06.08.2024 , 18:00<br \/>Zoo de Frankfurt<\/strong><\/p>\n<p>&nbsp;<\/p>\n<p>Tropica Verde presenta su trabajo en <a href=\"https:\/\/www.zoo-frankfurt.de\/zoobesuch-planen\/was-ist-los-im-zoo\/event\/live-talks-und-vortraege-11\" rel=\"nofollow noopener\" target=\"_blank\">el Zoo de Fr\u00e1ncfort<\/a>:<\/p>\n<p>La presentaci\u00f3n se centrar\u00e1 en el <strong>compromiso de Tropica Verde e.V.<\/strong> en Costa Rica para<strong> salvar especies amenazadas<\/strong> como el guacamayo soldado, el oso hormiguero menor, los grandes felinos, los reptiles y las tortugas marinas. Wolfgang Schmitt informa sobre los <strong>retos y \u00e9xitos<\/strong> que ha experimentado su equipo <strong>mientras trabajaba en la selva tropical<\/strong>.<\/p>\n<p>&nbsp;<\/p>\n<ul>\n<li><em><br \/>\n  <strong>Organizador:<\/strong><br \/>\n<\/em> Zoo de Fr\u00e1ncfort y Tropica Verde e.V.<\/li>\n<li><strong><em>Costes:<\/em> <\/strong>Entrada gratuita<\/li>\n<li><strong><em>Punto de encuentro:<\/em> <\/strong>Zoo de Fr\u00e1ncfort, entrada Rh\u00f6nstra\u00dfe<\/li>\n<li><strong><em>Informaci\u00f3n:<\/em> <\/strong>Si el tiempo lo permite, la conferencia tendr\u00e1 lugar al aire libre; no es necesario inscribirse<\/li>\n<li><strong><br \/>\n  <em>P\u00e1gina web:<\/em><br \/>\n<\/strong> <a href=\"https:\/\/www.zoo-frankfurt.de\/zoobesuch-planen\" rel=\"nofollow noopener\" target=\"_blank\">Mapa del Zoo de Fr\u00e1ncfort<\/a> <\/li>\n<\/ul>\n<p>[\/et_pb_text][\/et_pb_column][\/et_pb_row][et_pb_row column_structure=\u00bb1_5,3_5,1_5&#8243; custom_padding_last_edited=\u00bbon|tablet\u00bb module_id=\u00bbmitglied\u00bb _builder_version=\u00bb4.23.1&#8243; _module_preset=\u00bbdefault\u00bb background_color=\u00bb#e9eeea\u00bb custom_margin=\u00bb81px|auto||auto||\u00bb custom_padding=\u00bb56px||50px||false|false\u00bb custom_padding_tablet=\u00bb30px||30px||false|false\u00bb custom_padding_phone=\u00bb30px||30px||false|false\u00bb global_colors_info=\u00bb{}\u00bb][et_pb_column type=\u00bb1_5&#8243; _builder_version=\u00bb4.16&#8243; _module_preset=\u00bbdefault\u00bb global_colors_info=\u00bb{}\u00bb][et_pb_code raw_content_tablet=\u00bb<span class='et-pb-icon' style=%22color:#238da2; font-size:41px%22>=<\/span>\u00bb raw_content_phone=\u00bb\u00bb raw_content_last_edited=\u00bbon|tablet\u00bb _builder_version=\u00bb4.16&#8243; _module_preset=\u00bbdefault\u00bb text_orientation=\u00bbright\u00bb custom_padding=\u00bb8px|||20px|false|false\u00bb text_orientation_tablet=\u00bbcenter\u00bb text_orientation_phone=\u00bb\u00bb text_orientation_last_edited=\u00bbon|phone\u00bb global_colors_info=\u00bb{}\u00bb]<span class=\"et-pb-icon\" style=\"color:#238da2; font-size:30px\">$<\/span>[\/et_pb_code][\/et_pb_column][et_pb_column type=\u00bb3_5&#8243; _builder_version=\u00bb4.16&#8243; _module_preset=\u00bbdefault\u00bb custom_padding_tablet=\u00bb|20px||20px|false|false\u00bb custom_padding_phone=\u00bb|20px||20px|false|false\u00bb custom_padding_last_edited=\u00bbon|tablet\u00bb global_colors_info=\u00bb{}\u00bb][et_pb_text _builder_version=\u00bb4.23.1&#8243; _module_preset=\u00bbdefault\u00bb header_2_font=\u00bbSource Sans 3|800|||||||\u00bb header_2_font_size=\u00bb36px\u00bb header_3_font_size=\u00bb24px\u00bb custom_margin=\u00bb||17px|||\u00bb header_2_font_size_tablet=\u00bb30px\u00bb header_2_font_size_phone=\u00bb24px\u00bb header_2_font_size_last_edited=\u00bbon|phone\u00bb header_3_font_size_tablet=\u00bb20px\u00bb header_3_font_size_phone=\u00bb18px\u00bb header_3_font_size_last_edited=\u00bbon|phone\u00bb global_colors_info=\u00bb{}\u00bb]<\/p>\n<h2>H\u00c1GASE SOCIO<\/h2>\n<h3 class=\"serif\">La naturaleza, el medio ambiente y la protecci\u00f3n del clima necesitan un grupo de presi\u00f3n ahora m\u00e1s que nunca. Con su afiliaci\u00f3n nos da su voz para nuestro trabajo. Cuantos m\u00e1s afiliados representemos, m\u00e1s fuerte ser\u00e1 nuestra posici\u00f3n en el \u00e1mbito pol\u00edtico y econ\u00f3mico.  <\/h3>\n<p>Como miembro de Tropica Verde tienes muchas oportunidades. Puede implicarse activamente en la labor de la asociaci\u00f3n, participar como voluntario en actos e intercambiar ideas con personas de ideas afines sobre temas como la conservaci\u00f3n de la selva tropical, la protecci\u00f3n del clima, la educaci\u00f3n medioambiental y otros. O simplemente puedes apoyar nuestros proyectos regularmente con tu cuota de socio y ayudar a preservar la selva tropical de Costa Rica a largo plazo. Al hacerse miembro de Tropica Verde, est\u00e1 promoviendo la protecci\u00f3n sostenible del clima y ayud\u00e1ndonos a desarrollar y ampliar continuamente los proyectos de conservaci\u00f3n.   <\/p>\n<p>[\/et_pb_text][et_pb_button button_url=\u00bbhttps:\/\/tropica-verde.de\/es\/ayudardonar\/afiliarse\/\u00bb button_text=\u00bbH\u00c1GASE SOCIO AHORA\u00bb _builder_version=\u00bb4.23.1&#8243; _module_preset=\u00bb70b994c3-2b68-43f9-baa1-aee328fdc428&#8243; button_border_color=\u00bbRGBA(0,0,0,0)\u00bb custom_margin=\u00bb||||false|false\u00bb global_colors_info=\u00bb{}\u00bb][\/et_pb_button][\/et_pb_column][et_pb_column type=\u00bb1_5&#8243; _builder_version=\u00bb4.16&#8243; _module_preset=\u00bbdefault\u00bb global_colors_info=\u00bb{}\u00bb][\/et_pb_column][\/et_pb_row][et_pb_row column_structure=\u00bb1_2,1_2&#8243; module_class=\u00bbflex-center width-auto\u00bb _builder_version=\u00bb4.23.1&#8243; _module_preset=\u00bbdefault\u00bb custom_margin=\u00bb20px|auto||auto|false|false\u00bb custom_margin_tablet=\u00bb70px|auto||auto|false|false\u00bb custom_margin_phone=\u00bb40px|auto||auto|false|false\u00bb custom_margin_last_edited=\u00bboff|tablet\u00bb custom_padding=\u00bb0px||||false|false\u00bb global_colors_info=\u00bb{}\u00bb][et_pb_column type=\u00bb1_2&#8243; _builder_version=\u00bb4.16&#8243; _module_preset=\u00bbdefault\u00bb global_colors_info=\u00bb{}\u00bb][et_pb_text _builder_version=\u00bb4.23.1&#8243; _module_preset=\u00bbdefault\u00bb header_font=\u00bb|700|||||||\u00bb header_text_color=\u00bb#555858&#8243; header_2_text_align=\u00bbright\u00bb header_2_text_color=\u00bb#575656&#8243; header_2_font_size=\u00bb36px\u00bb header_3_font=\u00bb|700|||||||\u00bb header_3_text_color=\u00bb#555858&#8243; header_3_font_size=\u00bb34px\u00bb text_orientation=\u00bbright\u00bb header_2_text_align_tablet=\u00bbcenter\u00bb header_2_text_align_phone=\u00bbcenter\u00bb header_2_text_align_last_edited=\u00bbon|desktop\u00bb header_2_font_size_tablet=\u00bb28px\u00bb header_2_font_size_phone=\u00bb20px\u00bb header_2_font_size_last_edited=\u00bbon|phone\u00bb global_colors_info=\u00bb{}\u00bb]<\/p>\n<h2>Tambi\u00e9n puede encontrarnos en<\/h2>\n<p>[\/et_pb_text][\/et_pb_column][et_pb_column type=\u00bb1_2&#8243; _builder_version=\u00bb4.16&#8243; _module_preset=\u00bbdefault\u00bb global_colors_info=\u00bb{}\u00bb][et_pb_code _builder_version=\u00bb4.23.1&#8243; _module_preset=\u00bbdefault\u00bb text_orientation=\u00bbleft\u00bb custom_margin=\u00bb||||false|false\u00bb custom_padding=\u00bb|0px||0px|false|false\u00bb custom_padding_tablet=\u00bb|20px||20px|false|false\u00bb custom_padding_phone=\u00bb|20px||20px|false|false\u00bb custom_padding_last_edited=\u00bbon|tablet\u00bb global_colors_info=\u00bb{}\u00bb]<\/p>\n<ul class=\"et-social-icons\" style=\"float:left\"><!-- [et_pb_line_break_holder] --><!-- [et_pb_line_break_holder] -->\t<\/p>\n<li class=\"et-social-icon et-social-facebook\"><!-- [et_pb_line_break_holder] -->\t\t<a href=\"https:\/\/www.facebook.com\/TropicaVerde.Regenwaldschutz\/\" class=\"icon\" target=\"_top\" rel=\"noopener nofollow\"><!-- [et_pb_line_break_holder] -->\t\t\t<span>Facebook<\/span><!-- [et_pb_line_break_holder] -->\t\t<\/a><!-- [et_pb_line_break_holder] -->\t<\/li>\n<p><!-- [et_pb_line_break_holder] --><!-- [et_pb_line_break_holder] -->\t<\/p>\n<li class=\"et-social-icon et-social-instagram\"><!-- [et_pb_line_break_holder] -->\t\t<a href=\"https:\/\/www.instagram.com\/tropicaverde\/\" class=\"icon\" target=\"_top\" rel=\"noopener nofollow\"><!-- [et_pb_line_break_holder] -->\t\t\t<span>Instagram<\/span><!-- [et_pb_line_break_holder] -->\t\t<\/a><!-- [et_pb_line_break_holder] -->\t<\/li>\n<p><!-- [et_pb_line_break_holder] -->  \t<\/p>\n<li class=\"et-social-icon et-social-youtube\"><!-- [et_pb_line_break_holder] -->\t\t<a href=\"https:\/\/www.youtube.com\/@tropicaverde8589\" class=\"icon\" target=\"_top\" rel=\"noopener nofollow\"><!-- [et_pb_line_break_holder] -->\t\t\t<span>YouTube<\/span><!-- [et_pb_line_break_holder] -->\t\t<\/a><!-- [et_pb_line_break_holder] -->\t<\/li>\n<p><!-- [et_pb_line_break_holder] --><!-- [et_pb_line_break_holder] --><\/ul>\n<p>[\/et_pb_code][\/et_pb_column][\/et_pb_row][\/et_pb_section]<\/p>\n","protected":false},"excerpt":{"rendered":"<p>Costa Rica - Conservaci\u00f3n de la selva tropical y rescate de especies amenazadas Wolfgang Schmitt, Tropica VerdeMartes, 06.08.2024 , 18:00Zoo de Frankfurt &nbsp; Tropica Verde presenta su trabajo en el Zoo de Fr\u00e1ncfort: La presentaci\u00f3n se centrar\u00e1 en el compromiso de Tropica Verde e.V. en Costa Rica para salvar especies amenazadas como el guacamayo soldado, [&hellip;]<\/p>\n","protected":false},"author":5,"featured_media":243664,"comment_status":"open","ping_status":"open","sticky":false,"template":"","format":"standard","meta":{"_et_pb_use_builder":"on","_et_pb_old_content":"","_et_gb_content_width":"","inline_featured_image":false,"footnotes":""},"categories":[149,147,157],"tags":[],"class_list":["post-243711","post","type-post","status-publish","format-standard","has-post-thumbnail","hentry","category-eventos-fechas","category-todo-lo-demas-sobre-el-club","category-trabajo-educativo-en-alemania"],"_links":{"self":[{"href":"https:\/\/tropica-verde.de\/es\/wp-json\/wp\/v2\/posts\/243711","targetHints":{"allow":["GET"]}}],"collection":[{"href":"https:\/\/tropica-verde.de\/es\/wp-json\/wp\/v2\/posts"}],"about":[{"href":"https:\/\/tropica-verde.de\/es\/wp-json\/wp\/v2\/types\/post"}],"author":[{"embeddable":true,"href":"https:\/\/tropica-verde.de\/es\/wp-json\/wp\/v2\/users\/5"}],"replies":[{"embeddable":true,"href":"https:\/\/tropica-verde.de\/es\/wp-json\/wp\/v2\/comments?post=243711"}],"version-history":[{"count":8,"href":"https:\/\/tropica-verde.de\/es\/wp-json\/wp\/v2\/posts\/243711\/revisions"}],"predecessor-version":[{"id":247602,"href":"https:\/\/tropica-verde.de\/es\/wp-json\/wp\/v2\/posts\/243711\/revisions\/247602"}],"wp:featuredmedia":[{"embeddable":true,"href":"https:\/\/tropica-verde.de\/es\/wp-json\/wp\/v2\/media\/243664"}],"wp:attachment":[{"href":"https:\/\/tropica-verde.de\/es\/wp-json\/wp\/v2\/media?parent=243711"}],"wp:term":[{"taxonomy":"category","embeddable":true,"href":"https:\/\/tropica-verde.de\/es\/wp-json\/wp\/v2\/categories?post=243711"},{"taxonomy":"post_tag","embeddable":true,"href":"https:\/\/tropica-verde.de\/es\/wp-json\/wp\/v2\/tags?post=243711"}],"curies":[{"name":"wp","href":"https:\/\/api.w.org\/{rel}","templated":true}]}}