{"id":241984,"date":"2024-05-03T22:07:52","date_gmt":"2024-05-03T20:07:52","guid":{"rendered":"https:\/\/tropica-verde.de\/los-socios-del-proyecto-se-presentan-entrevista-con-karla-murillo\/"},"modified":"2025-05-26T18:23:44","modified_gmt":"2025-05-26T16:23:44","slug":"los-socios-del-proyecto-se-presentan-entrevista-con-karla-murillo","status":"publish","type":"post","link":"https:\/\/tropica-verde.de\/es\/los-socios-del-proyecto-se-presentan-entrevista-con-karla-murillo\/","title":{"rendered":"Educaci\u00f3n ambiental en primaria y secundaria: Entrevista con Karla Murillo"},"content":{"rendered":"[et_pb_section fb_built=\u00bb1&#8243; admin_label=\u00bbsection\u00bb _builder_version=\u00bb4.16&#8243; min_height=\u00bb2728.1px\u00bb global_colors_info=\u00bb{}\u00bb theme_builder_area=\u00bbpost_content\u00bb][et_pb_row _builder_version=\u00bb4.23.1&#8243; _module_preset=\u00bbdefault\u00bb theme_builder_area=\u00bbpost_content\u00bb column_structure=\u00bb1_2,1_2&#8243;][et_pb_column _builder_version=\u00bb4.23.1&#8243; _module_preset=\u00bbdefault\u00bb type=\u00bb1_2&#8243; theme_builder_area=\u00bbpost_content\u00bb][et_pb_text _builder_version=\u00bb4.23.1&#8243; _module_preset=\u00bbdefault\u00bb global_colors_info=\u00bb{}\u00bb theme_builder_area=\u00bbpost_content\u00bb]<h2 style=\"text-align: left;\">Educaci\u00f3n medioambiental con la compa\u00f1era Karla Murillo<\/h2>\n<p><span style=\"font-size: x-large;\">Karla Murillo lleva muchos a\u00f1os en contacto con Tropica Verde. En esta entrevista, nos habla de su vida, de su d\u00eda a d\u00eda y de sus experiencias con Tropica Verde y su trabajo en la costa caribe\u00f1a de Costa Rica.  <\/span><\/p>\n<p>&nbsp;<\/p>\n<p style=\"text-align: left;\"><\/p>[\/et_pb_text][\/et_pb_column][et_pb_column _builder_version=\u00bb4.23.1&#8243; _module_preset=\u00bbdefault\u00bb type=\u00bb1_2&#8243; theme_builder_area=\u00bbpost_content\u00bb][et_pb_image src=\u00bbhttps:\/\/tropica-verde.de\/wp-content\/uploads\/2024\/05\/Martin-Karla-Stefan.jpg\u00bb _builder_version=\u00bb4.23.1&#8243; _module_preset=\u00bbdefault\u00bb theme_builder_area=\u00bbpost_content\u00bb alt=\u00bbMartin Karla Stefan\u00bb title_text=\u00bbDream team: Martin, Karla y Stefan en una reuni\u00f3n en Costa Rica\u00bb hover_enabled=\u00bb0&#8243; sticky_enabled=\u00bb0&#8243;][\/et_pb_image][\/et_pb_column][\/et_pb_row][et_pb_row admin_label=\u00bbfila\u00bb _builder_version=\u00bb4.16&#8243; background_size=\u00bbinitial\u00bb background_position=\u00bbtop_left\u00bb background_repeat=\u00bbrepeat\u00bb custom_margin=\u00bb|auto|-43px|auto||\u00bb global_colors_info=\u00bb{}\u00bb theme_builder_area=\u00bbpost_content\u00bb][et_pb_column type=\u00bb4_4&#8243; _builder_version=\u00bb4.16&#8243; custom_padding=\u00bb|||\u00bb global_colors_info=\u00bb{}\u00bb custom_padding__hover=\u00bb|||\u00bb theme_builder_area=\u00bbpost_content\u00bb][et_pb_text admin_label=\u00bbText\u00bb _builder_version=\u00bb4.23.1&#8243; background_size=\u00bbinitial\u00bb background_position=\u00bbtop_left\u00bb background_repeat=\u00bbrepeat\u00bb min_height=\u00bb275.4px\u00bb custom_padding=\u00bb||0px|||\u00bb global_colors_info=\u00bb{}\u00bb theme_builder_area=\u00bbpost_content\u00bb]<p style=\"text-align: left;\"><span style=\"font-size: 17px;\">\n  <strong>Karla, c<\/strong>\n<\/span><strong style=\"font-size: 17px;\">\u00bfQu\u00e9 papel desempe\u00f1aste en Tropica Verde en Costa Rica y cu\u00e1nto tiempo estuviste all\u00ed?<\/strong><\/p>\n<blockquote>\n<p>Gracias a un acuerdo de cooperaci\u00f3n entre la Fundaci\u00f3n Cuencas de Lim\u00f3n y Tropica Verde, trabaj\u00e9 como educadora medioambiental en 2023 y principios de 2024. Sin embargo, ya hab\u00eda estado en contacto con la TV durante m\u00e1s de 8 a\u00f1os a trav\u00e9s de otras organizaciones y hab\u00eda dirigido procesos de formaci\u00f3n para ni\u00f1os y j\u00f3venes en los distritos de Talamanca y Lim\u00f3n sobre temas como la conservaci\u00f3n de la naturaleza, los conflictos medioambientales y otras cuestiones relacionadas con el uso de los recursos naturales<a href=\"https:\/\/tropica-verde.de\/es\/proyectos\/educacion-ambiental\/#acbtc\">(-&gt; educaci\u00f3n medioambiental con la ACBTC<\/a>).<span style=\"font-size: 17px;\"> <\/span><\/p>\n<\/blockquote>\n<p><\/p>[\/et_pb_text][\/et_pb_column][\/et_pb_row][et_pb_row _builder_version=\u00bb4.23.1&#8243; _module_preset=\u00bbdefault\u00bb global_colors_info=\u00bb{}\u00bb theme_builder_area=\u00bbpost_content\u00bb][et_pb_column type=\u00bb4_4&#8243; _builder_version=\u00bb4.23.1&#8243; _module_preset=\u00bbdefault\u00bb global_colors_info=\u00bb{}\u00bb theme_builder_area=\u00bbpost_content\u00bb][et_pb_image src=\u00bbhttps:\/\/tropica-verde.de\/wp-content\/uploads\/2024\/05\/20230322_100003-scaled.jpg\u00bb alt=\u00bbEducaci\u00f3n medioambiental con Karla Murillo\u00bb title_text=\u00bbEducaci\u00f3n medioambiental con Karla Murillo\u00bb _builder_version=\u00bb4.23.1&#8243; _module_preset=\u00bbdefault\u00bb global_colors_info=\u00bb{}\u00bb theme_builder_area=\u00bbpost_content\u00bb][\/et_pb_image][et_pb_text _builder_version=\u00bb4.23.1&#8243; _module_preset=\u00bbdefault\u00bb custom_padding=\u00bb||0px|||\u00bb global_colors_info=\u00bb{}\u00bb theme_builder_area=\u00bbpost_content\u00bb]<h2 style=\"text-align: left;\"><strong style=\"font-size: 17px; text-align: left; color: #575656; font-family: 'Source Sans 3', Helvetica, Arial, Lucida, sans-serif;\"><\/strong><\/h2>\n<p><strong><\/strong><\/p>\n<p><strong>\u00bfQu\u00e9 tipo de educaci\u00f3n medioambiental realizaste durante tu estancia en Tropica Verde?<\/strong><\/p>\n<blockquote>\n<p>Se llev\u00f3 a cabo un proceso de educaci\u00f3n medioambiental dirigido a diversos grupos de poblaci\u00f3n (comunidades, alumnos de escuelas e institutos, representantes de organizaciones e instituciones) y se estableci\u00f3 una red de proyectos de conservaci\u00f3n de la naturaleza en el Caribe.<\/p>\n<\/blockquote>\n<p><strong>\u00bfA qu\u00e9 grupos destinatarios iban dirigidos tus programas de educaci\u00f3n medioambiental?<\/strong><\/p>\n<blockquote>\n<p>El trabajo estaba dirigido a alumnos de primaria y secundaria, as\u00ed como a representantes de diversas organizaciones que llevan a cabo proyectos de conservaci\u00f3n de la naturaleza e instituciones relacionadas con este tema.<\/p>\n<\/blockquote>\n<p><strong>\u00bfQu\u00e9 proyectos o programas especiales has desarrollado o dirigido para promover la concienciaci\u00f3n medioambiental?<\/strong><\/p>\n<blockquote>\n<p>Se realiz\u00f3 un mapeo e identificaci\u00f3n de los actores del sector caribe\u00f1o que aplican medidas de conservaci\u00f3n de la biodiversidad para promover la red de proyectos de conservaci\u00f3n. Adem\u00e1s, se organizaron talleres presenciales y en l\u00ednea sobre cuestiones medioambientales con representantes de las comunidades de distintos distritos para promover la red de proyectos de conservaci\u00f3n entre los socios de Tropica Verde y otras personas que trabajan en cuestiones medioambientales. Por \u00faltimo, se llevaron a cabo talleres de intercambio y capacitaci\u00f3n en t\u00e9cnicas de educaci\u00f3n ambiental, dirigidos tanto a profesores de la Secretar\u00eda de Educaci\u00f3n P\u00fablica como a representantes de organizaciones e instituciones, para fortalecer la red de proyectos de conservaci\u00f3n y compartir algunos m\u00e9todos de educaci\u00f3n ambiental.<\/p>\n<\/blockquote>\n<p><strong>\u00bfPuedes destacar algunos de los \u00e9xitos o hitos de tu trabajo en Tropica Verde?<\/strong><\/p>\n<blockquote>\n<p>Se ha creado una red entre distintas organizaciones ecologistas del Caribe (entre Talamanca y Gu\u00e1piles) para fortalecer la gobernanza local y regional mediante un espacio de intercambio, apoyo y aprendizaje. Se reforz\u00f3 el \u00e1rea de educaci\u00f3n medioambiental regional mediante la formaci\u00f3n de profesores en temas medioambientales y m\u00e9todos de ense\u00f1anza. Adem\u00e1s, se proporcion\u00f3 apoyo t\u00e9cnico durante algunas actividades en las comunidades. Se llev\u00f3 a cabo un proceso de sensibilizaci\u00f3n de la poblaci\u00f3n local sobre la importancia de proteger los servicios ecosist\u00e9micos y su papel esencial en la conservaci\u00f3n de los recursos naturales para el bienestar actual y futuro de sus familias.<\/p>\n<\/blockquote>[\/et_pb_text][\/et_pb_column][\/et_pb_row][et_pb_row _builder_version=\u00bb4.23.1&#8243; _module_preset=\u00bbdefault\u00bb global_colors_info=\u00bb{}\u00bb theme_builder_area=\u00bbpost_content\u00bb][et_pb_column type=\u00bb4_4&#8243; _builder_version=\u00bb4.23.1&#8243; _module_preset=\u00bbdefault\u00bb global_colors_info=\u00bb{}\u00bb theme_builder_area=\u00bbpost_content\u00bb][et_pb_gallery gallery_ids=\u00bb241976,241973,241970&#8243; posts_number=\u00bb3&#8243; show_title_and_caption=\u00bboff\u00bb show_pagination=\u00bboff\u00bb _builder_version=\u00bb4.23.1&#8243; _module_preset=\u00bbdefault\u00bb global_colors_info=\u00bb{}\u00bb theme_builder_area=\u00bbpost_content\u00bb][\/et_pb_gallery][et_pb_text _builder_version=\u00bb4.23.1&#8243; _module_preset=\u00bbdefault\u00bb custom_padding=\u00bb||0px|||\u00bb global_colors_info=\u00bb{}\u00bb theme_builder_area=\u00bbpost_content\u00bb]<h2 style=\"text-align: left;\"><strong style=\"font-size: 17px; text-align: left; color: #575656; font-family: 'Source Sans 3', Helvetica, Arial, Lucida, sans-serif;\"><\/strong><\/h2>\n<p><strong><\/strong><\/p>\n<p><strong>\u00bfA qu\u00e9 retos te enfrentaste al implantar la educaci\u00f3n medioambiental en Costa Rica?<\/strong><\/p>\n<blockquote>\n<p>Uno de los retos fue el escaso tiempo disponible para llevar a cabo las actividades, lo que limit\u00f3 el seguimiento de las distintas iniciativas previstas por las organizaciones e instituciones participantes.<\/p>\n<\/blockquote>\n<p><strong>\u00bfC\u00f3mo han reaccionado las comunidades locales a tus iniciativas de educaci\u00f3n medioambiental?<\/strong><\/p>\n<blockquote>\n<p>Las comunidades locales respondieron positivamente y mostraron gran inter\u00e9s en participar activamente en las diversas iniciativas propuestas, ya que los temas abordados est\u00e1n estrechamente relacionados con el principio de que los seres vivos necesitan h\u00e1bitats sanos.<\/p>\n<\/blockquote>\n<p><strong>\u00bfQu\u00e9 impacto a largo plazo crees que tendr\u00e1 tu trabajo en el medio ambiente y las comunidades de Costa Rica?<\/strong><\/p>\n<blockquote>\n<p>Las actividades de conservaci\u00f3n de la biodiversidad llevadas a cabo tendr\u00e1n un impacto positivo sobre los recursos naturales a largo plazo, ya que las medidas de sensibilizaci\u00f3n crear\u00e1n una poblaci\u00f3n informada y m\u00e1s capacitada para tomar decisiones.<\/p>\n<\/blockquote>\n<p><strong>\u00bfQu\u00e9 momentos personales destacados o experiencias inolvidables viviste durante tu estancia en Tropica Verde?<\/strong><\/p>\n<blockquote>\n<p>A nivel personal, una de mis mayores y mejores experiencias fue ver las caras de felicidad de los ni\u00f1os al conocer especies como loros, tortugas, ciervos y perezosos que nunca antes hab\u00edan visto, y darles la oportunidad de explorar zonas protegidas, el mar, la selva y muchos otros recursos. Tambi\u00e9n fue un gran privilegio conocer y compartir con tanta gente. Valoro su amistad y los gratos recuerdos de los momentos compartidos, y agradezco que siga habiendo personas comprometidas que trabajan para proteger los recursos naturales.<\/p>\n<\/blockquote>[\/et_pb_text][\/et_pb_column][\/et_pb_row][et_pb_row _builder_version=\u00bb4.23.1&#8243; _module_preset=\u00bbdefault\u00bb theme_builder_area=\u00bbpost_content\u00bb column_structure=\u00bb1_2,1_2&#8243;][et_pb_column _builder_version=\u00bb4.23.1&#8243; _module_preset=\u00bbdefault\u00bb type=\u00bb1_2&#8243; theme_builder_area=\u00bbpost_content\u00bb][et_pb_text _builder_version=\u00bb4.23.1&#8243; _module_preset=\u00bbdefault\u00bb theme_builder_area=\u00bbpost_content\u00bb hover_enabled=\u00bb0&#8243; sticky_enabled=\u00bb0&#8243;]<p><strong style=\"font-size: 17px;\">\u00bfHay alguna experiencia o lecci\u00f3n espec\u00edfica que hayas aprendido de tu trabajo en Tropica Verde que te gustar\u00eda compartir?<\/strong><strong><\/strong><\/p>\n<blockquote>\n<p>Hay muchas lecciones aprendidas y experiencias que puedo resumir en tres \u00e1reas: la necesidad de una relaci\u00f3n de trabajo con las comunidades, la promoci\u00f3n de la protecci\u00f3n del medio ambiente y el <a href=\"https:\/\/tropica-verde.de\/es\/red-de-educacion-en-costa-rica-entrevista-con-la-nueva-coordinadora\/\">establecimiento de asociaciones o redes<\/a> para trabajar con mayor eficacia.<\/p>\n<\/blockquote>[\/et_pb_text][\/et_pb_column][et_pb_column _builder_version=\u00bb4.23.1&#8243; _module_preset=\u00bbdefault\u00bb type=\u00bb1_2&#8243; theme_builder_area=\u00bbpost_content\u00bb][et_pb_image src=\u00bbhttps:\/\/tropica-verde.de\/wp-content\/uploads\/2024\/05\/20231207_114528-scaled.jpg\u00bb _builder_version=\u00bb4.23.1&#8243; _module_preset=\u00bbdefault\u00bb theme_builder_area=\u00bbpost_content\u00bb alt=\u00bbEstudiantes de Educaci\u00f3n Ambiental Grupo Costa Rica  \u00bb title_text=\u00bbUn grupo de alumnos en el taller\u00bb hover_enabled=\u00bb0&#8243; sticky_enabled=\u00bb0&#8243; custom_margin=\u00bb|||75px||\u00bb][\/et_pb_image][\/et_pb_column][\/et_pb_row][et_pb_row _builder_version=\u00bb4.23.1&#8243; _module_preset=\u00bbdefault\u00bb global_colors_info=\u00bb{}\u00bb theme_builder_area=\u00bbpost_content\u00bb][et_pb_column type=\u00bb4_4&#8243; _builder_version=\u00bb4.23.1&#8243; _module_preset=\u00bbdefault\u00bb global_colors_info=\u00bb{}\u00bb theme_builder_area=\u00bbpost_content\u00bb][et_pb_text _builder_version=\u00bb4.23.1&#8243; _module_preset=\u00bbdefault\u00bb custom_padding=\u00bb||0px|||\u00bb global_colors_info=\u00bb{}\u00bb theme_builder_area=\u00bbpost_content\u00bb]<p><strong>Tras tu estancia en Tropica Verde en Costa Rica, \u00bfcu\u00e1l es tu pr\u00f3ximo objetivo o proyecto como educador medioambiental?<\/strong><\/p>\n<blockquote>\n<p>Como educadora medioambiental, contin\u00fao mi trabajo desde el \u00e1mbito acad\u00e9mico. Actualmente ense\u00f1o asignaturas de medio ambiente en la universidad a distancia. Tambi\u00e9n colaboro con la ASADA de Bribri (organizaci\u00f3n de desarrollo local) y la Asociaci\u00f3n de Pescadores del Caribe Sur en medidas de educaci\u00f3n y sensibilizaci\u00f3n medioambiental en las comunidades.<span style=\"font-size: 17px;\"> <\/span><\/p>\n<\/blockquote>[\/et_pb_text][et_pb_text _builder_version=\u00bb4.23.1&#8243; _module_preset=\u00bbdefault\u00bb global_colors_info=\u00bb{}\u00bb theme_builder_area=\u00bbpost_content\u00bb]<p><em style=\"font-size: 17px;\"><span style=\"font-size: large;\"><strong><\/strong><\/span><\/em><\/p>\n<p><em style=\"font-size: 17px;\"><span style=\"font-size: large;\"><strong>Gracias por la entrevista Karla.<\/strong><\/span><span style=\"font-size: large;\"><strong> <\/strong><\/span><span style=\"font-size: large;\"><strong>Tambi\u00e9n queremos agradecerte tus muchos a\u00f1os de gran trabajo y tu incansable compromiso con la selva tropical, los oc\u00e9anos y todo lo que ello conlleva.<\/strong><\/span><\/em><em><\/em><\/p>\n<p><em><\/em><\/p>[\/et_pb_text][\/et_pb_column][\/et_pb_row][et_pb_row column_structure=\u00bb1_5,3_5,1_5&#8243; module_id=\u00bbspenden\u00bb _builder_version=\u00bb4.16&#8243; _module_preset=\u00bbdefault\u00bb background_color=\u00bb#e9eeea\u00bb global_colors_info=\u00bb{}\u00bb theme_builder_area=\u00bbpost_content\u00bb][et_pb_column type=\u00bb1_5&#8243; _builder_version=\u00bb4.16&#8243; _module_preset=\u00bbdefault\u00bb global_colors_info=\u00bb{}\u00bb theme_builder_area=\u00bbpost_content\u00bb][et_pb_code raw_content_tablet=\u00bb<span class='et-pb-icon' style=%22color:#238da2; font-size:41px%22>=<\/span>\u00bb raw_content_phone=\u00bb\u00bb raw_content_last_edited=\u00bbon|tablet\u00bb _builder_version=\u00bb4.16&#8243; _module_preset=\u00bbdefault\u00bb text_orientation=\u00bbright\u00bb custom_padding=\u00bb8px|||20px|false|false\u00bb text_orientation_tablet=\u00bbcenter\u00bb text_orientation_phone=\u00bb\u00bb text_orientation_last_edited=\u00bbon|phone\u00bb global_colors_info=\u00bb{}\u00bb theme_builder_area=\u00bbpost_content\u00bb]<span class=\"et-pb-icon\" style=\"color:#238da2; font-size:30px\">$<\/span>[\/et_pb_code][\/et_pb_column][et_pb_column type=\u00bb3_5&#8243; _builder_version=\u00bb4.16&#8243; _module_preset=\u00bbdefault\u00bb custom_padding_tablet=\u00bb|20px||20px|false|false\u00bb custom_padding_phone=\u00bb|20px||20px|false|false\u00bb custom_padding_last_edited=\u00bbon|tablet\u00bb global_colors_info=\u00bb{}\u00bb theme_builder_area=\u00bbpost_content\u00bb][et_pb_text _builder_version=\u00bb4.16&#8243; _module_preset=\u00bbdefault\u00bb custom_margin=\u00bb||17px|||\u00bb global_colors_info=\u00bb{}\u00bb theme_builder_area=\u00bbpost_content\u00bb]<h2><\/h2>\n<h2>DONAR<\/h2>\n<h3 class=\"serif\">Con una donaci\u00f3n \u00fanica o peri\u00f3dica, puede apoyar directamente nuestros proyectos en <a href=\"#\">Costa Rica<\/a> y la educaci\u00f3n medioambiental en <a href=\"#\">Alemania<\/a>.<\/h3>[\/et_pb_text][et_pb_text _builder_version=\u00bb4.16&#8243; _module_preset=\u00bbdefault\u00bb global_colors_info=\u00bb{}\u00bb theme_builder_area=\u00bbpost_content\u00bb]<p>Como organizaci\u00f3n peque\u00f1a y personal, podemos garantizar una transparencia absoluta. El<a href=\"https:\/\/tropica-verde.de\/es\/quienes-somos\/dzi-sello-de-certificacion\/\"> sello de donaci\u00f3n del DZI<\/a>, que llevamos con orgullo desde 2011, tambi\u00e9n da fe de ello. <\/p>\n<p>&nbsp;<\/p>[\/et_pb_text][et_pb_button button_url=\u00bbhttps:\/\/tropica-verde.de\/es\/ayudardonar\/donaciones\/\u00bb button_text=\u00bbDONAR AHORA\u00bb _builder_version=\u00bb4.16&#8243; _module_preset=\u00bb70b994c3-2b68-43f9-baa1-aee328fdc428&#8243; button_border_color=\u00bbRGBA(0,0,0,0)\u00bb custom_margin=\u00bb|||20px|false|false\u00bb global_colors_info=\u00bb{}\u00bb theme_builder_area=\u00bbpost_content\u00bb][\/et_pb_button][\/et_pb_column][et_pb_column type=\u00bb1_5&#8243; _builder_version=\u00bb4.16&#8243; _module_preset=\u00bbdefault\u00bb global_colors_info=\u00bb{}\u00bb theme_builder_area=\u00bbpost_content\u00bb][\/et_pb_column][\/et_pb_row][\/et_pb_section]<!-- \/wp:post-content -->","protected":false},"excerpt":{"rendered":"<p>Karla Murillo organiz\u00f3 durante muchos a\u00f1os actividades de educaci\u00f3n medioambiental en la costa caribe\u00f1a. Sensibiliz\u00f3 a ni\u00f1os y j\u00f3venes de los distritos de Talamanca y Lim\u00f3n sobre temas como la conservaci\u00f3n de la naturaleza, los conflictos medioambientales y otras cuestiones relacionadas con el uso de los recursos naturales. <\/p>\n","protected":false},"author":5,"featured_media":241966,"comment_status":"open","ping_status":"open","sticky":false,"template":"","format":"standard","meta":{"_et_pb_use_builder":"on","_et_pb_old_content":"","_et_gb_content_width":"","inline_featured_image":false,"footnotes":""},"categories":[228],"tags":[158,161,306,304,305],"class_list":["post-241984","post","type-post","status-publish","format-standard","has-post-thumbnail","hentry","category-labor-educativa-en-costa-rica","tag-costa-rica-es","tag-educacion-medioambiental","tag-proyectos-cruzados","tag-red","tag-red-educativa"],"_links":{"self":[{"href":"https:\/\/tropica-verde.de\/es\/wp-json\/wp\/v2\/posts\/241984","targetHints":{"allow":["GET"]}}],"collection":[{"href":"https:\/\/tropica-verde.de\/es\/wp-json\/wp\/v2\/posts"}],"about":[{"href":"https:\/\/tropica-verde.de\/es\/wp-json\/wp\/v2\/types\/post"}],"author":[{"embeddable":true,"href":"https:\/\/tropica-verde.de\/es\/wp-json\/wp\/v2\/users\/5"}],"replies":[{"embeddable":true,"href":"https:\/\/tropica-verde.de\/es\/wp-json\/wp\/v2\/comments?post=241984"}],"version-history":[{"count":6,"href":"https:\/\/tropica-verde.de\/es\/wp-json\/wp\/v2\/posts\/241984\/revisions"}],"predecessor-version":[{"id":247660,"href":"https:\/\/tropica-verde.de\/es\/wp-json\/wp\/v2\/posts\/241984\/revisions\/247660"}],"wp:featuredmedia":[{"embeddable":true,"href":"https:\/\/tropica-verde.de\/es\/wp-json\/wp\/v2\/media\/241966"}],"wp:attachment":[{"href":"https:\/\/tropica-verde.de\/es\/wp-json\/wp\/v2\/media?parent=241984"}],"wp:term":[{"taxonomy":"category","embeddable":true,"href":"https:\/\/tropica-verde.de\/es\/wp-json\/wp\/v2\/categories?post=241984"},{"taxonomy":"post_tag","embeddable":true,"href":"https:\/\/tropica-verde.de\/es\/wp-json\/wp\/v2\/tags?post=241984"}],"curies":[{"name":"wp","href":"https:\/\/api.w.org\/{rel}","templated":true}]}}