{"id":241938,"date":"2024-05-03T21:12:18","date_gmt":"2024-05-03T19:12:18","guid":{"rendered":"https:\/\/tropica-verde.de\/los-socios-del-proyecto-se-presentan-entrevista-con-ariana-oporta-mccarthy\/"},"modified":"2026-02-11T17:40:21","modified_gmt":"2026-02-11T15:40:21","slug":"los-socios-del-proyecto-se-presentan-entrevista-con-ariana-oporta-mccarthy","status":"publish","type":"post","link":"https:\/\/tropica-verde.de\/es\/los-socios-del-proyecto-se-presentan-entrevista-con-ariana-oporta-mccarthy\/","title":{"rendered":"Educaci\u00f3n medioambiental en la costa del Caribe: Entrevista con Ariana Oporta MacCarthy"},"content":{"rendered":"[et_pb_section fb_built=\u00bb1&#8243; admin_label=\u00bbsection\u00bb _builder_version=\u00bb4.16&#8243; min_height=\u00bb2728.1px\u00bb global_colors_info=\u00bb{}\u00bb][et_pb_row admin_label=\u00bbfila\u00bb _builder_version=\u00bb4.16&#8243; background_size=\u00bbinitial\u00bb background_position=\u00bbtop_left\u00bb background_repeat=\u00bbrepeat\u00bb custom_margin=\u00bb|auto|-43px|auto||\u00bb global_colors_info=\u00bb{}\u00bb][et_pb_column type=\u00bb4_4&#8243; _builder_version=\u00bb4.16&#8243; custom_padding=\u00bb|||\u00bb global_colors_info=\u00bb{}\u00bb custom_padding__hover=\u00bb|||\u00bb][et_pb_text _builder_version=\u00bb4.23.1&#8243; _module_preset=\u00bbdefault\u00bb global_colors_info=\u00bb{}\u00bb]<h2 style=\"text-align: left;\">Educaci\u00f3n medioambiental en la costa caribe\u00f1a por Ariana<\/h2>\n<p style=\"text-align: left;\"><span style=\"font-size: medium;\"><span style=\"color: #575656; font-family: 'Source Sans Pro', sans-serif;\">La educaci\u00f3n ambiental es una cuesti\u00f3n de coraz\u00f3n para Tropica Verde - y tambi\u00e9n para Ariana. Debido a que no s\u00f3lo en nuestro proyecto sobre<a href=\"https:\/\/tropica-verde.de\/es\/proyectos\/tortugas-marinas-en-gandoca\/\"> tortugas marinas en Gandoca,<\/a> la educaci\u00f3n es un componente importante en el sentido del desarrollo sostenible, sino tambi\u00e9n en el medio ambiente y en toda la cuenca de nuestros proyectos.<br>  <\/span><span style=\"color: #575656; font-family: 'Source Sans Pro', sans-serif;\">Conoce a nuestra empleada Ariana Oporta McCarthy y su motivaci\u00f3n en esta entrevista.<\/span><\/span><\/p>[\/et_pb_text][et_pb_image src=\u00bbhttps:\/\/tropica-verde.de\/wp-content\/uploads\/2024\/05\/IMG-20240430-WA0027.jpg\u00bb alt=\u00bbColaboradora de educaci\u00f3n medioambiental Ariana Oporta McCarthy\u00bb title_text=\u00bbAriana Oporta McCarthy\u00bb _builder_version=\u00bb4.23.1&#8243; _module_preset=\u00bbdefault\u00bb global_colors_info=\u00bb{}\u00bb][\/et_pb_image][et_pb_text admin_label=\u00bbText\u00bb _builder_version=\u00bb4.23.1&#8243; background_size=\u00bbinitial\u00bb background_position=\u00bbtop_left\u00bb background_repeat=\u00bbrepeat\u00bb min_height=\u00bb363.4px\u00bb custom_padding=\u00bb||0px|||\u00bb global_colors_info=\u00bb{}\u00bb]<p style=\"text-align: left;\"><span style=\"font-size: x-large;\"><span style=\"color: #575656; font-family: 'Source Sans Pro', sans-serif;\"><\/span><\/span><\/p>\n<h2><span style=\"font-size: 15px; color: #575656; font-family: 'Source Sans Pro', sans-serif; font-weight: 400;\"><\/span><\/h2>\n<p><span style=\"font-size: 15px; color: #575656; font-family: 'Source Sans Pro', sans-serif; font-weight: 400;\"><\/span><\/p>\n<p><span><strong>Ariana, cu\u00e9ntanos tu historia personal y de d\u00f3nde viene tu inter\u00e9s por el medio ambiente y las comunidades ind\u00edgenas.<\/strong><\/span><\/p>\n<blockquote>\n<p><span>Vengo de la regi\u00f3n de Talamanca, m\u00e1s concretamente de un peque\u00f1o pueblo de la costa sur del Caribe de Costa Rica. Mis ra\u00edces son una mezcla de la cultura ind\u00edgena bribri y la cultura afrocaribe\u00f1a. De ni\u00f1a particip\u00e9 en medidas para proteger a las tortugas marinas de mi comunidad. Tambi\u00e9n he participado activamente en otras iniciativas relacionadas con la formaci\u00f3n y la sensibilizaci\u00f3n de ni\u00f1os, j\u00f3venes y adultos de distintas comunidades, como la educaci\u00f3n medioambiental, las colonias de vacaciones y el turismo ecol\u00f3gico y comunitario. Las culturas de los pueblos ind\u00edgenas de Talamanca siempre me han interesado especialmente, ya que representan mis or\u00edgenes y pueden aportar mucho a la concienciaci\u00f3n social y medioambiental. Son culturas estrechamente vinculadas a la naturaleza, de las que podemos aprender mucho.<\/span><\/p>\n<\/blockquote>\n<p><\/p>[\/et_pb_text][\/et_pb_column][\/et_pb_row][et_pb_row _builder_version=\u00bb4.23.1&#8243; _module_preset=\u00bbdefault\u00bb global_colors_info=\u00bb{}\u00bb][et_pb_column type=\u00bb4_4&#8243; _builder_version=\u00bb4.23.1&#8243; _module_preset=\u00bbdefault\u00bb global_colors_info=\u00bb{}\u00bb][et_pb_text _builder_version=\u00bb4.23.1&#8243; _module_preset=\u00bbdefault\u00bb custom_padding=\u00bb||0px|||\u00bb global_colors_info=\u00bb{}\u00bb]<h2 style=\"text-align: left;\"><strong style=\"font-size: 17px; text-align: left; color: #575656; font-family: 'Source Sans 3', Helvetica, Arial, Lucida, sans-serif;\">\u00bfPor qu\u00e9 trabajas con Tropica Verde y qu\u00e9 papel te ves desempe\u00f1ando?<\/strong><\/h2>\n<blockquote>\n<p><span>Como estas zonas son geogr\u00e1ficamente de dif\u00edcil acceso, a menudo son excluidas de los proyectos de conservaci\u00f3n de la naturaleza por diversas organizaciones. Por ello, en el marco de nuestro programa de educaci\u00f3n medioambiental con los ni\u00f1os de Talamanca, en Tropica Verde queremos prestar especial atenci\u00f3n a las escuelas situadas en la zona del pueblo ind\u00edgena Bribri. Trabajamos sobre la base de la inclusi\u00f3n y estamos convencidos de que pueden hacer mucho para proteger nuestro planeta debido a su visi\u00f3n del mundo. Por eso me siento privilegiada de tener la oportunidad profesional que Tropica Verde me ofrece actualmente y la cumplo con gran entusiasmo y vocaci\u00f3n. En esta posici\u00f3n, me veo como promotora de nuevas generaciones de conservacionistas, como mediadora de experiencias vitales y como organizadora de eventos l\u00fadicos y art\u00edsticos que re\u00fanan a los distintos actores de la comunidad y promuevan tanto la cultura como la conservaci\u00f3n de la naturaleza y, en particular, el trabajo en red.<\/span><\/p>\n<\/blockquote>\n<p><span><strong>\u00bfCu\u00e1l crees que es el papel de la educaci\u00f3n medioambiental?<\/strong><\/span><\/p>\n<blockquote>\n<p><span>Sabemos que la educaci\u00f3n y la sensibilizaci\u00f3n son el primer paso para crear conciencia, porque \u00abs\u00f3lo cuidamos lo que amamos, y s\u00f3lo amamos lo que conocemos\u00bb. Por ello, confiamos en que, a trav\u00e9s de las experiencias que promovemos en Tropica Verde, estamos generando nuevos conocimientos y plantando las semillas de la conservaci\u00f3n de la naturaleza. Esperamos que surjan nuevas generaciones de l\u00edderes y agentes de cambio como resultado de estos procesos.<\/span><\/p>\n<\/blockquote>[\/et_pb_text][\/et_pb_column][\/et_pb_row][et_pb_row _builder_version=\u00bb4.23.1&#8243; _module_preset=\u00bbdefault\u00bb global_colors_info=\u00bb{}\u00bb][et_pb_column type=\u00bb4_4&#8243; _builder_version=\u00bb4.23.1&#8243; _module_preset=\u00bbdefault\u00bb global_colors_info=\u00bb{}\u00bb][et_pb_image src=\u00bbhttps:\/\/tropica-verde.de\/wp-content\/uploads\/2024\/05\/IMG_20231109_163420-3-scaled-e1718489537635.jpg\u00bb alt=\u00bbColaboradora de educaci\u00f3n medioambiental Ariana Oporta Tortuga McCarthy\u00bb title_text=\u00bbNuestra socia Ariana Oporta McCarthy est\u00e1 comprometida con la sensibilizaci\u00f3n sobre cuestiones medioambientales  \u00bb _builder_version=\u00bb4.23.1&#8243; _module_preset=\u00bbdefault\u00bb global_colors_info=\u00bb{}\u00bb][\/et_pb_image][et_pb_text _builder_version=\u00bb4.27.4&#8243; _module_preset=\u00bbdefault\u00bb hover_enabled=\u00bb0&#8243; global_colors_info=\u00bb{}\u00bb sticky_enabled=\u00bb0&#8243;]<p>&nbsp;<\/p>\n<p><em>Incluso <a href=\"https:\/\/www.forbes.com\/sites\/andrewwight\/2024\/01\/15\/unlocking-the-mysteries-of-costa-ricas-endangered-hawksbill-turtles\/?sh=726435f32bac\" target=\"_blank\" rel=\"noopener nofollow\">la revista Forbes ha escrito un reportaje<\/a> sobre el trabajo de Ariana con la tortuga carey.  <\/em><\/p>\n<p>&nbsp;<\/p>\n<p><em><span style=\"font-size: large;\"><strong>Gracias Ariana por hacernos la entrevista.<\/strong><\/span><span style=\"font-size: large;\"><strong> <\/strong><\/span><span style=\"font-size: large;\"><strong>Gracias por tu apoyo: \u00a1juntos protegemos nuestro planeta y animamos a las nuevas generaciones de conservacionistas!<\/strong><\/span><\/em><\/p>[\/et_pb_text][\/et_pb_column][\/et_pb_row][et_pb_row column_structure=\u00bb1_5,3_5,1_5&#8243; module_id=\u00bbspenden\u00bb _builder_version=\u00bb4.16&#8243; _module_preset=\u00bbdefault\u00bb background_color=\u00bb#e9eeea\u00bb global_colors_info=\u00bb{}\u00bb][et_pb_column type=\u00bb1_5&#8243; _builder_version=\u00bb4.16&#8243; _module_preset=\u00bbdefault\u00bb global_colors_info=\u00bb{}\u00bb][et_pb_code raw_content_tablet=\u00bb<span class='et-pb-icon' style=%22color:#238da2; font-size:41px%22>=<\/span>\u00bb raw_content_phone=\u00bb\u00bb raw_content_last_edited=\u00bbon|tablet\u00bb _builder_version=\u00bb4.16&#8243; _module_preset=\u00bbdefault\u00bb text_orientation=\u00bbright\u00bb custom_padding=\u00bb8px|||20px|false|false\u00bb text_orientation_tablet=\u00bbcenter\u00bb text_orientation_phone=\u00bb\u00bb text_orientation_last_edited=\u00bbon|phone\u00bb global_colors_info=\u00bb{}\u00bb]<span class=\"et-pb-icon\" style=\"color:#238da2; font-size:30px\">$<\/span>[\/et_pb_code][\/et_pb_column][et_pb_column type=\u00bb3_5&#8243; _builder_version=\u00bb4.16&#8243; _module_preset=\u00bbdefault\u00bb custom_padding_tablet=\u00bb|20px||20px|false|false\u00bb custom_padding_phone=\u00bb|20px||20px|false|false\u00bb custom_padding_last_edited=\u00bbon|tablet\u00bb global_colors_info=\u00bb{}\u00bb][et_pb_text _builder_version=\u00bb4.16&#8243; _module_preset=\u00bbdefault\u00bb custom_margin=\u00bb||17px|||\u00bb global_colors_info=\u00bb{}\u00bb]<h2><\/h2>\n<h2>DONAR<\/h2>\n<h3 class=\"serif\">Con una donaci\u00f3n \u00fanica o peri\u00f3dica, puede apoyar directamente nuestros proyectos en <a href=\"#\">Costa Rica<\/a> y la educaci\u00f3n medioambiental en <a href=\"#\">Alemania<\/a>.<\/h3>[\/et_pb_text][et_pb_text _builder_version=\u00bb4.16&#8243; _module_preset=\u00bbdefault\u00bb global_colors_info=\u00bb{}\u00bb]<p>Como organizaci\u00f3n peque\u00f1a y personal, podemos garantizar una transparencia absoluta. El<a href=\"https:\/\/tropica-verde.de\/es\/quienes-somos\/dzi-sello-de-certificacion\/\"> sello de donaci\u00f3n del DZI<\/a>, que llevamos con orgullo desde 2011, tambi\u00e9n da fe de ello. <\/p>[\/et_pb_text][et_pb_button button_url=\u00bbhttps:\/\/tropica-verde.de\/es\/ayudardonar\/donaciones\/\u00bb button_text=\u00bbDONAR AHORA\u00bb _builder_version=\u00bb4.16&#8243; _module_preset=\u00bb70b994c3-2b68-43f9-baa1-aee328fdc428&#8243; button_border_color=\u00bbRGBA(0,0,0,0)\u00bb custom_margin=\u00bb|||20px|false|false\u00bb global_colors_info=\u00bb{}\u00bb][\/et_pb_button][\/et_pb_column][et_pb_column type=\u00bb1_5&#8243; _builder_version=\u00bb4.16&#8243; _module_preset=\u00bbdefault\u00bb global_colors_info=\u00bb{}\u00bb][\/et_pb_column][\/et_pb_row][\/et_pb_section]<!-- \/wp:post-content -->","protected":false},"excerpt":{"rendered":"<p>La educaci\u00f3n medioambiental es un asunto muy importante para Tropica Verde y, por lo tanto, tambi\u00e9n para Ariana. La educaci\u00f3n en el sentido del desarrollo sostenible es tambi\u00e9n un componente importante de nuestro proyecto de tortugas marinas en Gandoca. Descubre m\u00e1s sobre nuestra empleada Ariana Oporta McCarthy y su motivaci\u00f3n en esta entrevista.<\/p>\n","protected":false},"author":5,"featured_media":241927,"comment_status":"open","ping_status":"open","sticky":false,"template":"","format":"standard","meta":{"_et_pb_use_builder":"on","_et_pb_old_content":"","_et_gb_content_width":"","inline_featured_image":false,"footnotes":""},"categories":[244,228],"tags":[389,158,388,387,380],"class_list":["post-241938","post","type-post","status-publish","format-standard","has-post-thumbnail","hentry","category-gandoca","category-labor-educativa-en-costa-rica","tag-bildungsnetzwerk","tag-costa-rica-es","tag-netzwerk","tag-projektuebergreifend","tag-umweltbildung"],"_links":{"self":[{"href":"https:\/\/tropica-verde.de\/es\/wp-json\/wp\/v2\/posts\/241938","targetHints":{"allow":["GET"]}}],"collection":[{"href":"https:\/\/tropica-verde.de\/es\/wp-json\/wp\/v2\/posts"}],"about":[{"href":"https:\/\/tropica-verde.de\/es\/wp-json\/wp\/v2\/types\/post"}],"author":[{"embeddable":true,"href":"https:\/\/tropica-verde.de\/es\/wp-json\/wp\/v2\/users\/5"}],"replies":[{"embeddable":true,"href":"https:\/\/tropica-verde.de\/es\/wp-json\/wp\/v2\/comments?post=241938"}],"version-history":[{"count":22,"href":"https:\/\/tropica-verde.de\/es\/wp-json\/wp\/v2\/posts\/241938\/revisions"}],"predecessor-version":[{"id":250171,"href":"https:\/\/tropica-verde.de\/es\/wp-json\/wp\/v2\/posts\/241938\/revisions\/250171"}],"wp:featuredmedia":[{"embeddable":true,"href":"https:\/\/tropica-verde.de\/es\/wp-json\/wp\/v2\/media\/241927"}],"wp:attachment":[{"href":"https:\/\/tropica-verde.de\/es\/wp-json\/wp\/v2\/media?parent=241938"}],"wp:term":[{"taxonomy":"category","embeddable":true,"href":"https:\/\/tropica-verde.de\/es\/wp-json\/wp\/v2\/categories?post=241938"},{"taxonomy":"post_tag","embeddable":true,"href":"https:\/\/tropica-verde.de\/es\/wp-json\/wp\/v2\/tags?post=241938"}],"curies":[{"name":"wp","href":"https:\/\/api.w.org\/{rel}","templated":true}]}}