{"id":241882,"date":"2024-05-09T01:39:15","date_gmt":"2024-05-08T23:39:15","guid":{"rendered":"https:\/\/tropica-verde.de\/?p=241882"},"modified":"2025-10-21T21:30:34","modified_gmt":"2025-10-21T19:30:34","slug":"red-de-educacion-en-costa-rica-entrevista-con-la-nueva-coordinadora","status":"publish","type":"post","link":"https:\/\/tropica-verde.de\/es\/red-de-educacion-en-costa-rica-entrevista-con-la-nueva-coordinadora\/","title":{"rendered":"Red de educaci\u00f3n en Costa Rica: Entrevista con la nueva coordinadora"},"content":{"rendered":"[et_pb_section fb_built=\u00bb1&#8243; admin_label=\u00bbsection\u00bb _builder_version=\u00bb4.16&#8243; min_height=\u00bb2728.1px\u00bb custom_padding=\u00bb0px|||||\u00bb global_colors_info=\u00bb{}\u00bb][et_pb_row column_structure=\u00bb1_2,1_2&#8243; _builder_version=\u00bb4.23.1&#8243; _module_preset=\u00bbdefault\u00bb min_height=\u00bb638.3px\u00bb custom_margin=\u00bb|auto|60px|auto||\u00bb custom_padding=\u00bb||88px|||\u00bb global_colors_info=\u00bb{}\u00bb][et_pb_column type=\u00bb1_2&#8243; _builder_version=\u00bb4.16&#8243; _module_preset=\u00bbdefault\u00bb global_colors_info=\u00bb{}\u00bb][et_pb_image src=\u00bbhttps:\/\/tropica-verde.de\/wp-content\/uploads\/2024\/05\/20240212_120625-scaled.jpg\u00bb alt=\u00bbn de Educaci\u00f3n Ambiental M\u00f3nica Chinchilla Vargas\u00bb title_text=\u00bbn de Educaci\u00f3n Ambiental M\u00f3nica Chinchilla Vargas\u00bb align=\u00bbcenter\u00bb _builder_version=\u00bb4.23.1&#8243; _module_preset=\u00bbdefault\u00bb width=\u00bb100%\u00bb module_alignment=\u00bbcenter\u00bb custom_margin=\u00bb||-104px|||\u00bb custom_padding=\u00bb0px||0px|||\u00bb locked=\u00bboff\u00bb global_colors_info=\u00bb{}\u00bb][\/et_pb_image][\/et_pb_column][et_pb_column type=\u00bb1_2&#8243; _builder_version=\u00bb4.16&#8243; _module_preset=\u00bbdefault\u00bb global_colors_info=\u00bb{}\u00bb][et_pb_text _builder_version=\u00bb4.23.1&#8243; _module_preset=\u00bbdefault\u00bb width=\u00bb100%\u00bb custom_margin=\u00bb-1px|||||\u00bb custom_padding=\u00bb||0px|||\u00bb global_colors_info=\u00bb{}\u00bb]<h2 style=\"text-align: left;\">Nueva red de educaci\u00f3n medioambiental en Costa Rica<\/h2>\n<p style=\"text-align: left;\"><strong><span style=\"font-size: 15px; color: #575656; font-family: 'Source Sans Pro', sans-serif;\"><\/span><\/strong><\/p>\n<p style=\"text-align: left;\"><span style=\"font-size: large;\"><span style=\"color: #575656; font-family: 'Source Sans Pro', sans-serif;\">Para vincular las actividades de educaci\u00f3n medioambiental de nuestras organizaciones locales asociadas en toda Costa Rica, Tropica Verde est\u00e1 creando una <strong>red de educaci\u00f3n medioambiental entre proyectos.<\/strong>  <\/span><\/span><\/p>\n<p style=\"text-align: left;\"><span style=\"font-size: large;\"><span style=\"color: #575656; font-family: 'Source Sans Pro', sans-serif;\">El objetivo es ampliar la cooperaci\u00f3n y dar a las organizaciones la oportunidad de apoyarse mutuamente. Ya sea para intercambiar materiales y m\u00e9todos educativos, para transmitir contactos \u00fatiles o simplemente para charlar con personas de ideas afines. <\/span><\/span><\/p>\n<p style=\"text-align: left;\"><em><strong><span style=\"font-size: large;\"><span style=\"color: #575656; font-family: 'Source Sans Pro', sans-serif;\">\u00a1Conoce a la coordinadora M\u00f3nica Chinchilla Vargas en una entrevista!<\/span><\/span><\/strong><\/em><\/p>\n<p style=\"text-align: left;\"><span style=\"font-size: large;\"><span style=\"color: #575656; font-family: 'Source Sans Pro', sans-serif;\"><\/span><\/span><\/p>[\/et_pb_text][\/et_pb_column][\/et_pb_row][et_pb_row admin_label=\u00bbfila\u00bb _builder_version=\u00bb4.16&#8243; background_size=\u00bbinitial\u00bb background_position=\u00bbtop_left\u00bb background_repeat=\u00bbrepeat\u00bb custom_margin=\u00bb33px|auto|-43px|auto||\u00bb custom_padding=\u00bb162px|||||\u00bb global_colors_info=\u00bb{}\u00bb][et_pb_column type=\u00bb4_4&#8243; _builder_version=\u00bb4.16&#8243; custom_padding=\u00bb|||\u00bb global_colors_info=\u00bb{}\u00bb custom_padding__hover=\u00bb|||\u00bb][et_pb_text admin_label=\u00bbText\u00bb _builder_version=\u00bb4.23.1&#8243; background_size=\u00bbinitial\u00bb background_position=\u00bbtop_left\u00bb background_repeat=\u00bbrepeat\u00bb min_height=\u00bb1065.8px\u00bb custom_margin=\u00bb-256px|||||\u00bb custom_padding=\u00bb41px||0px|||\u00bb global_colors_info=\u00bb{}\u00bb]<h2>Entrevista con la coordinadora de la red de educaci\u00f3n medioambiental Tropica Verde en Costa Rica<span style=\"font-size: 15px; color: #575656; font-family: 'Source Sans Pro', sans-serif; font-weight: 400;\"><\/span><\/h2>\n<h2><span style=\"font-size: 15px; color: #575656; font-family: 'Source Sans Pro', sans-serif; font-weight: 400;\"><\/span><\/h2>\n<p><span style=\"font-size: 15px; color: #575656; font-family: 'Source Sans Pro', sans-serif; font-weight: 400;\"><\/span><\/p>\n<p><strong>Hola M\u00f3nica, \u00bfpuedes contarnos algo sobre ti?<\/strong><\/p>\n<blockquote>\n<p>Mi nombre es M\u00f3nica Chinchilla Vargas, la nueva coordinadora de la red de educaci\u00f3n ambiental de Tropica Verde. Como costarricense, tengo una profunda conexi\u00f3n con la naturaleza, que cultivo desde hace m\u00e1s de 20 a\u00f1os y que es una importante maestra y gu\u00eda para m\u00ed. Mi formaci\u00f3n acad\u00e9mica incluye estudios de sociolog\u00eda, metaf\u00edsica y tambi\u00e9n tengo una certificaci\u00f3n como facilitadora de terapia forestal y de la naturaleza y mucho m\u00e1s.<\/p>\n<p>Valoro el intercambio con otras personas, culturas y filosof\u00edas de vida, ya que cada una de ellas ampl\u00eda mis horizontes y me permite ver la vida desde perspectivas diferentes. A menudo encuentro mi inspiraci\u00f3n en el mar y en los bosques tropicales, donde encuentro una conexi\u00f3n espiritual y paz interior a trav\u00e9s de la contemplaci\u00f3n. Parte de mi misi\u00f3n es mostrar a otras personas distintas formas de conectar con la naturaleza y recordarles que formamos parte de ella y c\u00f3mo podemos profundizar en esa conexi\u00f3n permiti\u00e9ndole ser nosotros y estar con ella.<\/p>\n<\/blockquote>\n<p><strong>\u00bfQu\u00e9 te motiv\u00f3 a solicitar este puesto?<\/strong><\/p>\n<blockquote>\n<p>Mi motivaci\u00f3n para solicitar este puesto radica en la misi\u00f3n integral de Tropica Verde de promover la protecci\u00f3n del medio ambiente mediante la educaci\u00f3n medioambiental en Costa Rica. La oportunidad de trabajar en una organizaci\u00f3n que se centra en proyectos de colaboraci\u00f3n en los que participan distintas partes interesadas, desde las comunidades locales hasta el Estado y el sector privado, crea un espacio de intercambio de conocimientos significativo y transformador que resulta muy beneficioso en la actualidad al crear espacios de reflexi\u00f3n y acci\u00f3n a favor de la conservaci\u00f3n del medio ambiente.<\/p>\n<\/blockquote>\n<p><strong>En tu opini\u00f3n, \u00bfcu\u00e1les son los problemas medioambientales m\u00e1s importantes a los que se enfrenta actualmente Costa Rica y c\u00f3mo piensas abordarlos como Coordinador de Educaci\u00f3n Medioambiental?<\/strong><\/p>\n<blockquote>\n<p>La falta de presupuesto gubernamental y de inter\u00e9s por integrar la educaci\u00f3n medioambiental en el curr\u00edculo escolar y la falta de compromiso y liderazgo del gobierno en la aplicaci\u00f3n de una estrategia clim\u00e1tica nacional son para m\u00ed cuestiones medioambientales importantes en Costa Rica.<\/p>\n<p>Cada d\u00eda observo una transformaci\u00f3n constante de territorios y ecosistemas con impactos cada vez m\u00e1s evidentes como la deforestaci\u00f3n, la p\u00e9rdida de biodiversidad, la gesti\u00f3n inadecuada de los residuos y la contaminaci\u00f3n de los recursos h\u00eddricos. Como coordinadora, quiero abordar estos retos mediante proyectos de educaci\u00f3n y sensibilizaci\u00f3n que promuevan la conservaci\u00f3n de los recursos naturales y apoyen pr\u00e1cticas sostenibles en las comunidades locales. Estos proyectos pretenden abordar los problemas medioambientales de forma hol\u00edstica utilizando enfoques participativos y pedag\u00f3gicos como el aprendizaje activo, la educaci\u00f3n l\u00fadica y la reflexi\u00f3n como motor de la acci\u00f3n.<\/p>\n<\/blockquote>\n<p><\/p>[\/et_pb_text][\/et_pb_column][\/et_pb_row][et_pb_row _builder_version=\u00bb4.23.1&#8243; _module_preset=\u00bbdefault\u00bb global_colors_info=\u00bb{}\u00bb][et_pb_column type=\u00bb4_4&#8243; _builder_version=\u00bb4.23.1&#8243; _module_preset=\u00bbdefault\u00bb global_colors_info=\u00bb{}\u00bb][et_pb_image src=\u00bbhttps:\/\/tropica-verde.de\/wp-content\/uploads\/2024\/05\/Screenshot_20231210_161735_Instagram.jpg\u00bb alt=\u00bbGrupo de Educaci\u00f3n Ambiental M\u00f3nica Costa Rica\u00bb title_text=\u00bbLas actividades de educaci\u00f3n medioambiental de M\u00f3nica tambi\u00e9n implican sentir el \u00e1rbol\u00bb _builder_version=\u00bb4.23.1&#8243; _module_preset=\u00bbdefault\u00bb global_colors_info=\u00bb{}\u00bb][\/et_pb_image][\/et_pb_column][\/et_pb_row][et_pb_row _builder_version=\u00bb4.23.1&#8243; _module_preset=\u00bbdefault\u00bb global_colors_info=\u00bb{}\u00bb][et_pb_column type=\u00bb4_4&#8243; _builder_version=\u00bb4.23.1&#8243; _module_preset=\u00bbdefault\u00bb global_colors_info=\u00bb{}\u00bb][et_pb_text _builder_version=\u00bb4.23.1&#8243; _module_preset=\u00bbdefault\u00bb custom_padding=\u00bb||0px|||\u00bb global_colors_info=\u00bb{}\u00bb]<blockquote><\/blockquote>\n<p><strong>\u00bfC\u00f3mo prev\u00e9s el desarrollo y la ejecuci\u00f3n de proyectos de protecci\u00f3n medioambiental en colaboraci\u00f3n con las comunidades locales de Costa Rica?<\/strong><\/p>\n<blockquote>\n<p>Mi visi\u00f3n para el desarrollo y la ejecuci\u00f3n de proyectos de conservaci\u00f3n en colaboraci\u00f3n con las comunidades locales de Costa Rica es crear iniciativas participativas que capaciten a las comunidades para ser administradoras activas de su entorno natural. Esto incluye el desarrollo de programas educativos, la formaci\u00f3n en pr\u00e1cticas de conservaci\u00f3n y la promoci\u00f3n de la participaci\u00f3n de la comunidad en las decisiones relacionadas con el medio ambiente y el territorio.<\/p>\n<\/blockquote>\n<p><strong>\u00bfC\u00f3mo piensas trabajar con las distintas partes interesadas, incluidas las organizaciones gubernamentales, las ONG, las comunidades locales y el sector privado, para promover la protecci\u00f3n del medio ambiente en la regi\u00f3n?<\/strong><\/p>\n<blockquote>\n<p>Mi enfoque consistir\u00e1 en establecer relaciones de colaboraci\u00f3n y di\u00e1logos con todas las partes interesadas para promover la protecci\u00f3n del medio ambiente en la regi\u00f3n. Esto incluye la organizaci\u00f3n de reuniones de consulta, la puesta a disposici\u00f3n de espacios de cooperaci\u00f3n y la identificaci\u00f3n de oportunidades de cooperaci\u00f3n mutua. Adem\u00e1s, intentar\u00e9 utilizar los recursos y conocimientos de cada grupo para desarrollar estrategias globales que aborden los problemas medioambientales de forma eficaz y equitativa.<\/p>\n<\/blockquote>\n<p><strong>\u00bfC\u00f3mo te aseguras de que los proyectos medioambientales son culturalmente sensibles y respetuosos con las comunidades locales de Costa Rica?<\/strong><\/p>\n<blockquote>\n<p>Me gustar\u00eda basar mi trabajo en el principio de inclusi\u00f3n y respeto mutuo. Esto incluye incorporar enfoques participativos que impliquen a las comunidades desde el principio, reconocer y valorar los conocimientos tradicionales y locales, y adaptar las estrategias a las necesidades y prioridades espec\u00edficas de cada comunidad. Tambi\u00e9n colaborar\u00e9 estrechamente con los l\u00edderes comunitarios y las organizaciones locales para garantizar una comunicaci\u00f3n abierta y transparente en todas las fases del proyecto.<\/p>\n<\/blockquote>\n<p><span style=\"font-size: large;\"><em><strong>Gracias M\u00f3nica por hacernos la entrevista.<\/strong><\/em><\/span><span style=\"font-size: large;\"><em><strong> <\/strong><\/em><\/span><span style=\"font-size: large;\"><em><strong>Estamos muy contentos de nuestra cooperaci\u00f3n y estamos seguros de que conseguiremos muchas cosas juntos. <\/strong><\/em><\/span><\/p>\n<p><span style=\"font-size: large;\"><em><strong><\/strong><\/em><\/span><\/p>\n<p><span style=\"font-size: large;\"><strong><a href=\"https:\/\/tropica-verde.de\/neues-bildungsprogramm\/\">Esto tambi\u00e9n le puede interesar <\/a><\/strong><\/span><span style=\"font-size: large;\"><strong><a href=\"https:\/\/tropica-verde.de\/neues-bildungsprogramm\/\">Aprender para la vida cotidiana: tambi\u00e9n trabajamos por un nuevo programa educativo en Alemania<\/a><\/strong><\/span><\/p>\n<p><span style=\"font-size: large;\"><em><strong><\/strong><\/em><\/span><\/p>[\/et_pb_text][\/et_pb_column][\/et_pb_row][et_pb_row _builder_version=\u00bb4.23.1&#8243; _module_preset=\u00bbdefault\u00bb global_colors_info=\u00bb{}\u00bb][et_pb_column type=\u00bb4_4&#8243; _builder_version=\u00bb4.23.1&#8243; _module_preset=\u00bbdefault\u00bb global_colors_info=\u00bb{}\u00bb][et_pb_image src=\u00bbhttps:\/\/tropica-verde.de\/wp-content\/uploads\/2024\/05\/Copia-de-IMG_5080-scaled.jpg\u00bb alt=\u00bbM\u00f3nica ama la selva tropical tanto como nosotros\u00bb title_text=\u00bbM\u00f3nica ama la selva tropical tanto como nosotros\u00bb _builder_version=\u00bb4.23.1&#8243; _module_preset=\u00bbdefault\u00bb global_colors_info=\u00bb{}\u00bb][\/et_pb_image][\/et_pb_column][\/et_pb_row][et_pb_row column_structure=\u00bb1_5,3_5,1_5&#8243; module_id=\u00bbspenden\u00bb _builder_version=\u00bb4.16&#8243; _module_preset=\u00bbdefault\u00bb background_color=\u00bb#e9eeea\u00bb global_colors_info=\u00bb{}\u00bb][et_pb_column type=\u00bb1_5&#8243; _builder_version=\u00bb4.16&#8243; _module_preset=\u00bbdefault\u00bb global_colors_info=\u00bb{}\u00bb][et_pb_code raw_content_tablet=\u00bb<span class='et-pb-icon' style=%22color:#238da2; font-size:41px%22>=<\/span>\u00bb raw_content_phone=\u00bb\u00bb raw_content_last_edited=\u00bbon|tablet\u00bb _builder_version=\u00bb4.16&#8243; _module_preset=\u00bbdefault\u00bb text_orientation=\u00bbright\u00bb custom_padding=\u00bb8px|||20px|false|false\u00bb text_orientation_tablet=\u00bbcenter\u00bb text_orientation_phone=\u00bb\u00bb text_orientation_last_edited=\u00bbon|phone\u00bb global_colors_info=\u00bb{}\u00bb]<span class=\"et-pb-icon\" style=\"color:#238da2; font-size:30px\">$<\/span>[\/et_pb_code][\/et_pb_column][et_pb_column type=\u00bb3_5&#8243; _builder_version=\u00bb4.16&#8243; _module_preset=\u00bbdefault\u00bb custom_padding_tablet=\u00bb|20px||20px|false|false\u00bb custom_padding_phone=\u00bb|20px||20px|false|false\u00bb custom_padding_last_edited=\u00bbon|tablet\u00bb global_colors_info=\u00bb{}\u00bb][et_pb_text _builder_version=\u00bb4.16&#8243; _module_preset=\u00bbdefault\u00bb custom_margin=\u00bb||17px|||\u00bb global_colors_info=\u00bb{}\u00bb]<h2>DONAR<\/h2>\n<h3 class=\"serif\">Con una donaci\u00f3n \u00fanica o peri\u00f3dica, puede apoyar directamente nuestros proyectos en <a href=\"#\">Costa Rica<\/a> y la educaci\u00f3n medioambiental en <a href=\"#\">Alemania<\/a>.<\/h3>[\/et_pb_text][et_pb_text _builder_version=\u00bb4.16&#8243; _module_preset=\u00bbdefault\u00bb global_colors_info=\u00bb{}\u00bb]<p>Como organizaci\u00f3n peque\u00f1a y personal, podemos garantizar una transparencia absoluta. El<a href=\"https:\/\/tropica-verde.de\/es\/quienes-somos\/dzi-sello-de-certificacion\/\"> sello de donaci\u00f3n del DZI<\/a>, que llevamos con orgullo desde 2011, tambi\u00e9n da fe de ello. <\/p>\n<p>&nbsp;<\/p>[\/et_pb_text][et_pb_button button_url=\u00bbhttps:\/\/tropica-verde.de\/es\/ayudardonar\/donaciones\/\u00bb button_text=\u00bbDONAR AHORA\u00bb _builder_version=\u00bb4.16&#8243; _module_preset=\u00bb70b994c3-2b68-43f9-baa1-aee328fdc428&#8243; button_border_color=\u00bbRGBA(0,0,0,0)\u00bb custom_margin=\u00bb|||20px|false|false\u00bb global_colors_info=\u00bb{}\u00bb][\/et_pb_button][\/et_pb_column][et_pb_column type=\u00bb1_5&#8243; _builder_version=\u00bb4.16&#8243; _module_preset=\u00bbdefault\u00bb global_colors_info=\u00bb{}\u00bb][\/et_pb_column][\/et_pb_row][\/et_pb_section]<!-- \/wp:post-content -->","protected":false},"excerpt":{"rendered":"<p>Para vincular las actividades de educaci\u00f3n medioambiental de nuestras organizaciones locales asociadas en toda Costa Rica, Tropica Verde est\u00e1 creando una red de educaci\u00f3n medioambiental entre proyectos. \u00a1Conoce a la coordinadora M\u00f3nica Chinchilla Vargas en una entrevista!<\/p>\n","protected":false},"author":5,"featured_media":241901,"comment_status":"open","ping_status":"open","sticky":false,"template":"","format":"standard","meta":{"_et_pb_use_builder":"on","_et_pb_old_content":"","_et_gb_content_width":"","inline_featured_image":false,"footnotes":""},"categories":[228],"tags":[158,161,306,304,305],"class_list":["post-241882","post","type-post","status-publish","format-standard","has-post-thumbnail","hentry","category-labor-educativa-en-costa-rica","tag-costa-rica-es","tag-educacion-medioambiental","tag-proyectos-cruzados","tag-red","tag-red-educativa"],"_links":{"self":[{"href":"https:\/\/tropica-verde.de\/es\/wp-json\/wp\/v2\/posts\/241882","targetHints":{"allow":["GET"]}}],"collection":[{"href":"https:\/\/tropica-verde.de\/es\/wp-json\/wp\/v2\/posts"}],"about":[{"href":"https:\/\/tropica-verde.de\/es\/wp-json\/wp\/v2\/types\/post"}],"author":[{"embeddable":true,"href":"https:\/\/tropica-verde.de\/es\/wp-json\/wp\/v2\/users\/5"}],"replies":[{"embeddable":true,"href":"https:\/\/tropica-verde.de\/es\/wp-json\/wp\/v2\/comments?post=241882"}],"version-history":[{"count":32,"href":"https:\/\/tropica-verde.de\/es\/wp-json\/wp\/v2\/posts\/241882\/revisions"}],"predecessor-version":[{"id":249586,"href":"https:\/\/tropica-verde.de\/es\/wp-json\/wp\/v2\/posts\/241882\/revisions\/249586"}],"wp:featuredmedia":[{"embeddable":true,"href":"https:\/\/tropica-verde.de\/es\/wp-json\/wp\/v2\/media\/241901"}],"wp:attachment":[{"href":"https:\/\/tropica-verde.de\/es\/wp-json\/wp\/v2\/media?parent=241882"}],"wp:term":[{"taxonomy":"category","embeddable":true,"href":"https:\/\/tropica-verde.de\/es\/wp-json\/wp\/v2\/categories?post=241882"},{"taxonomy":"post_tag","embeddable":true,"href":"https:\/\/tropica-verde.de\/es\/wp-json\/wp\/v2\/tags?post=241882"}],"curies":[{"name":"wp","href":"https:\/\/api.w.org\/{rel}","templated":true}]}}