{"id":241838,"date":"2024-05-03T16:41:30","date_gmt":"2024-05-03T14:41:30","guid":{"rendered":"https:\/\/tropica-verde.de\/la-fundacion-ruem-hart-apoya-por-segunda-vez-a-tropica-verde\/"},"modified":"2025-09-04T17:06:00","modified_gmt":"2025-09-04T15:06:00","slug":"la-fundacion-ruem-hart-apoya-por-segunda-vez-a-tropica-verde","status":"publish","type":"post","link":"https:\/\/tropica-verde.de\/es\/la-fundacion-ruem-hart-apoya-por-segunda-vez-a-tropica-verde\/","title":{"rendered":"Promoci\u00f3n de la educaci\u00f3n medioambiental en Costa Rica"},"content":{"rendered":"[et_pb_section fb_built=\u00bb1&#8243; admin_label=\u00bbsection\u00bb _builder_version=\u00bb4.16&#8243; min_height=\u00bb2103.1px\u00bb custom_padding=\u00bb0px|||||\u00bb global_colors_info=\u00bb{}\u00bb][et_pb_row admin_label=\u00bbfila\u00bb _builder_version=\u00bb4.16&#8243; background_size=\u00bbinitial\u00bb background_position=\u00bbtop_left\u00bb background_repeat=\u00bbrepeat\u00bb custom_margin=\u00bb|auto|-43px|auto||\u00bb custom_padding=\u00bb0px|||||\u00bb global_colors_info=\u00bb{}\u00bb][et_pb_column type=\u00bb4_4&#8243; _builder_version=\u00bb4.16&#8243; custom_padding=\u00bb|||\u00bb global_colors_info=\u00bb{}\u00bb custom_padding__hover=\u00bb|||\u00bb][et_pb_text _builder_version=\u00bb4.23.1&#8243; _module_preset=\u00bbdefault\u00bb hover_enabled=\u00bb0&#8243; global_colors_info=\u00bb{}\u00bb sticky_enabled=\u00bb0&#8243;]<blockquote>\n<p>La fundaci\u00f3n de la familia Jansen se basa en el lema frisio \u00abR\u00fcm Hart - Klaar Kimming\u00bb. Esto significa \u00abcoraz\u00f3n amplio - horizonte claro\u00bb. \u00abEl objetivo de la fundaci\u00f3n es promover la protecci\u00f3n del medio ambiente, la naturaleza, las especies y los animales, as\u00ed como la ciencia y la investigaci\u00f3n en este contexto\u00bb. [&#8230;] Para contrarrestar la destrucci\u00f3n continua causada por la deforestaci\u00f3n, la caza furtiva y la conversi\u00f3n de tierras, la Fundaci\u00f3n R\u00fcm Hart est\u00e1 lanzando un proyecto de desarrollo y educaci\u00f3n medioambiental para escolares en Costa Rica bajo el nombre de proyecto \u00abNuestra naturaleza es un tesoro\u00bb en cooperaci\u00f3n con Tropica Verde e. V.\u00bb.<\/p>\n<p><a href=\"https:\/\/stiftung-r%C3%BCm-hart.de\/retten-wir-die-lebensvielfalt\/nuestra-naturaleza-es-un-tesoro-unsere-natur-ist-ein-schatz\" target=\"_blank\" rel=\"noopener nofollow\">-&gt; a la Fundaci\u00f3n R\u00fcm Hart<\/a><\/p>\n<\/blockquote>\n<p>&nbsp;<\/p>[\/et_pb_text][et_pb_text admin_label=\u00bbText\u00bb _builder_version=\u00bb4.23.1&#8243; background_size=\u00bbinitial\u00bb background_position=\u00bbtop_left\u00bb background_repeat=\u00bbrepeat\u00bb min_height=\u00bb134.4px\u00bb custom_padding=\u00bb||0px|||\u00bb hover_enabled=\u00bb0&#8243; global_colors_info=\u00bb{}\u00bb sticky_enabled=\u00bb0&#8243;]<h2>La Fundaci\u00f3n R\u00fcm Hard vuelve a apoyar a Tropica Verde<\/h2>\n<p>En 2023, la familia Jansen apoy\u00f3 a Tropica Verde con 10.000 euros y en 2024 con 7.500 euros para el programa de educaci\u00f3n medioambiental de nuestra asociaci\u00f3n en Costa Rica. Como recuerdo y agradecimiento a la Fundaci\u00f3n, la profesora Natalia y su clase se reunieron delante de la ceiba para hacerse esta foto.<\/p>\n<p><\/p>[\/et_pb_text][et_pb_gallery gallery_ids=\u00bb241784,241778&#8243; fullwidth=\u00bbon\u00bb _builder_version=\u00bb4.23.1&#8243; _module_preset=\u00bbdefault\u00bb animation_style=\u00bbfade\u00bb hover_transition_duration=\u00bb100ms\u00bb hover_transition_delay=\u00bb100ms\u00bb global_colors_info=\u00bb{}\u00bb][\/et_pb_gallery][et_pb_text _builder_version=\u00bb4.23.1&#8243; _module_preset=\u00bbdefault\u00bb global_colors_info=\u00bb{}\u00bb]<p><strong><\/strong><\/p>\n<h3><strong><\/strong><\/h3>\n<h3><strong><\/strong><\/h3>\n<p>Apoyar a la poblaci\u00f3n local centr\u00e1ndose en el trabajo educativo en las escuelas es una preocupaci\u00f3n central de Tropica Verde. Tropica Verde tambi\u00e9n participa en escuelas de Fr\u00e1ncfort, donde promueve actividades educativas.<\/p>\n<p>Adem\u00e1s de centrarnos en el trabajo educativo en la metr\u00f3poli de Fr\u00e1ncfort del Rin-Meno y en Costa Rica, estamos trabajando muy intensamente para proteger la selva tropical del pa\u00eds centroamericano. Aqu\u00ed nos centramos especialmente en la reforestaci\u00f3n, la ampliaci\u00f3n de los corredores biol\u00f3gicos y el cuidado de dos especies animales: los guacamayos y las tortugas. En colaboraci\u00f3n con la poblaci\u00f3n local, asociaciones e instituciones nacionales y organizaciones extranjeras, llevamos m\u00e1s de 30 a\u00f1os trabajando en todo el pa\u00eds.<\/p>\n<p><a href=\"https:\/\/tropica-verde.de\/es\/ayudardonar\/\">Esperamos apoyo de todo tipo, ya sea a trav\u00e9s de donativos, cooperaci\u00f3n o afiliaci\u00f3n a la asociaci\u00f3n, para poder continuar nuestra exitosa labor.<\/a><\/p>\n<p>En este caso, queremos dar las gracias a la Fundaci\u00f3n R\u00fcm Hart y esperamos recibir m\u00e1s apoyo en un futuro pr\u00f3ximo.<\/p>\n<p><span style=\"font-size: medium;\">Heribert Becker<br><\/span><span style=\"font-size: small;\"><em>Presidente del Comit\u00e9 de la Asociaci\u00f3n Tropica Verde<\/em><\/span><\/p>\n<h3><strong> <\/strong><\/h3>\n<ul><\/ul>[\/et_pb_text][\/et_pb_column][\/et_pb_row][et_pb_row column_structure=\u00bb1_5,3_5,1_5&#8243; module_id=\u00bbspenden\u00bb _builder_version=\u00bb4.16&#8243; _module_preset=\u00bbdefault\u00bb background_color=\u00bb#e9eeea\u00bb global_colors_info=\u00bb{}\u00bb][et_pb_column type=\u00bb1_5&#8243; _builder_version=\u00bb4.16&#8243; _module_preset=\u00bbdefault\u00bb global_colors_info=\u00bb{}\u00bb][et_pb_code raw_content_tablet=\u00bb<span class='et-pb-icon' style=%22color:#238da2; font-size:41px%22>=<\/span>\u00bb raw_content_phone=\u00bb\u00bb raw_content_last_edited=\u00bbon|tablet\u00bb _builder_version=\u00bb4.16&#8243; _module_preset=\u00bbdefault\u00bb text_orientation=\u00bbright\u00bb custom_padding=\u00bb8px|||20px|false|false\u00bb text_orientation_tablet=\u00bbcenter\u00bb text_orientation_phone=\u00bb\u00bb text_orientation_last_edited=\u00bbon|phone\u00bb global_colors_info=\u00bb{}\u00bb]<span class=\"et-pb-icon\" style=\"color:#238da2; font-size:30px\">$<\/span>[\/et_pb_code][\/et_pb_column][et_pb_column type=\u00bb3_5&#8243; _builder_version=\u00bb4.16&#8243; _module_preset=\u00bbdefault\u00bb custom_padding_tablet=\u00bb|20px||20px|false|false\u00bb custom_padding_phone=\u00bb|20px||20px|false|false\u00bb custom_padding_last_edited=\u00bbon|tablet\u00bb global_colors_info=\u00bb{}\u00bb][et_pb_button button_url=\u00bbhttps:\/\/tropica-verde.de\/es\/ayudardonar\/donaciones\/\u00bb button_text=\u00bbDONAR AHORA\u00bb _builder_version=\u00bb4.16&#8243; _module_preset=\u00bb70b994c3-2b68-43f9-baa1-aee328fdc428&#8243; button_border_color=\u00bbRGBA(0,0,0,0)\u00bb custom_margin=\u00bb|||20px|false|false\u00bb global_colors_info=\u00bb{}\u00bb][\/et_pb_button][\/et_pb_column][et_pb_column type=\u00bb1_5&#8243; _builder_version=\u00bb4.16&#8243; _module_preset=\u00bbdefault\u00bb global_colors_info=\u00bb{}\u00bb][\/et_pb_column][\/et_pb_row][\/et_pb_section]<!-- \/wp:post-content -->","protected":false},"excerpt":{"rendered":"<p>\u00a1Muchas gracias a la Fundaci\u00f3n R\u00fcm Hard! La familia Jansen apoya a nuestra asociaci\u00f3n Tropica Verde en general desde 2023. Este a\u00f1o, realiza donaciones a la educaci\u00f3n medioambiental y consigue financiaci\u00f3n para el proyecto 2024 en Costa Rica.<\/p>\n","protected":false},"author":16,"featured_media":241780,"comment_status":"open","ping_status":"open","sticky":false,"template":"","format":"standard","meta":{"_et_pb_use_builder":"on","_et_pb_old_content":"","_et_gb_content_width":"","inline_featured_image":false,"footnotes":""},"categories":[228],"tags":[158,161],"class_list":["post-241838","post","type-post","status-publish","format-standard","has-post-thumbnail","hentry","category-labor-educativa-en-costa-rica","tag-costa-rica-es","tag-educacion-medioambiental"],"_links":{"self":[{"href":"https:\/\/tropica-verde.de\/es\/wp-json\/wp\/v2\/posts\/241838","targetHints":{"allow":["GET"]}}],"collection":[{"href":"https:\/\/tropica-verde.de\/es\/wp-json\/wp\/v2\/posts"}],"about":[{"href":"https:\/\/tropica-verde.de\/es\/wp-json\/wp\/v2\/types\/post"}],"author":[{"embeddable":true,"href":"https:\/\/tropica-verde.de\/es\/wp-json\/wp\/v2\/users\/16"}],"replies":[{"embeddable":true,"href":"https:\/\/tropica-verde.de\/es\/wp-json\/wp\/v2\/comments?post=241838"}],"version-history":[{"count":7,"href":"https:\/\/tropica-verde.de\/es\/wp-json\/wp\/v2\/posts\/241838\/revisions"}],"predecessor-version":[{"id":249011,"href":"https:\/\/tropica-verde.de\/es\/wp-json\/wp\/v2\/posts\/241838\/revisions\/249011"}],"wp:featuredmedia":[{"embeddable":true,"href":"https:\/\/tropica-verde.de\/es\/wp-json\/wp\/v2\/media\/241780"}],"wp:attachment":[{"href":"https:\/\/tropica-verde.de\/es\/wp-json\/wp\/v2\/media?parent=241838"}],"wp:term":[{"taxonomy":"category","embeddable":true,"href":"https:\/\/tropica-verde.de\/es\/wp-json\/wp\/v2\/categories?post=241838"},{"taxonomy":"post_tag","embeddable":true,"href":"https:\/\/tropica-verde.de\/es\/wp-json\/wp\/v2\/tags?post=241838"}],"curies":[{"name":"wp","href":"https:\/\/api.w.org\/{rel}","templated":true}]}}