{"id":241729,"date":"2024-05-01T01:36:26","date_gmt":"2024-04-30T23:36:26","guid":{"rendered":"https:\/\/tropica-verde.de\/que-tiene-que-ver-con-nosotros-la-ley-de-la-cadena-de-suministro\/"},"modified":"2025-05-26T18:23:43","modified_gmt":"2025-05-26T16:23:43","slug":"que-tiene-que-ver-con-nosotros-la-ley-de-la-cadena-de-suministro","status":"publish","type":"post","link":"https:\/\/tropica-verde.de\/es\/que-tiene-que-ver-con-nosotros-la-ley-de-la-cadena-de-suministro\/","title":{"rendered":"\u00bfQu\u00e9 tiene que ver con nosotros la Ley de la Cadena de Suministro?"},"content":{"rendered":"[et_pb_section fb_built=\u00bb1&#8243; admin_label=\u00bbsection\u00bb _builder_version=\u00bb4.16&#8243; min_height=\u00bb2664.1px\u00bb custom_padding=\u00bb0px|||||\u00bb global_colors_info=\u00bb{}\u00bb][et_pb_row admin_label=\u00bbfila\u00bb _builder_version=\u00bb4.16&#8243; background_size=\u00bbinitial\u00bb background_position=\u00bbtop_left\u00bb background_repeat=\u00bbrepeat\u00bb custom_margin=\u00bb|auto|-43px|auto||\u00bb custom_padding=\u00bb0px|||||\u00bb global_colors_info=\u00bb{}\u00bb][et_pb_column type=\u00bb4_4&#8243; _builder_version=\u00bb4.16&#8243; custom_padding=\u00bb|||\u00bb global_colors_info=\u00bb{}\u00bb custom_padding__hover=\u00bb|||\u00bb][et_pb_text _builder_version=\u00bb4.23.1&#8243; _module_preset=\u00bbdefault\u00bb global_colors_info=\u00bb{}\u00bb]<p><em>Desde 1989, en Tropica Verde e.V. estamos comprometidos con la conservaci\u00f3n de la selva tropical en Costa Rica, la reforestaci\u00f3n de zonas taladas, las campa\u00f1as de plantaci\u00f3n, la protecci\u00f3n de las especies y la biodiversidad, la educaci\u00f3n medioambiental y el apoyo a la poblaci\u00f3n local y su implicaci\u00f3n en nuestros proyectos, e informamos constantemente a nuestros miembros, donantes y partes interesadas sobre aspectos importantes de las condiciones de vida y producci\u00f3n en Costa Rica que son relevantes para nuestros proyectos.<\/em><\/p>\n<p>&nbsp;<\/p>[\/et_pb_text][et_pb_text admin_label=\u00bbText\u00bb _builder_version=\u00bb4.23.1&#8243; background_size=\u00bbinitial\u00bb background_position=\u00bbtop_left\u00bb background_repeat=\u00bbrepeat\u00bb min_height=\u00bb215.4px\u00bb custom_padding=\u00bb||0px|||\u00bb global_colors_info=\u00bb{}\u00bb]<h2>La Ley de la Cadena de Suministro con el ejemplo de las pi\u00f1as y los pl\u00e1tanos<span style=\"font-size: 15px; color: #575656; font-family: 'Source Sans Pro', sans-serif; font-weight: 400;\"><\/span><\/h2>\n<p>Por un lado, Costa Rica es un pa\u00eds con una biodiversidad impresionante, con muchas reservas naturales, una elevada proporci\u00f3n de energ\u00edas renovables como la hidroel\u00e9ctrica, la e\u00f3lica y la geot\u00e9rmica, un sistema democr\u00e1tico estable, un Estado constitucional con una sociedad civil desarrollada&#8230; pero, por otro lado, tambi\u00e9n tiene unas condiciones de vida muy precarias en las afueras de las ciudades, pero sobre todo en las zonas rurales y remotas, con \u00e9xodo rural, un elevado desempleo juvenil y desastrosos monocultivos agr\u00edcolas para el cultivo de pi\u00f1as y pl\u00e1tanos.<\/p>\n<p><\/p>[\/et_pb_text][et_pb_image src=\u00bbhttps:\/\/tropica-verde.de\/wp-content\/uploads\/2024\/05\/aus-der-luft-Kopie.jpg\u00bb alt=\u00bbMonocultivo de pi\u00f1a desde el aire\u00bb title_text=\u00bbMonocultivo de pi\u00f1a desde el aire\u00bb _builder_version=\u00bb4.23.1&#8243; _module_preset=\u00bbdefault\u00bb hover_enabled=\u00bb0&#8243; global_colors_info=\u00bb{}\u00bb sticky_enabled=\u00bb0&#8243;][\/et_pb_image][et_pb_text _builder_version=\u00bb4.23.1&#8243; _module_preset=\u00bbdefault\u00bb global_colors_info=\u00bb{}\u00bb]<p><strong><\/strong><\/p>\n<h3><strong><\/strong><\/h3>\n<h3><strong><\/strong><\/h3>\n<h3><strong><\/strong><\/h3>\n<h3><strong>Estos monocultivos en expansi\u00f3n son catastr\u00f3ficos,<\/strong><\/h3>\n<p><strong><\/strong><\/p>\n<ul>\n<li>\n<p>porque no s\u00f3lo se arrasan antiguos pastos, sino que se arrasan zonas de matorrales y bosques para dejarles sitio,<\/p>\n<\/li>\n<li>porque se roc\u00edan repetidamente con fertilizantes l\u00edquidos y fungicidas perjudiciales para el medio ambiente y la salud humana,<\/li>\n<li>porque las toxinas est\u00e1n contaminando ahora las aguas subterr\u00e1neas y, como consecuencia de las lluvias tropicales, los arroyos, r\u00edos y aguas costeras,<\/li>\n<li>porque son absolutamente hostiles al mundo natural animal y vegetal y<\/li>\n<li>por lo que tambi\u00e9n perjudican a todos los proyectos locales de conservaci\u00f3n de la naturaleza, incluido el nuestro.<\/li>\n<\/ul>[\/et_pb_text][\/et_pb_column][\/et_pb_row][et_pb_row _builder_version=\u00bb4.23.1&#8243; _module_preset=\u00bbdefault\u00bb custom_padding=\u00bb29px|||||\u00bb global_colors_info=\u00bb{}\u00bb][et_pb_column type=\u00bb4_4&#8243; _builder_version=\u00bb4.23.1&#8243; _module_preset=\u00bbdefault\u00bb global_colors_info=\u00bb{}\u00bb][et_pb_text _builder_version=\u00bb4.23.1&#8243; _module_preset=\u00bbdefault\u00bb custom_padding=\u00bb||0px|||\u00bb global_colors_info=\u00bb{}\u00bb]<blockquote><\/blockquote>\n<h3><strong>Pero, \u00bfqu\u00e9 tiene esto que ver con la Ley de la Cadena de Suministro?<\/strong><\/h3>\n<p>La Ley de la Cadena de Suministro pretende responsabilizar a los importadores alemanes de garantizar salarios justos y condiciones de trabajo decentes en los pa\u00edses productores y a lo largo de toda la cadena de suministro. En nuestro caso, se trata de las cinco grandes cadenas de alimentaci\u00f3n <strong>REWE, ALDI, LIDL, METRO y EDEKA<\/strong>, que han utilizado su poder de mercado y la competencia entre s\u00ed para garantizar que nosotros, como consumidores, hayamos podido comprar pi\u00f1as y pl\u00e1tanos m\u00e1s baratos que nunca en los \u00faltimos 15 a\u00f1os.<\/p>\n<p>Al mismo tiempo, sin embargo, las 5 Grandes han hecho bajar los precios en Costa Rica hasta tal punto que el cultivo s\u00f3lo merece la pena si se producen cantidades cada vez mayores y se pagan salarios cada vez m\u00e1s bajos.<\/p>[\/et_pb_text][\/et_pb_column][\/et_pb_row][et_pb_row _builder_version=\u00bb4.23.1&#8243; _module_preset=\u00bbdefault\u00bb global_colors_info=\u00bb{}\u00bb][et_pb_column type=\u00bb4_4&#8243; _builder_version=\u00bb4.23.1&#8243; _module_preset=\u00bbdefault\u00bb global_colors_info=\u00bb{}\u00bb][et_pb_gallery gallery_ids=\u00bb241695,241701,241692&#8243; posts_number=\u00bb3&#8243; _builder_version=\u00bb4.23.1&#8243; _module_preset=\u00bbdefault\u00bb global_colors_info=\u00bb{}\u00bb][\/et_pb_gallery][\/et_pb_column][\/et_pb_row][et_pb_row _builder_version=\u00bb4.23.1&#8243; _module_preset=\u00bbdefault\u00bb global_colors_info=\u00bb{}\u00bb][et_pb_column type=\u00bb4_4&#8243; _builder_version=\u00bb4.23.1&#8243; _module_preset=\u00bbdefault\u00bb global_colors_info=\u00bb{}\u00bb][et_pb_text _builder_version=\u00bb4.23.1&#8243; _module_preset=\u00bbdefault\u00bb global_colors_info=\u00bb{}\u00bb]<p><strong>OXFAM<\/strong> critic\u00f3 duramente esta explotaci\u00f3n en su control de supermercados de principios de abril de 2022 y calific\u00f3 a las 5 Grandes seg\u00fan su respectiva contribuci\u00f3n positiva o negativa. Es interesante observar que LIDL, ALDI y REWE ya han hecho algunos progresos en materia de transparencia y proyectos piloto, pero tambi\u00e9n es ejemplar que un proveedor costarricense de pi\u00f1a de EDEKA pague a sus trabajadores s\u00f3lo 4,50 euros al d\u00eda, lo que no es suficiente para vivir en Costa Rica, pero s\u00ed quiz\u00e1s en las regiones fronterizas de Nicaragua y Panam\u00e1, de donde proceden la mayor\u00eda de los trabajadores mal pagados contratados por temporadas.<\/p>\n<p>Porque el problema b\u00e1sico persiste: todas nuestras importaciones baratas nos proporcionan a los consumidores precios bajos y una incre\u00edble variedad de productos, pero a costa de los productores, la naturaleza y el clima. No se trata s\u00f3lo de frutas tropicales o textiles, sino de una amplia gama de productos agradables y asequibles para nuestra vida, pero que al mismo tiempo nos hacen dependientes de las cadenas de suministro internacionales, como el petr\u00f3leo, el gas natural, el carb\u00f3n, el acero, los productos primarios industriales, los microchips y los ordenadores.<\/p>[\/et_pb_text][\/et_pb_column][\/et_pb_row][et_pb_row column_structure=\u00bb1_2,1_2&#8243; _builder_version=\u00bb4.23.1&#8243; _module_preset=\u00bbdefault\u00bb global_colors_info=\u00bb{}\u00bb][et_pb_column type=\u00bb1_2&#8243; _builder_version=\u00bb4.23.1&#8243; _module_preset=\u00bbdefault\u00bb global_colors_info=\u00bb{}\u00bb][et_pb_text _builder_version=\u00bb4.23.1&#8243; _module_preset=\u00bbdefault\u00bb global_colors_info=\u00bb{}\u00bb]<p>Cuando se trata del problema de los precios, a nuestros importadores siempre les gusta se\u00f1alar el poder de mercado de los consumidores, que no tienen por qu\u00e9 comprar los productos m\u00e1s baratos y pueden controlar la oferta con su demanda. Esto s\u00f3lo es cierto hasta cierto punto si optamos conscientemente por productos ecol\u00f3gicos producidos de forma sostenible (y regional). Pero la responsabilidad principal sigue estando del lado del vendedor cuando, como en nuestro ejemplo, las 5 Grandes se rebajan mutuamente el precio para aumentar su cuota de mercado y atraernos con sus ofertas especiales.<\/p>[\/et_pb_text][\/et_pb_column][et_pb_column type=\u00bb1_2&#8243; _builder_version=\u00bb4.23.1&#8243; _module_preset=\u00bbdefault\u00bb global_colors_info=\u00bb{}\u00bb][et_pb_image src=\u00bbhttps:\/\/tropica-verde.de\/wp-content\/uploads\/2024\/05\/PSX_20240417_163748-scaled.jpg\u00bb alt=\u00bbLa pi\u00f1a en oferta especial es cara para las personas y el medio ambiente\u00bb title_text=\u00bbPSX_20240417_163748&#8243; _builder_version=\u00bb4.23.1&#8243; _module_preset=\u00bbdefault\u00bb global_colors_info=\u00bb{}\u00bb][\/et_pb_image][\/et_pb_column][\/et_pb_row][et_pb_row _builder_version=\u00bb4.23.1&#8243; _module_preset=\u00bbdefault\u00bb global_colors_info=\u00bb{}\u00bb][et_pb_column type=\u00bb4_4&#8243; _builder_version=\u00bb4.23.1&#8243; _module_preset=\u00bbdefault\u00bb global_colors_info=\u00bb{}\u00bb][et_pb_text _builder_version=\u00bb4.23.1&#8243; _module_preset=\u00bbdefault\u00bb global_colors_info=\u00bb{}\u00bb]<p>Mientras que el pl\u00e1tano m\u00e1s barato en Lidl cuesta 1,09 euros por kilo (Comercio Justo), en Aldi S\u00fcd se pueden conseguir por s\u00f3lo 0,99 euros por kilo (Rainforest Alliance) y en Aldi Nord por 1,09 euros (Rainforest Alliance). Actualmente, Edeka incluso rebaja el precio a 0,88 euros el kilo (Rainforest Alliance - Gut &amp; G\u00fcnstig). Seg\u00fan la empresa, se trata de una promoci\u00f3n a corto plazo. En Rewe, puedes comprar un pl\u00e1tano a partir de 0,99 euros el kilo (Rainforest Alliance). Los precios del pl\u00e1tano en el mercado alem\u00e1n son, de media, un 30% m\u00e1s bajos que en Italia y Francia. No es de extra\u00f1ar, Alemania es la patria del descuento.<\/p>[\/et_pb_text][\/et_pb_column][\/et_pb_row][et_pb_row column_structure=\u00bb1_2,1_2&#8243; _builder_version=\u00bb4.23.1&#8243; _module_preset=\u00bbdefault\u00bb global_colors_info=\u00bb{}\u00bb][et_pb_column type=\u00bb1_2&#8243; _builder_version=\u00bb4.23.1&#8243; _module_preset=\u00bbdefault\u00bb global_colors_info=\u00bb{}\u00bb][et_pb_text _builder_version=\u00bb4.23.1&#8243; _module_preset=\u00bbdefault\u00bb global_colors_info=\u00bb{}\u00bb]<h3><\/h3>\n<h3><\/h3>\n<h3><\/h3>\n<h3><\/h3>\n<h3>\u00bfQu\u00e9 podemos hacer como consumidores sensibilizados?<\/h3>\n<ul>\n<li>Limitar nuestro consumo a lo esencial,<\/li>\n<li>compras sostenibles y conscientes,<\/li>\n<li>Evita las ofertas baratas,<\/li>\n<li>Apoya las campa\u00f1as de comercio justo<\/li>\n<li>Apoya a las organizaciones que promueven el comercio justo y el consumo sostenible<\/li>\n<\/ul>[\/et_pb_text][\/et_pb_column][et_pb_column type=\u00bb1_2&#8243; _builder_version=\u00bb4.23.1&#8243; _module_preset=\u00bbdefault\u00bb global_colors_info=\u00bb{}\u00bb][et_pb_image src=\u00bbhttps:\/\/tropica-verde.de\/wp-content\/uploads\/2024\/05\/WOLFGANG-2.png\u00bb alt=\u00bbVoluntario Wolfgang Schmidt\u00bb title_text=\u00bbVoluntario Wolfgang Schmidt\u00bb _builder_version=\u00bb4.23.1&#8243; _module_preset=\u00bbdefault\u00bb global_colors_info=\u00bb{}\u00bb][\/et_pb_image][et_pb_text _builder_version=\u00bb4.23.1&#8243; _module_preset=\u00bbdefault\u00bb global_colors_info=\u00bb{}\u00bb]<p style=\"text-align: center;\">Wolfgang Schmitt<\/p>[\/et_pb_text][\/et_pb_column][\/et_pb_row][et_pb_row column_structure=\u00bb1_5,3_5,1_5&#8243; custom_padding_last_edited=\u00bbon|tablet\u00bb module_id=\u00bbmitglied\u00bb _builder_version=\u00bb4.23.1&#8243; _module_preset=\u00bbdefault\u00bb background_color=\u00bb#e9eeea\u00bb custom_padding=\u00bb50px||50px||false|false\u00bb custom_padding_tablet=\u00bb30px||30px||false|false\u00bb custom_padding_phone=\u00bb30px||30px||false|false\u00bb global_colors_info=\u00bb{}\u00bb theme_builder_area=\u00bbpost_content\u00bb][et_pb_column type=\u00bb1_5&#8243; _builder_version=\u00bb4.16&#8243; _module_preset=\u00bbdefault\u00bb global_colors_info=\u00bb{}\u00bb theme_builder_area=\u00bbpost_content\u00bb][et_pb_code raw_content_tablet=\u00bb<span class='et-pb-icon' style=%22color:#238da2; font-size:41px%22>=<\/span>\u00bb raw_content_phone=\u00bb\u00bb raw_content_last_edited=\u00bbon|tablet\u00bb _builder_version=\u00bb4.16&#8243; _module_preset=\u00bbdefault\u00bb text_orientation=\u00bbright\u00bb custom_padding=\u00bb8px|||20px|false|false\u00bb text_orientation_tablet=\u00bbcenter\u00bb text_orientation_phone=\u00bb\u00bb text_orientation_last_edited=\u00bbon|phone\u00bb global_colors_info=\u00bb{}\u00bb theme_builder_area=\u00bbpost_content\u00bb]<span class=\"et-pb-icon\" style=\"color:#238da2; font-size:30px\">$<\/span>[\/et_pb_code][\/et_pb_column][et_pb_column type=\u00bb3_5&#8243; _builder_version=\u00bb4.16&#8243; _module_preset=\u00bbdefault\u00bb custom_padding_tablet=\u00bb|20px||20px|false|false\u00bb custom_padding_phone=\u00bb|20px||20px|false|false\u00bb custom_padding_last_edited=\u00bbon|tablet\u00bb global_colors_info=\u00bb{}\u00bb theme_builder_area=\u00bbpost_content\u00bb][et_pb_text _builder_version=\u00bb4.23.1&#8243; _module_preset=\u00bbdefault\u00bb header_2_font=\u00bbSource Sans 3|800|||||||\u00bb header_2_font_size=\u00bb36px\u00bb header_3_font_size=\u00bb24px\u00bb custom_margin=\u00bb||17px|||\u00bb header_2_font_size_tablet=\u00bb30px\u00bb header_2_font_size_phone=\u00bb24px\u00bb header_2_font_size_last_edited=\u00bbon|phone\u00bb header_3_font_size_tablet=\u00bb20px\u00bb header_3_font_size_phone=\u00bb18px\u00bb header_3_font_size_last_edited=\u00bbon|phone\u00bb global_colors_info=\u00bb{}\u00bb theme_builder_area=\u00bbpost_content\u00bb]<h2>H\u00c1GASE SOCIO<\/h2>\n<h3 class=\"serif\">La naturaleza, el medio ambiente y la protecci\u00f3n del clima necesitan un grupo de presi\u00f3n ahora m\u00e1s que nunca. Con su afiliaci\u00f3n nos da su voz para nuestro trabajo. Cuantos m\u00e1s afiliados representemos, m\u00e1s fuerte ser\u00e1 nuestra posici\u00f3n en el \u00e1mbito pol\u00edtico y econ\u00f3mico.  <\/h3>\n<p>Como miembro de Tropica Verde tienes muchas oportunidades. Puede implicarse activamente en la labor de la asociaci\u00f3n, participar como voluntario en actos e intercambiar ideas con personas de ideas afines sobre temas como la conservaci\u00f3n de la selva tropical, la protecci\u00f3n del clima, la educaci\u00f3n medioambiental y otros. O simplemente puedes apoyar nuestros proyectos regularmente con tu cuota de socio y ayudar a preservar la selva tropical de Costa Rica a largo plazo. Al hacerse miembro de Tropica Verde, est\u00e1 promoviendo la protecci\u00f3n sostenible del clima y ayud\u00e1ndonos a desarrollar y ampliar continuamente los proyectos de conservaci\u00f3n.   <\/p>[\/et_pb_text][et_pb_button button_url=\u00bbhttps:\/\/tropica-verde.de\/es\/ayudardonar\/afiliarse\/\u00bb button_text=\u00bbH\u00c1GASE SOCIO AHORA\u00bb _builder_version=\u00bb4.23.1&#8243; _module_preset=\u00bb70b994c3-2b68-43f9-baa1-aee328fdc428&#8243; button_border_color=\u00bbRGBA(0,0,0,0)\u00bb custom_margin=\u00bb||||false|false\u00bb global_colors_info=\u00bb{}\u00bb theme_builder_area=\u00bbpost_content\u00bb][\/et_pb_button][\/et_pb_column][et_pb_column type=\u00bb1_5&#8243; _builder_version=\u00bb4.16&#8243; _module_preset=\u00bbdefault\u00bb global_colors_info=\u00bb{}\u00bb theme_builder_area=\u00bbpost_content\u00bb][\/et_pb_column][\/et_pb_row][\/et_pb_section]<!-- \/wp:post-content -->","protected":false},"excerpt":{"rendered":"<p>La Ley de la Cadena de Suministro intenta responsabilizar a los importadores alemanes de garantizar salarios y condiciones de trabajo justos. Averigua qu\u00e9 tiene que ver todo esto con Costa Rica en este art\u00edculo. \u00a1Lea ahora!<\/p>\n","protected":false},"author":15,"featured_media":241685,"comment_status":"open","ping_status":"open","sticky":false,"template":"","format":"standard","meta":{"_et_pb_use_builder":"on","_et_pb_old_content":"","_et_gb_content_width":"","inline_featured_image":false,"footnotes":""},"categories":[248,225],"tags":[158,299,298,196,300],"class_list":["post-241729","post","type-post","status-publish","format-standard","has-post-thumbnail","hentry","category-conocimiento-animales-plantas","category-ods-12-consumo-y-produccion-sostenibles","tag-costa-rica-es","tag-monocultivo","tag-pina","tag-proteccion-de-la-selva-tropical","tag-proteccion-del-medio-ambiente"],"_links":{"self":[{"href":"https:\/\/tropica-verde.de\/es\/wp-json\/wp\/v2\/posts\/241729","targetHints":{"allow":["GET"]}}],"collection":[{"href":"https:\/\/tropica-verde.de\/es\/wp-json\/wp\/v2\/posts"}],"about":[{"href":"https:\/\/tropica-verde.de\/es\/wp-json\/wp\/v2\/types\/post"}],"author":[{"embeddable":true,"href":"https:\/\/tropica-verde.de\/es\/wp-json\/wp\/v2\/users\/15"}],"replies":[{"embeddable":true,"href":"https:\/\/tropica-verde.de\/es\/wp-json\/wp\/v2\/comments?post=241729"}],"version-history":[{"count":16,"href":"https:\/\/tropica-verde.de\/es\/wp-json\/wp\/v2\/posts\/241729\/revisions"}],"predecessor-version":[{"id":247667,"href":"https:\/\/tropica-verde.de\/es\/wp-json\/wp\/v2\/posts\/241729\/revisions\/247667"}],"wp:featuredmedia":[{"embeddable":true,"href":"https:\/\/tropica-verde.de\/es\/wp-json\/wp\/v2\/media\/241685"}],"wp:attachment":[{"href":"https:\/\/tropica-verde.de\/es\/wp-json\/wp\/v2\/media?parent=241729"}],"wp:term":[{"taxonomy":"category","embeddable":true,"href":"https:\/\/tropica-verde.de\/es\/wp-json\/wp\/v2\/categories?post=241729"},{"taxonomy":"post_tag","embeddable":true,"href":"https:\/\/tropica-verde.de\/es\/wp-json\/wp\/v2\/tags?post=241729"}],"curies":[{"name":"wp","href":"https:\/\/api.w.org\/{rel}","templated":true}]}}