{"id":241581,"date":"2024-04-27T22:35:26","date_gmt":"2024-04-27T20:35:26","guid":{"rendered":"https:\/\/tropica-verde.de\/semana-de-la-experiencia-de-la-naturaleza-en-biofrankfurt-el-fascinante-mundo-de-la-selva-tropical-en-costa-rica-evento-en-linea-organizado-por-tropica-verde\/"},"modified":"2025-05-26T18:24:06","modified_gmt":"2025-05-26T16:24:06","slug":"semana-de-la-experiencia-de-la-naturaleza-en-biofrankfurt-el-fascinante-mundo-de-la-selva-tropical-en-costa-rica-evento-en-linea-organizado-por-tropica-verde","status":"publish","type":"post","link":"https:\/\/tropica-verde.de\/es\/semana-de-la-experiencia-de-la-naturaleza-en-biofrankfurt-el-fascinante-mundo-de-la-selva-tropical-en-costa-rica-evento-en-linea-organizado-por-tropica-verde\/","title":{"rendered":"17-26 mayo 2024 | Semana de Acci\u00f3n de BioFrankfurt: Evento online de Tropica Verde"},"content":{"rendered":"<p>[et_pb_section fb_built=\u00bb1&#8243; admin_label=\u00bbsection\u00bb _builder_version=\u00bb4.16&#8243; global_colors_info=\u00bb{}\u00bb][et_pb_row admin_label=\u00bbfila\u00bb _builder_version=\u00bb4.16&#8243; background_size=\u00bbinitial\u00bb background_position=\u00bbtop_left\u00bb background_repeat=\u00bbrepeat\u00bb global_colors_info=\u00bb{}\u00bb][et_pb_column type=\u00bb4_4&#8243; _builder_version=\u00bb4.16&#8243; custom_padding=\u00bb|||\u00bb global_colors_info=\u00bb{}\u00bb custom_padding__hover=\u00bb|||\u00bb][et_pb_image src=\u00bbhttps:\/\/tropica-verde.de\/wp-content\/uploads\/2024\/05\/BioFrankfurt-Aktionswoche-2024_Frosch.png\u00bb alt=\u00bbSemana de Acci\u00f3n de BioFrankfurt 2024&#8243; title_text=\u00bbSemana de Acci\u00f3n de BioFrankfurt 2024_Rana\u00bb _builder_version=\u00bb4.23.1&#8243; _module_preset=\u00bbdefault\u00bb global_colors_info=\u00bb{}\u00bb][\/et_pb_image][et_pb_text admin_label=\u00bbText\u00bb _builder_version=\u00bb4.16&#8243; background_size=\u00bbinitial\u00bb background_position=\u00bbtop_left\u00bb background_repeat=\u00bbrepeat\u00bb global_colors_info=\u00bb{}\u00bb]<\/p>\n<h1><\/h1>\n<p>&nbsp;<\/p>\n<p>&nbsp;<\/p>\n<p>&nbsp;<\/p>\n<p>&nbsp;<\/p>\n<p>&nbsp;<\/p>\n<h1>TROPICA VERDE MUESTRA EL FASCINANTE MUNDO DE LA SELVA TROPICAL EN COSTA RICA<\/h1>\n<p><strong>Jueves, 23.05.2024 , 19:30 - 20:30<br \/>Evento en l\u00ednea a trav\u00e9s de Zoom<\/strong><span><\/span><\/p>\n<p><strong><\/strong><\/p>\n<p>Participamos en la<a href=\"https:\/\/www.biofrankfurt.de\/aktivitaeten\/aktionswoche-biologische-vielfalt-erleben\/programm-der-aktionswoche-2024\/\" rel=\"nofollow noopener\" target=\"_blank\"> Semana de Acci\u00f3n por la Biodiversidad de BioFrankfurt <\/a>, del 17 al 26 de mayo de 2024, con un acto gratuito en l\u00ednea para j\u00f3venes y mayores:<\/p>\n<p><strong>\u00a1Sum\u00e9rgete en el fascinante mundo de la selva tropical! Conoce el importante papel que Tropica Verde, una asociaci\u00f3n de Frankfurt, desempe\u00f1a en la conservaci\u00f3n de la biodiversidad en Costa Rica en esta cautivadora conferencia virtual. El Dr. Stefan Rother, cofundador de Tropica Verde, te lleva en un apasionante viaje por la biodiversidad, los h\u00e1bitats y los esfuerzos de conservaci\u00f3n de este valioso ecosistema.<\/strong><\/p>\n<p><strong><\/strong><\/p>\n<ul>\n<li><em>Organizador:<\/em> Tropica Verde e.V.<\/li>\n<li><em>Costes:<\/em> La participaci\u00f3n es gratuita<\/li>\n<li><em>Detalles de la inscripci\u00f3n:<\/em> Inscr\u00edbete ahora en <a href=\"https:\/\/tropica-verde.de\/es\/contactenos\/inscripcion-en-linea-20-02-2024\/\" target=\"_blank\" rel=\"noopener\">tropica-verde.de\/kontakt\/anmeldung-online-veranstaltung<\/a><\/li>\n<li><em>Punto de encuentro:<\/em> En l\u00ednea (se proporcionar\u00e1 un enlace Zoom tras la inscripci\u00f3n)<\/li>\n<\/ul>\n<p>[\/et_pb_text][\/et_pb_column][\/et_pb_row][et_pb_row _builder_version=\u00bb4.23.1&#8243; _module_preset=\u00bbdefault\u00bb global_colors_info=\u00bb{}\u00bb][et_pb_column type=\u00bb4_4&#8243; _builder_version=\u00bb4.23.1&#8243; _module_preset=\u00bbdefault\u00bb global_colors_info=\u00bb{}\u00bb][et_pb_text _builder_version=\u00bb4.23.1&#8243; _module_preset=\u00bbdefault\u00bb global_colors_info=\u00bb{}\u00bb]<\/p>\n<h3>\u00a1Le esperamos!<\/h3>\n<p>&nbsp;<\/p>\n<p>&nbsp;<\/p>\n<p>[\/et_pb_text][\/et_pb_column][\/et_pb_row][\/et_pb_section]<\/p>\n","protected":false},"excerpt":{"rendered":"<p>\u00a1Sum\u00e9rgete en el fascinante mundo de la selva tropical! Conoce el importante papel que Tropica Verde, una asociaci\u00f3n de Frankfurt, desempe\u00f1a en la conservaci\u00f3n de la biodiversidad en Costa Rica en esta cautivadora conferencia virtual. El Dr. Stefan Rother, cofundador de Tropica Verde, te lleva en un apasionante viaje por la biodiversidad, los h\u00e1bitats y los esfuerzos de conservaci\u00f3n de este valioso ecosistema.<\/p>\n","protected":false},"author":5,"featured_media":242010,"comment_status":"closed","ping_status":"open","sticky":false,"template":"","format":"standard","meta":{"_et_pb_use_builder":"on","_et_pb_old_content":"","_et_gb_content_width":"","inline_featured_image":false,"footnotes":""},"categories":[149,157],"tags":[],"class_list":["post-241581","post","type-post","status-publish","format-standard","has-post-thumbnail","hentry","category-eventos-fechas","category-trabajo-educativo-en-alemania"],"_links":{"self":[{"href":"https:\/\/tropica-verde.de\/es\/wp-json\/wp\/v2\/posts\/241581","targetHints":{"allow":["GET"]}}],"collection":[{"href":"https:\/\/tropica-verde.de\/es\/wp-json\/wp\/v2\/posts"}],"about":[{"href":"https:\/\/tropica-verde.de\/es\/wp-json\/wp\/v2\/types\/post"}],"author":[{"embeddable":true,"href":"https:\/\/tropica-verde.de\/es\/wp-json\/wp\/v2\/users\/5"}],"replies":[{"embeddable":true,"href":"https:\/\/tropica-verde.de\/es\/wp-json\/wp\/v2\/comments?post=241581"}],"version-history":[{"count":27,"href":"https:\/\/tropica-verde.de\/es\/wp-json\/wp\/v2\/posts\/241581\/revisions"}],"predecessor-version":[{"id":247701,"href":"https:\/\/tropica-verde.de\/es\/wp-json\/wp\/v2\/posts\/241581\/revisions\/247701"}],"wp:featuredmedia":[{"embeddable":true,"href":"https:\/\/tropica-verde.de\/es\/wp-json\/wp\/v2\/media\/242010"}],"wp:attachment":[{"href":"https:\/\/tropica-verde.de\/es\/wp-json\/wp\/v2\/media?parent=241581"}],"wp:term":[{"taxonomy":"category","embeddable":true,"href":"https:\/\/tropica-verde.de\/es\/wp-json\/wp\/v2\/categories?post=241581"},{"taxonomy":"post_tag","embeddable":true,"href":"https:\/\/tropica-verde.de\/es\/wp-json\/wp\/v2\/tags?post=241581"}],"curies":[{"name":"wp","href":"https:\/\/api.w.org\/{rel}","templated":true}]}}