{"id":239607,"date":"2024-04-13T23:52:48","date_gmt":"2024-04-13T21:52:48","guid":{"rendered":"https:\/\/tropica-verde.de\/entrevista-como-fue-ser-voluntario-en-costa-rica\/"},"modified":"2024-07-05T00:08:51","modified_gmt":"2024-07-04T22:08:51","slug":"entrevista-como-fue-ser-voluntario-en-costa-rica","status":"publish","type":"post","link":"https:\/\/tropica-verde.de\/es\/entrevista-como-fue-ser-voluntario-en-costa-rica\/","title":{"rendered":"Entrevista: C\u00f3mo fue ser voluntario en Costa Rica"},"content":{"rendered":"[et_pb_section fb_built=\u00bb1&#8243; admin_label=\u00bbsection\u00bb _builder_version=\u00bb4.16&#8243; global_colors_info=\u00bb{}\u00bb][et_pb_row column_structure=\u00bb1_2,1_2&#8243; _builder_version=\u00bb4.16&#8243; _module_preset=\u00bbdefault\u00bb global_colors_info=\u00bb{}\u00bb][et_pb_column type=\u00bb1_2&#8243; _builder_version=\u00bb4.16&#8243; _module_preset=\u00bbdefault\u00bb global_colors_info=\u00bb{}\u00bb][et_pb_text _builder_version=\u00bb4.16&#8243; _module_preset=\u00bbdefault\u00bb global_colors_info=\u00bb{}\u00bb]<h2><strong>En busca de los guacamayos  <\/strong><\/h2>\n\u00bfQuieres saber m\u00e1s sobre el voluntariado en Tropica Verde? Entonces ha venido al lugar adecuado.\n\n<strong>En nuestra entrevista, los dos voluntarios Bastienne D\u00fcnbier y Freya Wenzel nos hablan de sus experiencias de primera mano tras su voluntariado en los proyectos de Tropica Verde (TV) \u00abReserva Kinkajou\u00bb y \u00abMonte Alto\u00bb.<\/strong>[\/et_pb_text][\/et_pb_column][et_pb_column type=\u00bb1_2&#8243; _builder_version=\u00bb4.16&#8243; _module_preset=\u00bbdefault\u00bb global_colors_info=\u00bb{}\u00bb][et_pb_image src=\u00bbhttps:\/\/tropica-verde.de\/wp-content\/uploads\/2023\/10\/Foto-Freya-und-Bastienne.jpg\u00bb alt=\u00bbVoluntarios Freya y Bastienne\u00bb title_text=\u00bbVoluntarios Freya y Bastienne\u00bb align=\u00bbcenter\u00bb _builder_version=\u00bb4.16&#8243; _module_preset=\u00bbdefault\u00bb module_alignment=\u00bbcenter\u00bb max_height=\u00bb308px\u00bb locked=\u00bboff\u00bb global_colors_info=\u00bb{}\u00bb][\/et_pb_image][\/et_pb_column][\/et_pb_row][et_pb_row admin_label=\u00bbfila\u00bb _builder_version=\u00bb4.16&#8243; background_size=\u00bbinitial\u00bb background_position=\u00bbtop_left\u00bb background_repeat=\u00bbrepeat\u00bb global_colors_info=\u00bb{}\u00bb][et_pb_column type=\u00bb4_4&#8243; _builder_version=\u00bb4.16&#8243; custom_padding=\u00bb|||\u00bb global_colors_info=\u00bb{}\u00bb custom_padding__hover=\u00bb|||\u00bb][et_pb_text admin_label=\u00bbText\u00bb _builder_version=\u00bb4.16&#8243; background_size=\u00bbinitial\u00bb background_position=\u00bbtop_left\u00bb background_repeat=\u00bbrepeat\u00bb min_height=\u00bb727.4px\u00bb custom_padding=\u00bb||0px|||\u00bb global_colors_info=\u00bb{}\u00bb]<h2><\/h2>\n<strong>Hola Bastienne &amp; Freya, en noviembre de 2022 hicisteis pr\u00e1cticas en 2 proyectos de Tropica Verde. \u00bfC\u00f3mo surgi\u00f3?<\/strong>\n<blockquote>Acab\u00e1bamos de terminar nuestros estudios y nos apetec\u00eda volver a pensar fuera de la caja, preferiblemente en forma de trabajo de proyecto significativo. Los dos crecimos muy cerca de la naturaleza y el medio ambiente est\u00e1 muy cerca de nuestros corazones. La madre de Freya trabaja como guardabosques en Hesse. Conocimos Tropica Verde a trav\u00e9s de un amigo nuestro que tambi\u00e9n trabaja en la conservaci\u00f3n de la naturaleza y simplemente les llamamos. Un empleado muy amable nos puso en contacto con Stefan Rother, responsable del proyecto, y nos recomend\u00f3 que le envi\u00e1ramos un correo electr\u00f3nico con nuestra consulta sobre la participaci\u00f3n en los proyectos actuales de protecci\u00f3n de la selva tropical. Stefan se puso en contacto con nosotros inmediatamente e hizo todo lo posible para que particip\u00e1ramos en dos proyectos diferentes de la organizaci\u00f3n durante un mes. Tras unas cuantas llamadas y videollamadas, supimos que pasar\u00edamos un mes en medio de la selva durante nuestro viaje a Sudam\u00e9rica. Queremos aprovechar esta oportunidad para dar las gracias una vez m\u00e1s a Stefan Rother. Sin su compromiso, esta experiencia \u00fanica no habr\u00eda sido posible.<\/blockquote>\n<strong>\u00bfCon qu\u00e9 proyecto empez\u00f3 y cu\u00e1les eran sus expectativas?<\/strong>\n<blockquote>Primero visitamos la Reserva Kinkajou. Esta zona de protecci\u00f3n del guacamayo soldado linda con el Parque Nacional Braulio Carrillo. Sab\u00edamos que nuestro alojamiento, el Yatama Ecolodge, que est\u00e1 justo al lado de la Reserva Kinkajou, ser\u00eda de muy dif\u00edcil acceso. Por eso imaginamos el proyecto muy recogido y original. Eso era cierto hasta que aprendimos a distinguir entre bosque primario y secundario en la selva tropical. Si s\u00f3lo conoce los bosques alemanes, al principio no es tan f\u00e1cil. Con todas las zonas de repoblaci\u00f3n forestal y bosques secundarios que nos rodean, nos dimos cuenta de que tal vez haya menos originalidad de la que pens\u00e1bamos. Esto no le resta belleza, pero, por supuesto, forma parte de una triste historia. Antes de empezar el proyecto, no sab\u00edamos exactamente qu\u00e9 tareas y a qu\u00e9 tipo de proyecto nos enfrentar\u00edamos, as\u00ed que salimos al campo con curiosidad.<\/blockquote>\n[\/et_pb_text][et_pb_text _builder_version=\u00bb4.16&#8243; _module_preset=\u00bbdefault\u00bb min_height=\u00bb961.1px\u00bb global_colors_info=\u00bb{}\u00bb]<h2 style=\"text-align: right;\"><span style=\"font-size: xx-large;\">\u00abAs\u00ed que todo empez\u00f3 de forma muy aventurera&#8230;\u00bb<\/span><\/h2>\n<h2 style=\"text-align: right;\"><strong><\/strong><\/h2>\n<p style=\"padding-left: 40px;\"><strong><\/strong><\/p>\n<p><strong>\u00bfCu\u00e1les fueron sus impresiones sobre el Reserva Kinkajou? Desde el acceso a la reforestaci\u00f3n y la naturaleza, hasta la asociaci\u00f3n con el albergue Yatama. \u00a1Cu\u00e9ntanoslo todo!  <\/strong><\/p>\n<blockquote>\n<p>La ma\u00f1ana de nuestro viaje est\u00e1bamos un poco nerviosos por lo que nos esperaba en la selva m\u00e1s profunda. Para llegar a la <a href=\"https:\/\/tropica-verde.de\/es\/proyectos\/reserva-kinkajou\/\">Reserva Kinkajou<\/a> y a nuestro alojamiento, el Yatama Ecolodge, viajamos en camioneta durante algo menos de una hora por una carretera sin asfaltar con unas vistas maravillosas. As\u00ed que todo empez\u00f3 de forma muy aventurera y tras el primer paseo nocturno como muy tarde est\u00e1bamos bajo el hechizo de la selva y esper\u00e1bamos poder observar nuevas especies animales cada d\u00eda. Una de nuestras tareas fue el recuento matutino y vespertino del guacamayo soldado, donde nos atendi\u00f3 muy amablemente Pedro, el propietario del Yatama Ecolodge y socio de Tropica Verde. Gracias a \u00e9l, aprendimos mucho sobre la selva tropical y sus habitantes durante las dos semanas. Como Tropica Verde ha reforestado la Reserva Kinkajou con una rica variedad de especies, all\u00ed se pueden observar y escuchar muchas especies diferentes de aves. Es un lugar de ensue\u00f1o para los amantes de la naturaleza y la sensaci\u00f3n de vivir en medio de la selva tropical, con todos sus olores, es indescriptible. Incluso antes de nuestro viaje, consider\u00e1bamos muy importante la protecci\u00f3n de la selva tropical y sus habitantes. Sin embargo, ver a los monos balancearse de \u00e1rbol en \u00e1rbol mientras el tuc\u00e1n se posa en el \u00e1rbol de al lado y el p\u00e1jaro Oropendola trina su singular melod\u00eda resulta a\u00fan m\u00e1s diferente. Te hace darte cuenta de que debemos proteger este maravilloso mundo lo mejor que podamos. Por ello, la existencia de organizaciones como Tropica Verde es esencial para frenar la extinci\u00f3n de especies y la reducci\u00f3n de las zonas forestales.<\/p>\n<\/blockquote>\n<p><strong>\u00bfQu\u00e9 es lo que m\u00e1s le gust\u00f3 de all\u00ed? \u00bfCu\u00e1les cree que son las opciones de futuro?<\/strong><\/p>\n<blockquote>\n<p>Lo m\u00e1s impresionante fue ver y sentir la incre\u00edble diversidad de la naturaleza, tan colorida y desconocida que una experiencia as\u00ed te deja una impresi\u00f3n incre\u00edble. Al principio te das cuenta de que no tienes ojo para los animales bien adaptados y a menudo pasas de largo sin pens\u00e1rtelo dos veces. Fue muy divertido poder aprenderlo gracias a muchas personas inspiradoras y memorizar las especies de \u00e1rboles y los nombres de animales extranjeros.En Alemania tambi\u00e9n consideramos que merece mucho la pena proteger la selva, pero la selva tropical pide ayuda m\u00e1s fuerte, m\u00e1s estridente y m\u00e1s colorida y, por tanto, posiblemente tenga un gran potencial para ganarse a las personas menos amantes de la naturaleza para su protecci\u00f3n. Hemos sabido que Tropica Verde est\u00e1 estudiando la posibilidad de instalar una sala de educaci\u00f3n medioambiental en la caba\u00f1a de la Reserva Kinkajou. Este tipo de ideas son estupendas porque permiten a los habitantes de la zona utilizar estos espacios y animar a las generaciones m\u00e1s j\u00f3venes. En Costa Rica conocimos a muchos lugare\u00f1os de nuestra edad muy comprometidos con la protecci\u00f3n del medio ambiente, y tenemos que apoyarlos.<\/p>\n<\/blockquote>[\/et_pb_text][et_pb_gallery gallery_ids=\u00bb237964,237961,237958,237264&#8243; show_title_and_caption=\u00bboff\u00bb show_pagination=\u00bboff\u00bb _builder_version=\u00bb4.16&#8243; _module_preset=\u00bbdefault\u00bb custom_margin=\u00bb||-1px||false|false\u00bb custom_padding=\u00bb||0px||false|false\u00bb global_colors_info=\u00bb{}\u00bb][\/et_pb_gallery][et_pb_text _builder_version=\u00bb4.16&#8243; _module_preset=\u00bbdefault\u00bb min_height=\u00bb2313.4px\u00bb global_colors_info=\u00bb{}\u00bb]<p><strong>\u00bfC\u00f3mo lleg\u00f3 de la selva tropical de Sarapiqu\u00ed a Guanacaste y al proyecto del bosque seco de Monte Alto?<\/strong><\/p>\n<blockquote>\n<p>Tras despedirnos con cierta tristeza de Pedro y de su colega Luis, con quienes nos hab\u00edamos hecho amigos durante nuestras dos semanas en el Yatama Ecolodge, subimos al autob\u00fas para dirigirnos a Monte Alto. Hay que cambiar de tren en la capital, San Jos\u00e9. Tras una escala en Nicoya, llegamos al d\u00eda siguiente a la Reserva Natural Monte Alto, donde el personal nos recibi\u00f3 con los brazos abiertos. Durante nuestro viaje en autob\u00fas por el pa\u00eds, ya pudimos observar el cambio de la flora y la fauna.<\/p>\n<\/blockquote>\n<p><strong>\u00bfC\u00f3mo se alojaron en Monte Alto y c\u00f3mo se cuidaron in situ?  <\/strong><\/p>\n<blockquote>\n<p>Nos alojamos en una bonita casita de madera en <a href=\"https:\/\/tropica-verde.de\/es\/proyectos\/monte-alto\/\">Monte Alto<\/a>, que estaba libre debido a la temporada baja, ya que Monte Alto suele ser visitado por grupos que quieren entrenar all\u00ed. Como antes del primer proyecto, hicimos muchas compras antes de que empezara el proyecto, ya que no sab\u00edamos con qu\u00e9 frecuencia \u00edbamos a venir al pueblo. Fue un peque\u00f1o malentendido, porque al final nos cocinaron para todos los d\u00edas, lo que por supuesto no habr\u00eda sido necesario. Para peticiones especiales y para explorar la zona, pudimos utilizar dos bicicletas de monta\u00f1a de Tropica Verde y montar hasta el cercano pueblo de Hojancha. Esto permite una gran flexibilidad, pero no es para los perezosos, ya que no se debe subestimar la pendiente (especialmente si luego se sube accidentalmente por la colina equivocada, lo que por supuesto nos ocurri\u00f3 a los especialistas).<\/p>\n<\/blockquote>\n<p><strong>\u00bfQu\u00e9 aprendi\u00f3 en Monte Alto? \u00bfQu\u00e9 impresi\u00f3n le caus\u00f3 el entorno?<\/strong><\/p>\n<blockquote>\n<p>La Reserva Monte Alto est\u00e1 situada en medio de id\u00edlicas colinas y prados con algunos pastos cerca del pueblo de Hojancha. La regi\u00f3n est\u00e1 alejada de las ciudades m\u00e1s tur\u00edsticas, por lo que, adem\u00e1s de los paseos por el bosque seco, podr\u00e1 hacerse una idea de la vida de los ticos. Esto es muy importante para nosotros cuando viajamos, para experimentar c\u00f3mo se forman la cultura y la gente del pa\u00eds.<\/p>\n<p>Gracias al amable apoyo de Gustavo Moraga, empleado local de Tropica Verde, aprendimos mucho sobre los m\u00e9todos de observaci\u00f3n de la fauna salvaje en Monte Alto. Entre otras cosas, se utilizaron c\u00e1maras para observar la fauna salvaje, se colocaron trampas de caza para obtener pruebas de diversas especies animales mediante un proceso de vaciado y se capturaron aves para identificar las especies de una regi\u00f3n. Tambi\u00e9n aprendimos mucho sobre la importancia de los corredores de fauna salvaje en el contexto de la conservaci\u00f3n de las especies y sobre los efectos de la fragmentaci\u00f3n de la tierra por la construcci\u00f3n de carreteras y los desbroces. Tambi\u00e9n aqu\u00ed te das cuenta r\u00e1pidamente de las graves consecuencias que puede tener la intervenci\u00f3n humana en la naturaleza. En este contexto, fue especialmente agradable viajar a una escuela para animar a los ni\u00f1os a trabajar en proyectos y ense\u00f1arles sobre el medio ambiente, y en Monte Alto tambi\u00e9n nos encargamos de diversas tareas de mantenimiento, ya que los edificios de la zona requieren un cuidado regular debido a las duras condiciones meteorol\u00f3gicas.<\/p>\n<\/blockquote>\n<p><strong>\u00bfQu\u00e9 costes ha tenido que asumir?<\/strong><\/p>\n<blockquote>\n<p>Por supuesto, nuestro voluntariado debe ser totalmente independiente de las donaciones que reciba la organizaci\u00f3n. Por lo tanto, era evidente que hab\u00eda que organizar el viaje de ida y vuelta por cuenta propia. Tambi\u00e9n pagamos una tarifa diaria equivalente a 35 euros a nuestros anfitriones. En Monte Alto, el catering completo estaba incluido en el precio. En el Yatama Ecolodge, Pedro nos proporcion\u00f3 los alimentos b\u00e1sicos y nosotros compramos el resto. Pero no es mucho dinero y en Kinkajou nos permit\u00edan recoger frutos del \u00e1rbol del pan o cocos para complementar nuestra dieta.<\/p>\n<\/blockquote>\n<h2 style=\"text-align: right;\"><span style=\"font-size: xx-large;\">\u00abEs muy posible que la salamanquesa te acompa\u00f1e al ba\u00f1o&#8230;\u00bb<\/span><\/h2>\n<p><span style=\"font-size: medium;\"><strong><\/strong><\/span><\/p>\n<p><span style=\"font-size: medium;\"><strong><\/strong><\/span><\/p>\n<p><span style=\"font-size: medium;\"><strong>\u00bfQu\u00e9 consejos dar\u00eda a otros voluntarios interesados sobre la preparaci\u00f3n y la estancia?<\/strong><\/span><\/p>\n<blockquote>\n<p><span style=\"font-size: 15px; font-family: 'Source Sans Pro', sans-serif;\">Debes estar preparado para vivir en la selva tropical con muchos animales e insectos, por lo que es muy posible que un geco te acompa\u00f1e al ba\u00f1o o que un sapo se asome a la veranda por la noche. Pero no es demasiado tr\u00e1gico y uno se acostumbra poco a poco. Pedro conoce muy bien los alrededores de la Reserva Kinkajou, donde tambi\u00e9n hay serpientes muy venenosas y otros animales ex\u00f3ticos. Si sigues sus \u00abinstrucciones de seguridad\u00bb y consejos y prestas mucha atenci\u00f3n a tu entorno cuando salgas a pasear, estar\u00e1s en el lado seguro.<\/span><\/p>\n<p>Se recomienda llevar ropa larga y holgada y botas de agua, si caben en el equipaje. Especialmente si le gusta caminar por la selva, no hay calzado m\u00e1s adecuado que un buen par de botas de agua. En los d\u00edas de lluvia, puede ocurrir que te hundas en el barro hasta casi las rodillas. Especialmente si se aloja en el Yatama Ecolodge, tambi\u00e9n es aconsejable no llevar sus piezas favoritas en el equipaje. Con la alta humedad, secar la ropa es un caso casi perdido, sobre todo en \u00e9poca de lluvias, y prendas que ni siquiera sab\u00edas que eran capaces de ello empiezan a enmohecerse&#8230; despu\u00e9s de las dos semanas ya sabemos de lo que hablamos. Es posible que algunas de las manchas no puedan eliminarse o que el blanqueo con cloro sea la \u00fanica opci\u00f3n que quede. En general, sin embargo, podemos decir que los peque\u00f1os percances merecen sin duda la experiencia y que podemos pasar por alto un par de manchas en el suelo con los momentos \u00fanicos que pudimos vivir.<\/p>\n<p>Tambi\u00e9n es muy recomendable tener conocimientos b\u00e1sicos de espa\u00f1ol. Pedro habla muy bien ingl\u00e9s en Reserva Kinkajou, pero el resto del personal no. De lo contrario, merece la pena que Tropica Verde hable de tus aptitudes, porque as\u00ed los socios del proyecto podr\u00e1n utilizarte de diversas maneras sobre el terreno y tambi\u00e9n podr\u00e1s trabajar como profesor de ingl\u00e9s en un abrir y cerrar de ojos.<\/p>\n<p>Si surg\u00eda alguna duda o pregunta, siempre hab\u00eda alguien a quien pod\u00edamos recurrir durante todo el proyecto. En cualquier caso, podemos alabar enormemente al equipo de asistencia.<\/p>\n<p>Y&#8230; \u00a1\u00e1nimo! Tampoco somos especialistas y no hemos estudiado biolog\u00eda. No obstante, todo el mundo puede contribuir a proteger el medio ambiente: al fin y al cabo, nos afecta a todos. Compartimos diligentemente nuestras experiencias y esperamos sensibilizar a nuestros semejantes lo mejor que podamos.<\/p>\n<\/blockquote>\n<p><span style=\"font-size: large;\"><em>Muchas gracias por la entrevista, queridos Bastienne y Freya. Desde Tropica Verde les agradecemos su colaboraci\u00f3n y compromiso y les deseamos lo mejor y mucho \u00e9xito para el futuro.<\/em><\/span><\/p>[\/et_pb_text][et_pb_image src=\u00bbhttps:\/\/tropica-verde.de\/wp-content\/uploads\/2023\/10\/Foto-Freya-und-Bastienne5.jpg\u00bb alt=\u00bbVoluntarios Freya y Bastienne con Stefan Rother\u00bb title_text=\u00bb  Freya y Bastienne con Stefan\u00bb _builder_version=\u00bb4.16&#8243; _module_preset=\u00bbdefault\u00bb global_colors_info=\u00bb{}\u00bb][\/et_pb_image][\/et_pb_column][\/et_pb_row][et_pb_row column_structure=\u00bb1_5,3_5,1_5&#8243; module_id=\u00bbvolontariat\u00bb _builder_version=\u00bb4.16&#8243; _module_preset=\u00bbdefault\u00bb background_color=\u00bb#e9eeea\u00bb global_colors_info=\u00bb{}\u00bb theme_builder_area=\u00bbpost_content\u00bb][et_pb_column type=\u00bb1_5&#8243; _builder_version=\u00bb4.16&#8243; _module_preset=\u00bbdefault\u00bb global_colors_info=\u00bb{}\u00bb theme_builder_area=\u00bbpost_content\u00bb][et_pb_code raw_content_tablet=\u00bb<span class='et-pb-icon' style=%22color:#238da2; font-size:41px%22>=<\/span>\u00bb raw_content_phone=\u00bb\u00bb raw_content_last_edited=\u00bbon|tablet\u00bb _builder_version=\u00bb4.16&#8243; _module_preset=\u00bbdefault\u00bb text_orientation=\u00bbright\u00bb custom_padding=\u00bb8px|||20px|false|false\u00bb text_orientation_tablet=\u00bbcenter\u00bb text_orientation_phone=\u00bb\u00bb text_orientation_last_edited=\u00bbon|phone\u00bb global_colors_info=\u00bb{}\u00bb theme_builder_area=\u00bbpost_content\u00bb]<span class=\"et-pb-icon\" style=\"color:#238da2; font-size:30px\">$<\/span>[\/et_pb_code][\/et_pb_column][et_pb_column type=\u00bb3_5&#8243; _builder_version=\u00bb4.16&#8243; _module_preset=\u00bbdefault\u00bb custom_padding_tablet=\u00bb|20px||20px|false|false\u00bb custom_padding_phone=\u00bb|20px||20px|false|false\u00bb custom_padding_last_edited=\u00bbon|tablet\u00bb global_colors_info=\u00bb{}\u00bb theme_builder_area=\u00bbpost_content\u00bb][et_pb_text _builder_version=\u00bb4.16&#8243; _module_preset=\u00bbdefault\u00bb custom_margin=\u00bb||17px|||\u00bb global_colors_info=\u00bb{}\u00bb theme_builder_area=\u00bbpost_content\u00bb]<h2>VOLONTARIAT<\/h2>\n<h3 class=\"serif\">\u00bfLe gustar\u00eda ser voluntario en Costa Rica para ayudar a proteger la selva tropical y sus especies? Estaremos encantados de organizarle unas pr\u00e1cticas con uno de nuestros socios de proyecto. P\u00f3ngase en contacto con nosotros en la oficina de informaci\u00f3n.<\/h3>[\/et_pb_text][et_pb_button button_url=\u00bbhttps:\/\/tropica-verde.de\/es\/contactenos\/\u00bb button_text=\u00bbCONTACTO\u00bb _builder_version=\u00bb4.16&#8243; _module_preset=\u00bb70b994c3-2b68-43f9-baa1-aee328fdc428&#8243; button_border_color=\u00bbRGBA(0,0,0,0)\u00bb custom_margin=\u00bb|||20px|false|false\u00bb global_colors_info=\u00bb{}\u00bb theme_builder_area=\u00bbpost_content\u00bb][\/et_pb_button][\/et_pb_column][et_pb_column type=\u00bb1_5&#8243; _builder_version=\u00bb4.16&#8243; _module_preset=\u00bbdefault\u00bb global_colors_info=\u00bb{}\u00bb theme_builder_area=\u00bbpost_content\u00bb][\/et_pb_column][\/et_pb_row][\/et_pb_section]<!-- \/wp:post-content -->","protected":false},"excerpt":{"rendered":"<p>\u00bfQuieres saber m\u00e1s sobre el voluntariado en Tropica Verde? Entonces ha venido al lugar adecuado. Nuestros voluntarios Bastienne y Freya hablan de sus experiencias en Costa Rica<\/p>\n","protected":false},"author":5,"featured_media":237969,"comment_status":"open","ping_status":"open","sticky":false,"template":"","format":"standard","meta":{"_et_pb_use_builder":"on","_et_pb_old_content":"","_et_gb_content_width":"","inline_featured_image":false,"footnotes":""},"categories":[228,155,243,205,157],"tags":[158,273,196],"class_list":["post-239607","post","type-post","status-publish","format-standard","has-post-thumbnail","hentry","category-labor-educativa-en-costa-rica","category-monte-alto-es","category-reserva-kinkajou-es","category-testimonios","category-trabajo-educativo-en-alemania","tag-costa-rica-es","tag-periodo-de-practicas","tag-proteccion-de-la-selva-tropical"],"_links":{"self":[{"href":"https:\/\/tropica-verde.de\/es\/wp-json\/wp\/v2\/posts\/239607","targetHints":{"allow":["GET"]}}],"collection":[{"href":"https:\/\/tropica-verde.de\/es\/wp-json\/wp\/v2\/posts"}],"about":[{"href":"https:\/\/tropica-verde.de\/es\/wp-json\/wp\/v2\/types\/post"}],"author":[{"embeddable":true,"href":"https:\/\/tropica-verde.de\/es\/wp-json\/wp\/v2\/users\/5"}],"replies":[{"embeddable":true,"href":"https:\/\/tropica-verde.de\/es\/wp-json\/wp\/v2\/comments?post=239607"}],"version-history":[{"count":2,"href":"https:\/\/tropica-verde.de\/es\/wp-json\/wp\/v2\/posts\/239607\/revisions"}],"predecessor-version":[{"id":244343,"href":"https:\/\/tropica-verde.de\/es\/wp-json\/wp\/v2\/posts\/239607\/revisions\/244343"}],"wp:featuredmedia":[{"embeddable":true,"href":"https:\/\/tropica-verde.de\/es\/wp-json\/wp\/v2\/media\/237969"}],"wp:attachment":[{"href":"https:\/\/tropica-verde.de\/es\/wp-json\/wp\/v2\/media?parent=239607"}],"wp:term":[{"taxonomy":"category","embeddable":true,"href":"https:\/\/tropica-verde.de\/es\/wp-json\/wp\/v2\/categories?post=239607"},{"taxonomy":"post_tag","embeddable":true,"href":"https:\/\/tropica-verde.de\/es\/wp-json\/wp\/v2\/tags?post=239607"}],"curies":[{"name":"wp","href":"https:\/\/api.w.org\/{rel}","templated":true}]}}