{"id":239521,"date":"2024-04-13T23:52:43","date_gmt":"2024-04-13T21:52:43","guid":{"rendered":"https:\/\/tropica-verde.de\/compromiso-con-la-selva-tropical-una-mirada-entre-bastidores-con-lilith\/"},"modified":"2025-05-26T18:23:43","modified_gmt":"2025-05-26T16:23:43","slug":"compromiso-con-la-selva-tropical-una-mirada-entre-bastidores-con-lilith","status":"publish","type":"post","link":"https:\/\/tropica-verde.de\/es\/compromiso-con-la-selva-tropical-una-mirada-entre-bastidores-con-lilith\/","title":{"rendered":"Compromiso con la selva tropical: una mirada entre bastidores con Lilith"},"content":{"rendered":"[et_pb_section fb_built=\u00bb1&#8243; admin_label=\u00bbsection\u00bb _builder_version=\u00bb4.16&#8243; min_height=\u00bb2728.1px\u00bb global_colors_info=\u00bb{}\u00bb][et_pb_row column_structure=\u00bb1_2,1_2&#8243; _builder_version=\u00bb4.16&#8243; _module_preset=\u00bbdefault\u00bb min_height=\u00bb382.6px\u00bb global_colors_info=\u00bb{}\u00bb][et_pb_column type=\u00bb1_2&#8243; _builder_version=\u00bb4.16&#8243; _module_preset=\u00bbdefault\u00bb global_colors_info=\u00bb{}\u00bb][et_pb_text _builder_version=\u00bb4.23.1&#8243; _module_preset=\u00bbdefault\u00bb width=\u00bb100%\u00bb global_colors_info=\u00bb{}\u00bb]<h2>Voluntariado en Tropica Verde  <span style=\"font-size: 15px; color: #575656; font-family: 'Source Sans Pro', sans-serif; font-weight: 400;\"> <\/span><\/h2>\n<p><strong><span style=\"font-size: 15px; color: #575656; font-family: 'Source Sans Pro', sans-serif;\">Bienvenidos a nuestra entrevista exclusiva con Lilith F\u00e4sing, comprometida colaboradora de Tropica Verde.<\/span><\/strong><\/p>\n<p><span style=\"font-size: 15px; color: #575656; font-family: 'Source Sans Pro', sans-serif;\">  Hoy nos cuenta su viaje a Costa Rica, donde conoci\u00f3 Tropica Verde, y nos habla de su actual y significativo voluntariado en el campo de las redes sociales.<\/span><span style=\"font-size: 15px; color: #575656; font-family: 'Source Sans Pro', sans-serif; font-weight: 400;\"><\/span><span style=\"font-size: 15px; color: #575656; font-family: 'Source Sans Pro', sans-serif; font-weight: 400;\"><\/span><\/p>\n<p><span style=\"font-size: 15px; color: #575656; font-family: 'Source Sans Pro', sans-serif;\">Conozca mejor c\u00f3mo Lilith utiliza sus experiencias personales y enfoques creativos para dar a conocer los proyectos de Tropica Verde y el impacto que sus esfuerzos tienen en la comunidad y el medio ambiente.  <\/span><\/p>[\/et_pb_text][\/et_pb_column][et_pb_column type=\u00bb1_2&#8243; _builder_version=\u00bb4.16&#8243; _module_preset=\u00bbdefault\u00bb global_colors_info=\u00bb{}\u00bb][et_pb_image src=\u00bbhttps:\/\/tropica-verde.de\/wp-content\/uploads\/2023\/12\/Reserva-Kinkajou-Volontaerin-Lilith-scaled.jpg\u00bb alt=\u00bbLilith en la selva tropical de la Reserva Kinkajou\u00bb title_text=\u00bbLilith en la selva tropical de la Reserva Kinkajou\u00bb align=\u00bbcenter\u00bb _builder_version=\u00bb4.23.1&#8243; _module_preset=\u00bbdefault\u00bb width=\u00bb100%\u00bb module_alignment=\u00bbcenter\u00bb max_height=\u00bb445px\u00bb custom_margin=\u00bb||-3px|||\u00bb custom_padding=\u00bb||0px|||\u00bb locked=\u00bboff\u00bb global_colors_info=\u00bb{}\u00bb][\/et_pb_image][\/et_pb_column][\/et_pb_row][et_pb_row admin_label=\u00bbfila\u00bb _builder_version=\u00bb4.16&#8243; background_size=\u00bbinitial\u00bb background_position=\u00bbtop_left\u00bb background_repeat=\u00bbrepeat\u00bb custom_margin=\u00bb|auto|-43px|auto||\u00bb global_colors_info=\u00bb{}\u00bb][et_pb_column type=\u00bb4_4&#8243; _builder_version=\u00bb4.16&#8243; custom_padding=\u00bb|||\u00bb global_colors_info=\u00bb{}\u00bb custom_padding__hover=\u00bb|||\u00bb][et_pb_text admin_label=\u00bbText\u00bb _builder_version=\u00bb4.23.1&#8243; background_size=\u00bbinitial\u00bb background_position=\u00bbtop_left\u00bb background_repeat=\u00bbrepeat\u00bb min_height=\u00bb363.4px\u00bb custom_padding=\u00bb||0px|||\u00bb global_colors_info=\u00bb{}\u00bb]<h2>Entrevista con nuestra voluntaria Lilith F\u00e4sing<span style=\"font-size: 15px; color: #575656; font-family: 'Source Sans Pro', sans-serif; font-weight: 400;\"><\/span><\/h2>\n<h2><span style=\"font-size: 15px; color: #575656; font-family: 'Source Sans Pro', sans-serif; font-weight: 400;\"><\/span><\/h2>\n<h2><span style=\"font-size: 15px; color: #575656; font-family: 'Source Sans Pro', sans-serif; font-weight: 400;\">Sumerj\u00e1monos juntos en su mundo y escuchemos los momentos inspiradores que han caracterizado su trabajo voluntario. Disfrute leyendo esta fascinante entrevista.<\/span><\/h2>\n<p><span style=\"font-size: 15px; color: #575656; font-family: 'Source Sans Pro', sans-serif; font-weight: 400;\"><\/span><\/p>\n<p><strong>\u00bfC\u00f3mo conoci\u00f3 Tropica Verde?<\/strong><\/p>\n<blockquote>\n<p>  Conoc\u00ed Tropica Verde gracias a un amigo que estuvo en Costa Rica conmigo.<\/p>\n<\/blockquote>\n<p><strong>\u00bfPuede hablarnos de su experiencia personal con Tropica Verde y los proyectos en Costa Rica?<\/strong><\/p>\n<blockquote>\n<p>  En Costa Rica conoc\u00ed por casualidad al Dr. Stefan Rother. Esto me permiti\u00f3 visitar la<a href=\"https:\/\/tropica-verde.de\/projekte-alt\/reserva-finca-curre\/\"> Finca Curr\u00e9<\/a> y la <a href=\"https:\/\/tropica-verde.de\/es\/proyectos\/reserva-kinkajou\/\">Reserva Kinkajou<\/a> y me dio una visi\u00f3n profunda de estos dos proyectos.<\/p>\n<\/blockquote>\n<p><strong>\u00bfQu\u00e9 tareas espec\u00edficas de voluntariado lleva a cabo en los canales de medios sociales de Tropica Verde?<\/strong><\/p>\n<blockquote>\n<p>Creo historias para Instagram y Facebook, y dependiendo del tema, tambi\u00e9n creo posts informativos en Canva.<\/p>\n<\/blockquote>\n<p><\/p>[\/et_pb_text][\/et_pb_column][\/et_pb_row][et_pb_row column_structure=\u00bb1_2,1_2&#8243; _builder_version=\u00bb4.23.1&#8243; _module_preset=\u00bbdefault\u00bb min_height=\u00bb651.6px\u00bb custom_margin=\u00bb|auto|-112px|auto||\u00bb global_colors_info=\u00bb{}\u00bb][et_pb_column type=\u00bb1_2&#8243; _builder_version=\u00bb4.23.1&#8243; _module_preset=\u00bbdefault\u00bb global_colors_info=\u00bb{}\u00bb][et_pb_gallery gallery_ids=\u00bb238380,238383&#8243; fullwidth=\u00bbon\u00bb _builder_version=\u00bb4.23.1&#8243; _module_preset=\u00bbdefault\u00bb global_colors_info=\u00bb{}\u00bb][\/et_pb_gallery][\/et_pb_column][et_pb_column type=\u00bb1_2&#8243; _builder_version=\u00bb4.23.1&#8243; _module_preset=\u00bbdefault\u00bb global_colors_info=\u00bb{}\u00bb][et_pb_text _builder_version=\u00bb4.23.1&#8243; _module_preset=\u00bbdefault\u00bb width=\u00bb100%\u00bb global_colors_info=\u00bb{}\u00bb]<blockquote><\/blockquote>\n<p><strong>\u00bfQu\u00e9 impacto ha tenido su trabajo voluntario en la comunidad o el medio ambiente?<\/strong><\/p>\n<blockquote>\n<p>Me he dado cuenta de que hay mucho inter\u00e9s por el tema de la protecci\u00f3n de la selva tropical y que se puede llegar a mucha gente a trav\u00e9s de los canales sociales.<\/p>\n<\/blockquote>\n<p><strong>\u00bfPuede hablarnos de un momento especialmente exitoso de su voluntariado?<\/strong><\/p>\n<blockquote>\n<p>Me ha alegrado mucho ver que el art\u00edculo sobre los diversos proyectos de Tropica Verde ha tenido una buena acogida. Me he esforzado mucho para que sea descriptiva.<\/p>\n<\/blockquote>\n<h2 style=\"text-align: right;\"><span style=\"font-size: xx-large;\">\u00abSiempre se busca apoyo\u00bb<\/span><\/h2>\n<p style=\"text-align: left;\"><strong><\/strong><\/p>\n<blockquote><\/blockquote>[\/et_pb_text][\/et_pb_column][\/et_pb_row][et_pb_row _builder_version=\u00bb4.23.1&#8243; _module_preset=\u00bbdefault\u00bb global_colors_info=\u00bb{}\u00bb][et_pb_column type=\u00bb4_4&#8243; _builder_version=\u00bb4.23.1&#8243; _module_preset=\u00bbdefault\u00bb global_colors_info=\u00bb{}\u00bb][et_pb_text _builder_version=\u00bb4.23.1&#8243; _module_preset=\u00bbdefault\u00bb custom_padding=\u00bb||0px|||\u00bb global_colors_info=\u00bb{}\u00bb]<h2 style=\"text-align: right;\"><\/h2>\n<blockquote><\/blockquote>\n<p><strong>\u00bfTienes objetivos o proyectos espec\u00edficos que te ilusionen en tu futuro voluntariado con Tropica Verde?<\/strong><\/p>\n<blockquote>\n<p>Me gustar\u00eda seguir trabajando en art\u00edculos sobre animales con hechos. Me gusta que se pueda aprender sobre ella y que muestre especialmente lo diversa y \u00fanica que es la selva tropical.<\/p>\n<\/blockquote>\n<p><strong>\u00bfQu\u00e9 recomendar\u00eda a otras personas interesadas en trabajar como voluntarios en Tropica Verde?<\/strong><\/p>\n<blockquote>\n<p>Recomiendo a quien est\u00e9 interesado que se anime y se ponga en contacto con la asociaci\u00f3n. Siempre se busca apoyo.<\/p>\n<\/blockquote>\n<p><strong>\u00bfExisten aptitudes o cualidades espec\u00edficas que resulten especialmente \u00fatiles a la hora de trabajar en canales de medios sociales para organizaciones ben\u00e9ficas?<\/strong><\/p>\n<blockquote>\n<p>Creo que la creatividad y la continuidad son de gran importancia en el sector de los medios sociales.<\/p>\n<\/blockquote>\n<p><span style=\"font-size: large;\">\n  <em>\n    <strong>Muchas gracias, Lilith, por realizar la entrevista con nosotros y compartir tus experiencias. <\/strong>\n  <\/em>\n<\/span><span style=\"font-size: large;\">\n  <em>\n    <strong>W<\/strong>\n  <\/em>\n<\/span><span style=\"font-size: large;\">\n  <em>\n    <strong>e encanta tu trabajo voluntario en el \u00e1mbito de los medios sociales. <\/strong>\n  <\/em>\n<\/span><span style=\"font-size: large;\">\n  <em>\n    <strong>Tu compromiso es inestimable para nosotros.<\/strong>\n  <\/em>\n<\/span><\/p>[\/et_pb_text][\/et_pb_column][\/et_pb_row][et_pb_row column_structure=\u00bb1_5,3_5,1_5&#8243; module_id=\u00bbvolontariat\u00bb _builder_version=\u00bb4.16&#8243; _module_preset=\u00bbdefault\u00bb background_color=\u00bb#e9eeea\u00bb global_colors_info=\u00bb{}\u00bb][et_pb_column type=\u00bb1_5&#8243; _builder_version=\u00bb4.16&#8243; _module_preset=\u00bbdefault\u00bb global_colors_info=\u00bb{}\u00bb][et_pb_code raw_content_tablet=\u00bb<span class='et-pb-icon' style=%22color:#238da2; font-size:41px%22>=<\/span>\u00bb raw_content_phone=\u00bb\u00bb raw_content_last_edited=\u00bbon|tablet\u00bb _builder_version=\u00bb4.16&#8243; _module_preset=\u00bbdefault\u00bb text_orientation=\u00bbright\u00bb custom_padding=\u00bb8px|||20px|false|false\u00bb text_orientation_tablet=\u00bbcenter\u00bb text_orientation_phone=\u00bb\u00bb text_orientation_last_edited=\u00bbon|phone\u00bb global_colors_info=\u00bb{}\u00bb]<span class=\"et-pb-icon\" style=\"color:#238da2; font-size:30px\">$<\/span>[\/et_pb_code][\/et_pb_column][et_pb_column type=\u00bb3_5&#8243; _builder_version=\u00bb4.16&#8243; _module_preset=\u00bbdefault\u00bb custom_padding_tablet=\u00bb|20px||20px|false|false\u00bb custom_padding_phone=\u00bb|20px||20px|false|false\u00bb custom_padding_last_edited=\u00bbon|tablet\u00bb global_colors_info=\u00bb{}\u00bb][et_pb_text _builder_version=\u00bb4.16&#8243; _module_preset=\u00bbdefault\u00bb custom_margin=\u00bb||17px|||\u00bb global_colors_info=\u00bb{}\u00bb]<h2>CARGO HONOR\u00cdFICO<\/h2>\n<h3 class=\"serif\">\u00bfDesea realizar un voluntariado en Alemania para la conservaci\u00f3n de la selva tropical y las especies de Costa Rica? Desde la recaudaci\u00f3n de fondos hasta las redes sociales o el trabajo en el consejo de administraci\u00f3n: \u00a1aqu\u00ed puedes hacer muchas cosas! P\u00f3ngase en contacto con nosotros en la oficina de informaci\u00f3n.<\/h3>[\/et_pb_text][et_pb_button button_url=\u00bbhttps:\/\/tropica-verde.de\/es\/contactenos\/\u00bb button_text=\u00bbCONTACTO\u00bb _builder_version=\u00bb4.16&#8243; _module_preset=\u00bb70b994c3-2b68-43f9-baa1-aee328fdc428&#8243; button_border_color=\u00bbRGBA(0,0,0,0)\u00bb custom_margin=\u00bb|||20px|false|false\u00bb global_colors_info=\u00bb{}\u00bb][\/et_pb_button][\/et_pb_column][et_pb_column type=\u00bb1_5&#8243; _builder_version=\u00bb4.16&#8243; _module_preset=\u00bbdefault\u00bb global_colors_info=\u00bb{}\u00bb][\/et_pb_column][\/et_pb_row][\/et_pb_section]<!-- \/wp:post-content -->","protected":false},"excerpt":{"rendered":"<p>\u00bfEst\u00e1s interesado en ser voluntario en Tropica Verde? En esta entrevista, Lilith nos cuenta su experiencia como voluntaria en nuestra organizaci\u00f3n: qu\u00e9 hace, d\u00f3nde ha estado y c\u00f3mo lleg\u00f3 hasta nosotros. \u00a1Lea ahora!<\/p>\n","protected":false},"author":5,"featured_media":238388,"comment_status":"open","ping_status":"open","sticky":false,"template":"","format":"standard","meta":{"_et_pb_use_builder":"on","_et_pb_old_content":"","_et_gb_content_width":"","inline_featured_image":false,"footnotes":""},"categories":[147],"tags":[158,273,196],"class_list":["post-239521","post","type-post","status-publish","format-standard","has-post-thumbnail","hentry","category-todo-lo-demas-sobre-el-club","tag-costa-rica-es","tag-periodo-de-practicas","tag-proteccion-de-la-selva-tropical"],"_links":{"self":[{"href":"https:\/\/tropica-verde.de\/es\/wp-json\/wp\/v2\/posts\/239521","targetHints":{"allow":["GET"]}}],"collection":[{"href":"https:\/\/tropica-verde.de\/es\/wp-json\/wp\/v2\/posts"}],"about":[{"href":"https:\/\/tropica-verde.de\/es\/wp-json\/wp\/v2\/types\/post"}],"author":[{"embeddable":true,"href":"https:\/\/tropica-verde.de\/es\/wp-json\/wp\/v2\/users\/5"}],"replies":[{"embeddable":true,"href":"https:\/\/tropica-verde.de\/es\/wp-json\/wp\/v2\/comments?post=239521"}],"version-history":[{"count":14,"href":"https:\/\/tropica-verde.de\/es\/wp-json\/wp\/v2\/posts\/239521\/revisions"}],"predecessor-version":[{"id":247666,"href":"https:\/\/tropica-verde.de\/es\/wp-json\/wp\/v2\/posts\/239521\/revisions\/247666"}],"wp:featuredmedia":[{"embeddable":true,"href":"https:\/\/tropica-verde.de\/es\/wp-json\/wp\/v2\/media\/238388"}],"wp:attachment":[{"href":"https:\/\/tropica-verde.de\/es\/wp-json\/wp\/v2\/media?parent=239521"}],"wp:term":[{"taxonomy":"category","embeddable":true,"href":"https:\/\/tropica-verde.de\/es\/wp-json\/wp\/v2\/categories?post=239521"},{"taxonomy":"post_tag","embeddable":true,"href":"https:\/\/tropica-verde.de\/es\/wp-json\/wp\/v2\/tags?post=239521"}],"curies":[{"name":"wp","href":"https:\/\/api.w.org\/{rel}","templated":true}]}}