{"id":239503,"date":"2024-04-13T23:52:42","date_gmt":"2024-04-13T21:52:42","guid":{"rendered":"https:\/\/tropica-verde.de\/revision-del-ano-2023-como-se-desarrollaron-nuestros-proyectos\/"},"modified":"2024-04-13T23:52:52","modified_gmt":"2024-04-13T21:52:52","slug":"revision-del-ano-2023-como-se-desarrollaron-nuestros-proyectos","status":"publish","type":"post","link":"https:\/\/tropica-verde.de\/es\/revision-del-ano-2023-como-se-desarrollaron-nuestros-proyectos\/","title":{"rendered":"Revisi\u00f3n del a\u00f1o 2023: C\u00f3mo se desarrollaron nuestros proyectos"},"content":{"rendered":"<p>[et_pb_section fb_built=\u00bb1&#8243; admin_label=\u00bbsection\u00bb _builder_version=\u00bb4.16&#8243; global_colors_info=\u00bb{}\u00bb][et_pb_row admin_label=\u00bbfila\u00bb _builder_version=\u00bb4.16&#8243; background_size=\u00bbinitial\u00bb background_position=\u00bbtop_left\u00bb background_repeat=\u00bbrepeat\u00bb global_colors_info=\u00bb{}\u00bb][et_pb_column type=\u00bb4_4&#8243; _builder_version=\u00bb4.16&#8243; custom_padding=\u00bb|||\u00bb global_colors_info=\u00bb{}\u00bb custom_padding__hover=\u00bb|||\u00bb][et_pb_text admin_label=\u00bbText\u00bb _builder_version=\u00bb4.16&#8243; background_size=\u00bbinitial\u00bb background_position=\u00bbtop_left\u00bb background_repeat=\u00bbrepeat\u00bb global_colors_info=\u00bb{}\u00bb]<\/p>\n<h2>Cooperaci\u00f3n, caza furtiva y educaci\u00f3n medioambiental<\/h2>\n<p>2023 fue un a\u00f1o muy intenso en cuanto al trabajo de nuestros proyectos en Costa Rica. Acabo de regresar de otras seis semanas en el pa\u00eds, poco antes de Navidad, y me he llevado muchas impresiones positivas de las conversaciones con todos nuestros socios de proyecto. S\u00f3lo en 2023, \u00a1se han a\u00f1adido 4 nuevas organizaciones asociadas!  <\/p>\n<p>[\/et_pb_text][\/et_pb_column][\/et_pb_row][et_pb_row column_structure=\u00bb1_2,1_2&#8243; _builder_version=\u00bb4.23.1&#8243; _module_preset=\u00bbdefault\u00bb global_colors_info=\u00bb{}\u00bb][et_pb_column type=\u00bb1_2&#8243; _builder_version=\u00bb4.23.1&#8243; _module_preset=\u00bbdefault\u00bb global_colors_info=\u00bb{}\u00bb][et_pb_image src=\u00bbhttps:\/\/tropica-verde.de\/wp-content\/uploads\/2023\/12\/Gruppendiskussion-beim-Monte-Alto-Workshop-IMG_4533.jpg\u00bb alt=\u00bbTrabajo en red y colaboraci\u00f3n: debate de grupo en el taller de Monte Alto  \u00bb title_text=\u00bbTrabajo en red y colaboraci\u00f3n: debate de grupo en el taller de Monte Alto\u00bb _builder_version=\u00bb4.23.1&#8243; _module_preset=\u00bbdefault\u00bb global_colors_info=\u00bb{}\u00bb][\/et_pb_image][\/et_pb_column][et_pb_column type=\u00bb1_2&#8243; _builder_version=\u00bb4.23.1&#8243; _module_preset=\u00bbdefault\u00bb global_colors_info=\u00bb{}\u00bb][et_pb_text _builder_version=\u00bb4.23.1&#8243; _module_preset=\u00bbdefault\u00bb global_colors_info=\u00bb{}\u00bb]<\/p>\n<p>En 2023 tambi\u00e9n nos acercamos mucho m\u00e1s, con una <strong>colaboraci\u00f3n m\u00e1s intensa<\/strong> y un di\u00e1logo regular. Lanzamos todo esto en 2022 con nuestro primer taller, y esto fue  <strong>Principios de dic. 2023 en el taller de <a href=\"https:\/\/www.instagram.com\/tropicaverde\/\" rel=\"nofollow noopener\" target=\"_blank\">Monte Alto<\/a><\/strong>  continu\u00f3 con \u00e9xito. Ahora lo llamar\u00eda una verdadera familia de conservacionistas y profesores que se apoyan mutuamente y comparten experiencias. Muy <strong>armonioso<\/strong>, muy<strong> innovador<\/strong>, muy <strong>proactivo<\/strong>. \u00a1Ese era exactamente el objetivo!<\/p>\n<p>[\/et_pb_text][\/et_pb_column][\/et_pb_row][et_pb_row _builder_version=\u00bb4.23.1&#8243; _module_preset=\u00bbdefault\u00bb global_colors_info=\u00bb{}\u00bb][et_pb_column type=\u00bb4_4&#8243; _builder_version=\u00bb4.23.1&#8243; _module_preset=\u00bbdefault\u00bb global_colors_info=\u00bb{}\u00bb][et_pb_text _builder_version=\u00bb4.23.1&#8243; _module_preset=\u00bbdefault\u00bb global_colors_info=\u00bb{}\u00bb]<\/p>\n<p>Al fin y al cabo, no s\u00f3lo hay cosas positivas que contar de Costa Rica. La<strong> caza furtiva<\/strong> ha <strong>aumentado bruscamente<\/strong> desde la pandemia y no hay indicios de que vaya a invertirse. Los encuentros nocturnos con cazadores furtivos en los bosques son ya la norma. Desgraciadamente, el Estado costarricense apenas da respuesta a esta situaci\u00f3n, aparte de la legislaci\u00f3n que proh\u00edbe estrictamente la caza furtiva en general. En nuestras zonas protegidas, apostamos mucho por la <strong>sensibilizaci\u00f3n, la educaci\u00f3n ambiental, la vigilancia y la cooperaci\u00f3n con las autoridades<\/strong> locales. Adem\u00e1s, las c\u00e1maras trampa y las pisadas regulares indican nuestra presencia. Sin embargo, tenemos las manos atadas frente a grupos armados de cazadores con jaur\u00edas de perros de caza adiestrados.<\/p>\n<p>La<strong> especulaci\u00f3n con la propiedad<\/strong> salvaje en zonas como el sur del Caribe, donde <strong>los bosques<\/strong> est\u00e1n muy <strong>parcelados<\/strong>, es tambi\u00e9n una amenaza creciente para los biocorredores. Por ello, estamos encantados de haber encontrado una nueva y joven organizaci\u00f3n asociada en ASOGUABO, con la que acabamos de firmar un acuerdo de cooperaci\u00f3n. Por un lado, esto incluye el <strong>aumento de la protecci\u00f3n del corredor biol\u00f3gico<\/strong> entre la <strong>reserva ind\u00edgena de Kek\u00f6ldi y el \u00e1rea protegida de Gandoca-Manzanillo<\/strong> mediante la creaci\u00f3n de redes entre conservacionistas y terratenientes con mentalidad ecol\u00f3gica. Tambi\u00e9n incluye labores de educaci\u00f3n y sensibilizaci\u00f3n medioambiental.<\/p>\n<p>[\/et_pb_text][\/et_pb_column][\/et_pb_row][et_pb_row column_structure=\u00bb1_2,1_2&#8243; _builder_version=\u00bb4.23.1&#8243; _module_preset=\u00bbdefault\u00bb global_colors_info=\u00bb{}\u00bb][et_pb_column type=\u00bb1_2&#8243; _builder_version=\u00bb4.23.1&#8243; _module_preset=\u00bbdefault\u00bb global_colors_info=\u00bb{}\u00bb][et_pb_text _builder_version=\u00bb4.23.1&#8243; _module_preset=\u00bbdefault\u00bb global_colors_info=\u00bb{}\u00bb]<\/p>\n<p>  En <a href=\"https:\/\/tropica-verde.de\/umweltbildung-3\/?lang=es#umweltbildung_costa_rica\"><br \/>\n  <strong>educaci\u00f3n medioambiental <\/strong><br \/>\n<\/a>de Tropica Verde en Costa Rica dio un <strong>gran salto adelante<\/strong> en 2023. Estamos muy orgullosos de ello. Con Karla Murillo, hemos podido contratar a una experta que ha puesto en marcha una aut\u00e9ntica red de educaci\u00f3n medioambiental en toda la costa caribe\u00f1a.<\/p>\n<p>Hemos podido educar a cientos de ni\u00f1os, especialmente en las regiones m\u00e1s pobres, ampliar nuestro programa de educaci\u00f3n de adultos y crear nuestra primera <strong>red de profesores<\/strong> mediante talleres presenciales y virtuales. Este programa caus\u00f3 un revuelo tan positivo que a Karla le ofrecieron un puesto de alto nivel en la Universidad de Costa Rica en primavera.<\/p>\n<p>Enhorabuena a Karla, \u00a1se lo merece de verdad!<\/p>\n<p>Nuestra tarea ahora es continuar este trabajo de forma coherente en 2024 con nuestros actuales socios de educaci\u00f3n medioambiental y nuevo personal adicional.<\/p>\n<p>[\/et_pb_text][\/et_pb_column][et_pb_column type=\u00bb1_2&#8243; _builder_version=\u00bb4.23.1&#8243; _module_preset=\u00bbdefault\u00bb global_colors_info=\u00bb{}\u00bb][et_pb_image src=\u00bbhttps:\/\/tropica-verde.de\/wp-content\/uploads\/2023\/12\/Projektleiter-und-Teilnehmerin-Siquirres-Workshop-mit-neuer-Art-IMG_4989.jpg\u00bb alt=\u00bbDirector de proyecto y participante en un taller en Siquirres con arte nuevo\u00bb title_text=\u00bbDirector de proyecto y participante en un taller en Siquirres con arte nuevo\u00bb _builder_version=\u00bb4.23.1&#8243; _module_preset=\u00bbdefault\u00bb global_colors_info=\u00bb{}\u00bb][\/et_pb_image][\/et_pb_column][\/et_pb_row][et_pb_row _builder_version=\u00bb4.23.1&#8243; _module_preset=\u00bbdefault\u00bb global_colors_info=\u00bb{}\u00bb][et_pb_column type=\u00bb4_4&#8243; _builder_version=\u00bb4.23.1&#8243; _module_preset=\u00bbdefault\u00bb global_colors_info=\u00bb{}\u00bb][et_pb_text _builder_version=\u00bb4.23.1&#8243; _module_preset=\u00bbdefault\u00bb global_colors_info=\u00bb{}\u00bb]<\/p>\n<p>No quiero escribir una larga novela en este breve art\u00edculo. Habr\u00e1 <strong>informaci\u00f3n m\u00e1s detallada <\/strong>con <strong>fotos y v\u00eddeos<\/strong> en los<strong> pr\u00f3ximos meses <\/strong>paso a paso -poco a poco- en el <strong><a href=\"https:\/\/tropica-verde.de\/contactenos\/inscripcion-al-boletin\/?lang=es\">bolet\u00edn<\/a>, en <a href=\"https:\/\/www.youtube.com\/@tropicaverde8589\" rel=\"nofollow noopener\" target=\"_blank\">YouTube<\/a> &amp; <a href=\"https:\/\/www.instagram.com\/tropicaverde\/\" rel=\"nofollow noopener\" target=\"_blank\">Instagram<\/a><\/strong> y en nuestra<strong> p\u00e1gina web <\/strong>.<\/p>\n<p>Sin embargo, puedo decir una cosa con certeza: de nuestras organizaciones asociadas, que antes trabajaban aisladas, ha <strong>surgido<\/strong> una <strong>familia realmente estupenda<\/strong>. Los dos primeros <strong>talleres<\/strong> tuvieron un <strong>efecto muy positivo<\/strong> y todas las organizaciones asociadas est\u00e1n deseando<strong> trabajar juntas con regularidad<\/strong>.<\/p>\n<p><span style=\"color: #575656;\"> <span style=\"font-size: medium;\"><strong>Y lo que es muy importante, <\/strong>todos est\u00e1n muy <a href=\"https:\/\/tropica-verde.de\/ayudardonar\/?lang=es\"><br \/>\n  <strong>muy agradecidos a los miembros y donantes<\/strong><br \/>\n<\/a> por la oportunidad de ganarse la vida con la conservaci\u00f3n de la naturaleza y la educaci\u00f3n medioambiental. Esto no es una cuesti\u00f3n de rutina y se agradece enormemente.<\/span><\/span><\/p>\n<p><span style=\"font-size: medium;\">\u00a1Les deseo a todos una Feliz Navidad! Y para 2024 s\u00f3lo puede ser: \u00a1\u00a1\u00a1Vamos!!!  <\/span><\/p>\n<p><span style=\"font-size: medium;\">Saludos cordiales, Stefan<\/span><\/p>\n<p>[\/et_pb_text][et_pb_gallery gallery_ids=\u00bb238416,238407&#8243; fullwidth=\u00bbon\u00bb _builder_version=\u00bb4.23.1&#8243; _module_preset=\u00bbdefault\u00bb global_colors_info=\u00bb{}\u00bb][\/et_pb_gallery][\/et_pb_column][\/et_pb_row][\/et_pb_section]<\/p>\n","protected":false},"excerpt":{"rendered":"<p>Cooperaci\u00f3n, caza furtiva y educaci\u00f3n medioambiental 2023 fue un a\u00f1o muy intenso en cuanto al trabajo de nuestros proyectos en Costa Rica. Acabo de regresar de otras seis semanas en el pa\u00eds, poco antes de Navidad, y me he llevado muchas impresiones positivas de las conversaciones con todos nuestros socios de proyecto. S\u00f3lo en 2023, [&hellip;]<\/p>\n","protected":false},"author":14,"featured_media":238409,"comment_status":"closed","ping_status":"open","sticky":false,"template":"","format":"standard","meta":{"_et_pb_use_builder":"on","_et_pb_old_content":"","_et_gb_content_width":"","inline_featured_image":false,"footnotes":""},"categories":[207,233,244,228,155,243,147],"tags":[],"class_list":["post-239503","post","type-post","status-publish","format-standard","has-post-thumbnail","hentry","category-finca-curre-es","category-finca-lapa-verde-es","category-gandoca","category-labor-educativa-en-costa-rica","category-monte-alto-es","category-reserva-kinkajou-es","category-todo-lo-demas-sobre-el-club"],"_links":{"self":[{"href":"https:\/\/tropica-verde.de\/es\/wp-json\/wp\/v2\/posts\/239503","targetHints":{"allow":["GET"]}}],"collection":[{"href":"https:\/\/tropica-verde.de\/es\/wp-json\/wp\/v2\/posts"}],"about":[{"href":"https:\/\/tropica-verde.de\/es\/wp-json\/wp\/v2\/types\/post"}],"author":[{"embeddable":true,"href":"https:\/\/tropica-verde.de\/es\/wp-json\/wp\/v2\/users\/14"}],"replies":[{"embeddable":true,"href":"https:\/\/tropica-verde.de\/es\/wp-json\/wp\/v2\/comments?post=239503"}],"version-history":[{"count":10,"href":"https:\/\/tropica-verde.de\/es\/wp-json\/wp\/v2\/posts\/239503\/revisions"}],"predecessor-version":[{"id":239666,"href":"https:\/\/tropica-verde.de\/es\/wp-json\/wp\/v2\/posts\/239503\/revisions\/239666"}],"wp:featuredmedia":[{"embeddable":true,"href":"https:\/\/tropica-verde.de\/es\/wp-json\/wp\/v2\/media\/238409"}],"wp:attachment":[{"href":"https:\/\/tropica-verde.de\/es\/wp-json\/wp\/v2\/media?parent=239503"}],"wp:term":[{"taxonomy":"category","embeddable":true,"href":"https:\/\/tropica-verde.de\/es\/wp-json\/wp\/v2\/categories?post=239503"},{"taxonomy":"post_tag","embeddable":true,"href":"https:\/\/tropica-verde.de\/es\/wp-json\/wp\/v2\/tags?post=239503"}],"curies":[{"name":"wp","href":"https:\/\/api.w.org\/{rel}","templated":true}]}}