{"id":239495,"date":"2024-04-13T23:52:39","date_gmt":"2024-04-13T21:52:39","guid":{"rendered":"https:\/\/tropica-verde.de\/conferencia-en-el-planetario-de-hamburgo-la-fascinacion-de-la-selva-tropical\/"},"modified":"2024-07-05T00:08:58","modified_gmt":"2024-07-04T22:08:58","slug":"conferencia-en-el-planetario-de-hamburgo-la-fascinacion-de-la-selva-tropical","status":"publish","type":"post","link":"https:\/\/tropica-verde.de\/es\/conferencia-en-el-planetario-de-hamburgo-la-fascinacion-de-la-selva-tropical\/","title":{"rendered":"Conferencia en el Planetario de Hamburgo: La fascinaci\u00f3n de la selva tropical"},"content":{"rendered":"<p>[et_pb_section admin_label=\u00bbsection\u00bb]<br \/>[et_pb_row admin_label=\u00bbfila\u00bb]<br \/>[et_pb_column type=\u00bb4_4&#8243;][et_pb_text admin_label=\u00bbText\u00bb]<\/p>\n\n<p><strong>El 26 de septiembre de 2023 volver\u00e1 a ser el momento: el coordinador del proyecto, el Dr. Stefan Rother, ofrecer\u00e1 su divertida e informativa presentaci\u00f3n con fascinantes im\u00e1genes. Esta vez nos dirigimos al norte: al Planetario de Hamburgo.<\/strong><\/p>\n\n<figure class=\"wp-block-image alignleft is-resized\"><img loading=\"lazy\" decoding=\"async\" src=\"https:\/\/tropica-verde.de\/wp-content\/uploads\/2023\/08\/Vortrag-Faszination-Regenwald_Instagram-1-300x300.png\" alt=\"Conferencia: Fascinaci&#xF3;n por la selva tropical el 26.09.2023\" class=\"wp-image-237845\" style=\"width:252px;height:252px\" width=\"252\" height=\"252\" title=\"\"><\/figure>\n\n<p>Durante sus 30 a\u00f1os de compromiso con la protecci\u00f3n de las selvas tropicales, el bi\u00f3logo Dr. Stefan Rother ha recopilado numerosas series fotogr\u00e1ficas llenas de colorido e historias cautivadoras. En un emocionante espect\u00e1culo multimedia, te lleva por los bosques tropicales de Costa Rica, con p\u00e1jaros chillones, ranas de colores brillantes y cazadores bien camuflados.  <\/p>\n\n<p>Esta velada es una gran oportunidad para dejarse cautivar por la biodiversidad de Costa Rica y aprender m\u00e1s sobre el trabajo de Tropica Verde al mismo tiempo. Si se encuentra en Hamburgo o sus alrededores, no deje de visitarnos.<\/p>\n\n<p>\u00bfO tal vez conozca a amigos de amigos de amigos que sean aficionados a la conservaci\u00f3n de la naturaleza, a Costa Rica o simplemente a la fotograf\u00eda de naturaleza y vida salvaje? Pues inv\u00edtales.<\/p>\n\n<p>Estamos deseando ver a uno u otro all\u00ed.<\/p>\n\n<p><\/p>\n\n<h2 class=\"wp-block-heading\"><strong>Todos los detalles de un vistazo<\/strong><\/h2>\n\n<ul class=\"wp-block-list\">\n<li><strong>martes, 26.09.2023<\/strong><\/li>\n\n\n\n<li><strong>Inicio: 19:30<\/strong><\/li>\n\n\n\n<li><strong>Duraci\u00f3n: 90 minutos aproximadamente<\/strong><\/li>\n\n\n\n<li><strong>Entrada: 12,- Euro, reducida 7,50 Euro<\/strong><\/li>\n<\/ul>\n\n<p><a href=\"https:\/\/www.planetarium-hamburg.de\/de\/veranstaltungen-tickets\/details\/vortrag-faszination-regenwald\" rel=\"nofollow noopener\" target=\"_blank\">Haga clic aqu\u00ed para conseguir entradas para el acto en la p\u00e1gina web del Planetario de Hamburgo<\/a><\/p>\n\n<p>Planetario de Hamburgo<br\/>Linnering 1 (parque municipal)<br\/>22299 Hamburgo<br\/>Alemania<\/p>\n\n<figure class=\"wp-block-gallery has-nested-images columns-default is-cropped wp-block-gallery-1 is-layout-flex wp-block-gallery-is-layout-flex\">\n<figure class=\"wp-block-image size-large\"><img decoding=\"async\" data-id=\"236757\" src=\"https:\/\/tropica-verde.de\/wp-content\/uploads\/2023\/02\/Costa-Rica-2018-Laguna-Lagarto-Passerini-Tangare-&#xA9;-Stefan-Rother-Faunity-5616.jpg\" alt=\"Laguna Lagarto-Passerini Tangare\" class=\"wp-image-236757\" title=\"\"><figcaption class=\"wp-element-caption\"><br\/><\/figcaption><\/figure>\n\n\n\n<figure class=\"wp-block-image size-large\"><img loading=\"lazy\" decoding=\"async\" width=\"1000\" height=\"667\" data-id=\"236760\" src=\"https:\/\/tropica-verde.de\/wp-content\/uploads\/2023\/02\/wissen_tropen.jpg\" alt=\"\" class=\"wp-image-236760\" title=\"\"><\/figure>\n\n\n\n<figure class=\"wp-block-image size-large\"><img loading=\"lazy\" decoding=\"async\" width=\"800\" height=\"533\" data-id=\"236763\" src=\"https:\/\/tropica-verde.de\/wp-content\/uploads\/2023\/02\/COSTA-1.jpg\" alt=\"Basilisco de Sirnlappen-Basiliscus plumifrons\" class=\"wp-image-236763\" title=\"\"><figcaption class=\"wp-element-caption\"><br\/><\/figcaption><\/figure>\n\n\n\n<figure class=\"wp-block-image size-large\"><img loading=\"lazy\" decoding=\"async\" width=\"1024\" height=\"859\" data-id=\"236739\" src=\"https:\/\/tropica-verde.de\/wp-content\/uploads\/2023\/02\/Stefan-1024x859.jpg\" alt=\"Dr. Stefan Rother\" class=\"wp-image-236739\" title=\"\"><\/figure>\n<\/figure>\n\n<p><\/p>\n<p>[\/et_pb_text][\/et_pb_column]<br \/>\n\t\t\t[\/et_pb_row]<br \/>\n\t\t[\/et_pb_section]<\/p>\n","protected":false},"excerpt":{"rendered":"<p>El 20 de septiembre vuelve a ser el momento: el coordinador del proyecto, el Dr. Stefan Rother, ofrecer\u00e1 su divertida e informativa charla con fascinantes im\u00e1genes. Esta vez nos dirigimos al norte: al Planetario de Hamburgo.<\/p>\n","protected":false},"author":5,"featured_media":5193,"comment_status":"closed","ping_status":"open","sticky":false,"template":"","format":"standard","meta":{"_et_pb_use_builder":"on","_et_pb_old_content":"","_et_gb_content_width":"","inline_featured_image":false,"footnotes":""},"categories":[149,157],"tags":[271,201,158,270],"class_list":["post-239495","post","type-post","status-publish","format-standard","has-post-thumbnail","hentry","category-eventos-fechas","category-trabajo-educativo-en-alemania","tag-conferencia","tag-conservacion-de-la-naturaleza","tag-costa-rica-es","tag-proteccion-de-especies"],"_links":{"self":[{"href":"https:\/\/tropica-verde.de\/es\/wp-json\/wp\/v2\/posts\/239495","targetHints":{"allow":["GET"]}}],"collection":[{"href":"https:\/\/tropica-verde.de\/es\/wp-json\/wp\/v2\/posts"}],"about":[{"href":"https:\/\/tropica-verde.de\/es\/wp-json\/wp\/v2\/types\/post"}],"author":[{"embeddable":true,"href":"https:\/\/tropica-verde.de\/es\/wp-json\/wp\/v2\/users\/5"}],"replies":[{"embeddable":true,"href":"https:\/\/tropica-verde.de\/es\/wp-json\/wp\/v2\/comments?post=239495"}],"version-history":[{"count":1,"href":"https:\/\/tropica-verde.de\/es\/wp-json\/wp\/v2\/posts\/239495\/revisions"}],"predecessor-version":[{"id":239515,"href":"https:\/\/tropica-verde.de\/es\/wp-json\/wp\/v2\/posts\/239495\/revisions\/239515"}],"wp:featuredmedia":[{"embeddable":true,"href":"https:\/\/tropica-verde.de\/es\/wp-json\/wp\/v2\/media\/5193"}],"wp:attachment":[{"href":"https:\/\/tropica-verde.de\/es\/wp-json\/wp\/v2\/media?parent=239495"}],"wp:term":[{"taxonomy":"category","embeddable":true,"href":"https:\/\/tropica-verde.de\/es\/wp-json\/wp\/v2\/categories?post=239495"},{"taxonomy":"post_tag","embeddable":true,"href":"https:\/\/tropica-verde.de\/es\/wp-json\/wp\/v2\/tags?post=239495"}],"curies":[{"name":"wp","href":"https:\/\/api.w.org\/{rel}","templated":true}]}}