{"id":239492,"date":"2024-04-13T23:52:36","date_gmt":"2024-04-13T21:52:36","guid":{"rendered":"https:\/\/tropica-verde.de\/tropica-verde-en-el-frankfurter-rundschau\/"},"modified":"2024-07-05T00:08:44","modified_gmt":"2024-07-04T22:08:44","slug":"tropica-verde-en-el-frankfurter-rundschau","status":"publish","type":"post","link":"https:\/\/tropica-verde.de\/es\/tropica-verde-en-el-frankfurter-rundschau\/","title":{"rendered":"Tropica Verde en el Frankfurter Rundschau"},"content":{"rendered":"<p>[et_pb_section fb_built=\u00bb1&#8243; admin_label=\u00bbsection\u00bb _builder_version=\u00bb4.16&#8243; custom_padding=\u00bb||40px|||\u00bb global_colors_info=\u00bb{}\u00bb][et_pb_row admin_label=\u00bbfila\u00bb _builder_version=\u00bb4.16&#8243; background_size=\u00bbinitial\u00bb background_position=\u00bbtop_left\u00bb background_repeat=\u00bbrepeat\u00bb global_colors_info=\u00bb{}\u00bb][et_pb_column type=\u00bb4_4&#8243; _builder_version=\u00bb4.16&#8243; custom_padding=\u00bb|||\u00bb global_colors_info=\u00bb{}\u00bb custom_padding__hover=\u00bb|||\u00bb][et_pb_text admin_label=\u00bbText\u00bb _builder_version=\u00bb4.23.1&#8243; background_size=\u00bbinitial\u00bb background_position=\u00bbtop_left\u00bb background_repeat=\u00bbrepeat\u00bb global_colors_info=\u00bb{}\u00bb]<\/p>\n<p><span style=\"color: #333333; font-size: 26px;\">Fr\u00e1ncfort: Sensibilizar para un mundo mejor<\/span><\/p>\n<p>El 16 de noviembre de 2023, el peri\u00f3dico Frankfurter Rundschau inform\u00f3 sobre el premio \u00abEscuelas de Fr\u00e1ncfort que ahorran energ\u00eda\u00bb. Se trata de un programa de la ciudad de Fr\u00e1ncfort para motivar a las escuelas a ahorrar energ\u00eda. De este modo, las escuelas no s\u00f3lo pueden proteger el clima y el medio ambiente, sino tambi\u00e9n aumentar su presupuesto. Todos salimos ganando.<img loading=\"lazy\" decoding=\"async\" class=\"alignnone\" style=\"font-size: 15px; font-family: &#039;Source Sans Pro&#039;, sans-serif;\" src=\"https:\/\/www.fr.de\/assets\/images\/33\/247\/33247543-loai-li-und-nelida-von-der-bettinaschule-zeigen-ihre-sparsymbole-im-klassenraum-15fe.jpg\" alt=\"Loai (izquierda) y Nelida, de la escuela Bettina, muestran sus s\u00edmbolos de ahorro en el aula\" width=\"706\" height=\"397\" title=\"\"><br \/><em style=\"font-size: x-small; font-family: 'Source Sans Pro', sans-serif;\">Loai (izquierda) y Nelida, de la escuela Bettina, muestran sus s\u00edmbolos de ahorro en el aula. Renate Hoyer, Fuente: FR Art\u00edculo original<\/em><\/p>\n<p><span style=\"font-size: large;\">Descubra qu\u00e9 tienen que ver IGS Nordend y Tropica Verde en este fascinante art\u00edculo del Frankfurter Rundschau.<\/span><\/p>\n<p><span style=\"font-size: large;\"><strong>Disfruten de la lectura y \u00a1enhorabuena a todos los equipos de energ\u00eda!<\/strong><\/span><\/p>\n<p>\n<\/p>\n<p>[\/et_pb_text][et_pb_button button_url=\u00bbhttps:\/\/tropica-verde.de\/quienes-somos\/prensa\/?lang=es#FR16112023&#8243; button_text=\u00bbLea el art\u00edculo ahora\u00bb button_alignment=\u00bbcenter\u00bb _builder_version=\u00bb4.23.1&#8243; _module_preset=\u00bbdefault\u00bb global_colors_info=\u00bb{}\u00bb][\/et_pb_button][\/et_pb_column][\/et_pb_row][\/et_pb_section]<\/p>\n","protected":false},"excerpt":{"rendered":"<p>El 16 de noviembre de 2023, el peri\u00f3dico Frankfurter Rundschau inform\u00f3 sobre el premio \u00abEscuelas de Fr\u00e1ncfort que ahorran energ\u00eda\u00bb. Descubra qu\u00e9 tienen que ver IGS Nordend y Tropica Verde en este fascinante art\u00edculo del peri\u00f3dico Frankfurter Rundschau.<\/p>\n","protected":false},"author":5,"featured_media":238351,"comment_status":"closed","ping_status":"open","sticky":false,"template":"","format":"standard","meta":{"_et_pb_use_builder":"on","_et_pb_old_content":"","_et_gb_content_width":"","inline_featured_image":false,"footnotes":""},"categories":[147,157],"tags":[268,267,269,266],"class_list":["post-239492","post","type-post","status-publish","format-standard","has-post-thumbnail","hentry","category-todo-lo-demas-sobre-el-club","category-trabajo-educativo-en-alemania","tag-co2-neutro","tag-igs-es","tag-proteccion-del-clima","tag-pulse"],"_links":{"self":[{"href":"https:\/\/tropica-verde.de\/es\/wp-json\/wp\/v2\/posts\/239492","targetHints":{"allow":["GET"]}}],"collection":[{"href":"https:\/\/tropica-verde.de\/es\/wp-json\/wp\/v2\/posts"}],"about":[{"href":"https:\/\/tropica-verde.de\/es\/wp-json\/wp\/v2\/types\/post"}],"author":[{"embeddable":true,"href":"https:\/\/tropica-verde.de\/es\/wp-json\/wp\/v2\/users\/5"}],"replies":[{"embeddable":true,"href":"https:\/\/tropica-verde.de\/es\/wp-json\/wp\/v2\/comments?post=239492"}],"version-history":[{"count":1,"href":"https:\/\/tropica-verde.de\/es\/wp-json\/wp\/v2\/posts\/239492\/revisions"}],"predecessor-version":[{"id":239494,"href":"https:\/\/tropica-verde.de\/es\/wp-json\/wp\/v2\/posts\/239492\/revisions\/239494"}],"wp:featuredmedia":[{"embeddable":true,"href":"https:\/\/tropica-verde.de\/es\/wp-json\/wp\/v2\/media\/238351"}],"wp:attachment":[{"href":"https:\/\/tropica-verde.de\/es\/wp-json\/wp\/v2\/media?parent=239492"}],"wp:term":[{"taxonomy":"category","embeddable":true,"href":"https:\/\/tropica-verde.de\/es\/wp-json\/wp\/v2\/categories?post=239492"},{"taxonomy":"post_tag","embeddable":true,"href":"https:\/\/tropica-verde.de\/es\/wp-json\/wp\/v2\/tags?post=239492"}],"curies":[{"name":"wp","href":"https:\/\/api.w.org\/{rel}","templated":true}]}}