{"id":239477,"date":"2024-04-13T23:52:30","date_gmt":"2024-04-13T21:52:30","guid":{"rendered":"https:\/\/tropica-verde.de\/el-cambio-climatico-provoca-la-extincion-de-especies-en-costa-rica\/"},"modified":"2024-04-13T23:52:32","modified_gmt":"2024-04-13T21:52:32","slug":"el-cambio-climatico-provoca-la-extincion-de-especies-en-costa-rica","status":"publish","type":"post","link":"https:\/\/tropica-verde.de\/es\/el-cambio-climatico-provoca-la-extincion-de-especies-en-costa-rica\/","title":{"rendered":"El cambio clim\u00e1tico provoca la extinci\u00f3n de especies en Costa Rica"},"content":{"rendered":"<p>[et_pb_section fb_built=\u00bb1&#8243; admin_label=\u00bbsection\u00bb _builder_version=\u00bb4.16&#8243; global_colors_info=\u00bb{}\u00bb][et_pb_row admin_label=\u00bbfila\u00bb _builder_version=\u00bb4.16&#8243; background_size=\u00bbinitial\u00bb background_position=\u00bbtop_left\u00bb background_repeat=\u00bbrepeat\u00bb global_colors_info=\u00bb{}\u00bb][et_pb_column type=\u00bb4_4&#8243; _builder_version=\u00bb4.16&#8243; custom_padding=\u00bb|||\u00bb global_colors_info=\u00bb{}\u00bb custom_padding__hover=\u00bb|||\u00bb][et_pb_text admin_label=\u00bbText\u00bb _builder_version=\u00bb4.16&#8243; background_size=\u00bbinitial\u00bb background_position=\u00bbtop_left\u00bb background_repeat=\u00bbrepeat\u00bb global_colors_info=\u00bb{}\u00bb]<\/p>\n\n<figure class=\"wp-block-image size-large\"><img loading=\"lazy\" decoding=\"async\" width=\"1024\" height=\"1024\" src=\"https:\/\/tropica-verde.de\/wp-content\/uploads\/2023\/06\/TV_Post_Nebel-1024x1024.png\" alt=\"\" class=\"wp-image-237677\" title=\"\"><\/figure>\n\n<p>El avance del cambio clim\u00e1tico ya est\u00e1 causando problemas en Costa Rica. En el bosque nuboso de Monteverde, en las monta\u00f1as de Costa Rica, la caracter\u00edstica m\u00e1s importante est\u00e1 cada vez m\u00e1s ausente debido al cambio clim\u00e1tico: la niebla. Esto tiene consecuencias devastadoras para el mundo vegetal y animal. Informa el FAZ.<\/p>\n\n<p>Una vez m\u00e1s, queda clara la importancia de la protecci\u00f3n de los bosques primigenios. Porque protecci\u00f3n forestal = \u00a1protecci\u00f3n clim\u00e1tica! Ese es nuestro compromiso.<\/p>\n\n<p>  Si usted tambi\u00e9n quiere ayudar a proteger los bosques primigenios de Costa Rica, h\u00e1gase miembro de Tropica Verde, la asociaci\u00f3n para la protecci\u00f3n de los h\u00e1bitats tropicales.<\/p>\n\n<div class=\"wp-block-buttons is-layout-flex wp-block-buttons-is-layout-flex\">\n<div class=\"wp-block-button\"><a class=\"wp-block-button__link wp-element-button\" href=\"https:\/\/www.faz.net\/aktuell\/wissen\/erde-klima\/klimawandel-sorgt-fuer-artensterben-in-beruehmten-nebenwald-monte-verde-18945477.html?fbclid=IwAR33UhnLrdk8tO2LGpamHSUmloCdFr2An23TVdvOznFge2HRJNwIlZLdn1U\" rel=\"nofollow noopener\" target=\"_blank\">Haga clic aqu\u00ed para leer el art\u00edculo de FAZ<\/a><\/div>\n<\/div>\n<p>[\/et_pb_text][\/et_pb_column][\/et_pb_row][\/et_pb_section]<\/p>\n","protected":false},"excerpt":{"rendered":"<p>El avance del cambio clim\u00e1tico ya est\u00e1 causando problemas en Costa Rica. En el bosque nuboso de Monteverde, en las monta\u00f1as de Costa Rica, la caracter\u00edstica m\u00e1s importante est\u00e1 cada vez m\u00e1s ausente debido al cambio clim\u00e1tico: la niebla. Esto tiene consecuencias devastadoras para el mundo vegetal y animal. Informa el FAZ. Una vez m\u00e1s, [&hellip;]<\/p>\n","protected":false},"author":11,"featured_media":237679,"comment_status":"closed","ping_status":"open","sticky":false,"template":"","format":"standard","meta":{"_et_pb_use_builder":"on","_et_pb_old_content":"","_et_gb_content_width":"","inline_featured_image":false,"footnotes":""},"categories":[248,226],"tags":[],"class_list":["post-239477","post","type-post","status-publish","format-standard","has-post-thumbnail","hentry","category-conocimiento-animales-plantas","category-ods-13-accion-por-el-clima"],"_links":{"self":[{"href":"https:\/\/tropica-verde.de\/es\/wp-json\/wp\/v2\/posts\/239477","targetHints":{"allow":["GET"]}}],"collection":[{"href":"https:\/\/tropica-verde.de\/es\/wp-json\/wp\/v2\/posts"}],"about":[{"href":"https:\/\/tropica-verde.de\/es\/wp-json\/wp\/v2\/types\/post"}],"author":[{"embeddable":true,"href":"https:\/\/tropica-verde.de\/es\/wp-json\/wp\/v2\/users\/11"}],"replies":[{"embeddable":true,"href":"https:\/\/tropica-verde.de\/es\/wp-json\/wp\/v2\/comments?post=239477"}],"version-history":[{"count":1,"href":"https:\/\/tropica-verde.de\/es\/wp-json\/wp\/v2\/posts\/239477\/revisions"}],"predecessor-version":[{"id":239485,"href":"https:\/\/tropica-verde.de\/es\/wp-json\/wp\/v2\/posts\/239477\/revisions\/239485"}],"wp:featuredmedia":[{"embeddable":true,"href":"https:\/\/tropica-verde.de\/es\/wp-json\/wp\/v2\/media\/237679"}],"wp:attachment":[{"href":"https:\/\/tropica-verde.de\/es\/wp-json\/wp\/v2\/media?parent=239477"}],"wp:term":[{"taxonomy":"category","embeddable":true,"href":"https:\/\/tropica-verde.de\/es\/wp-json\/wp\/v2\/categories?post=239477"},{"taxonomy":"post_tag","embeddable":true,"href":"https:\/\/tropica-verde.de\/es\/wp-json\/wp\/v2\/tags?post=239477"}],"curies":[{"name":"wp","href":"https:\/\/api.w.org\/{rel}","templated":true}]}}