{"id":239472,"date":"2024-04-13T23:52:29","date_gmt":"2024-04-13T21:52:29","guid":{"rendered":"https:\/\/tropica-verde.de\/sugerencia-de-evento-viaje-a-la-selva-tropical-de-chocolate\/"},"modified":"2025-02-01T03:13:32","modified_gmt":"2025-02-01T01:13:32","slug":"sugerencia-de-evento-viaje-a-la-selva-tropical-de-chocolate","status":"publish","type":"post","link":"https:\/\/tropica-verde.de\/es\/sugerencia-de-evento-viaje-a-la-selva-tropical-de-chocolate\/","title":{"rendered":"Sugerencia de evento \u00abViaje a la selva tropical de chocolate\u00bb"},"content":{"rendered":"<p>[et_pb_section fb_built=\u00bb1&#8243; admin_label=\u00bbsection\u00bb _builder_version=\u00bb4.16&#8243; global_colors_info=\u00bb{}\u00bb][et_pb_row admin_label=\u00bbfila\u00bb _builder_version=\u00bb4.16&#8243; background_size=\u00bbinitial\u00bb background_position=\u00bbtop_left\u00bb background_repeat=\u00bbrepeat\u00bb global_colors_info=\u00bb{}\u00bb][et_pb_column type=\u00bb4_4&#8243; _builder_version=\u00bb4.16&#8243; custom_padding=\u00bb|||\u00bb global_colors_info=\u00bb{}\u00bb custom_padding__hover=\u00bb|||\u00bb][et_pb_text admin_label=\u00bbText\u00bb _builder_version=\u00bb4.16&#8243; background_size=\u00bbinitial\u00bb background_position=\u00bbtop_left\u00bb background_repeat=\u00bbrepeat\u00bb global_colors_info=\u00bb{}\u00bb]<\/p>\n<p>&nbsp;<\/p>\n<h1>\u00bfLe apasiona la protecci\u00f3n de la selva tropical y adem\u00e1s es un fan\u00e1tico del chocolate?<\/h1>\n<p>\u00a1Entonces no te pierdas nuestro emocionante, entretenido y divertido <strong>evento en l\u00ednea \u00abViaje a la selva tropical de chocolate\u00bb el 24 de marzo<\/strong>!  <\/p>\n<p>Todav\u00eda puede participar en el evento <strong>hasta el 13 de marzo inclusive<\/strong> adquiriendo el correspondiente paquete de chocolate de <strong>PER\u00da PURO <\/strong>. El precio de <strong>28<\/strong> euros es <strong>por paquete de chocolate<\/strong>, <em>no<\/em> por persona. As\u00ed podr\u00e1 disfrutar del evento solo o acompa\u00f1ado.  <\/p>\n<p>&nbsp;<\/p>\n<div class=\"wp-block-buttons\">\n<div class=\"wp-block-button\"><a class=\"wp-block-button__link wp-element-button\" href=\"https:\/\/perupuro.de\/shop\/\" target=\"_blank\" rel=\"noreferrer noopener nofollow\">Al registro<\/a><\/div>\n<p>&nbsp;<\/p>\n<\/div>\n<p>&nbsp;<\/p>\n<p>Nuestro coordinador de proyectos, Stefan Rother, le ofrecer\u00e1 una visi\u00f3n apasionante de la conservaci\u00f3n activa de la selva tropical. PER\u00da PURO pone la guinda a la velada con chocolate de la selva. Se degustan juntos tres tipos diferentes de chocolate de la selva tropical. Se le informar\u00e1 detalladamente sobre el origen y la producci\u00f3n del chocolate sostenible.<\/p>\n<ul>\n<li>El acto tendr\u00e1 lugar el <strong>24 de marzo de 2022 de 19:00 a 20:30<\/strong> a trav\u00e9s de ZOOM.<\/li>\n<li><strong>Cuesta 28 euros por paquete de chocolate<\/strong> (incluye tres tabletas de chocolate de alta calidad, embalaje y env\u00edo).<\/li>\n<\/ul>\n<p>Para inscribirse en el evento, es necesario adquirir el correspondiente paquete de chocolate de PER\u00da PURO. Recibir\u00e1s los datos de acceso al acto por correo electr\u00f3nico despu\u00e9s de tu compra.<\/p>\n<p>&nbsp;<\/p>\n<p>[\/et_pb_text][\/et_pb_column][\/et_pb_row][\/et_pb_section]<\/p>\n","protected":false},"excerpt":{"rendered":"<p>&nbsp; \u00bfLe apasiona la protecci\u00f3n de la selva tropical y adem\u00e1s es un fan\u00e1tico del chocolate? \u00a1Entonces no te pierdas nuestro emocionante, entretenido y divertido evento en l\u00ednea \u00abViaje a la selva tropical de chocolate\u00bb el 24 de marzo! Todav\u00eda puede participar en el evento hasta el 13 de marzo inclusive adquiriendo el correspondiente paquete [&hellip;]<\/p>\n","protected":false},"author":11,"featured_media":6334,"comment_status":"closed","ping_status":"open","sticky":false,"template":"","format":"standard","meta":{"_et_pb_use_builder":"on","_et_pb_old_content":"","_et_gb_content_width":"","inline_featured_image":false,"footnotes":""},"categories":[225,157],"tags":[254,257,255,256],"class_list":["post-239472","post","type-post","status-publish","format-standard","has-post-thumbnail","hentry","category-ods-12-consumo-y-produccion-sostenibles","category-trabajo-educativo-en-alemania","tag-chocolate-es","tag-el-acontecimiento","tag-viaje-a-la-selva-tropical","tag-zoom-es"],"_links":{"self":[{"href":"https:\/\/tropica-verde.de\/es\/wp-json\/wp\/v2\/posts\/239472","targetHints":{"allow":["GET"]}}],"collection":[{"href":"https:\/\/tropica-verde.de\/es\/wp-json\/wp\/v2\/posts"}],"about":[{"href":"https:\/\/tropica-verde.de\/es\/wp-json\/wp\/v2\/types\/post"}],"author":[{"embeddable":true,"href":"https:\/\/tropica-verde.de\/es\/wp-json\/wp\/v2\/users\/11"}],"replies":[{"embeddable":true,"href":"https:\/\/tropica-verde.de\/es\/wp-json\/wp\/v2\/comments?post=239472"}],"version-history":[{"count":11,"href":"https:\/\/tropica-verde.de\/es\/wp-json\/wp\/v2\/posts\/239472\/revisions"}],"predecessor-version":[{"id":246552,"href":"https:\/\/tropica-verde.de\/es\/wp-json\/wp\/v2\/posts\/239472\/revisions\/246552"}],"wp:featuredmedia":[{"embeddable":true,"href":"https:\/\/tropica-verde.de\/es\/wp-json\/wp\/v2\/media\/6334"}],"wp:attachment":[{"href":"https:\/\/tropica-verde.de\/es\/wp-json\/wp\/v2\/media?parent=239472"}],"wp:term":[{"taxonomy":"category","embeddable":true,"href":"https:\/\/tropica-verde.de\/es\/wp-json\/wp\/v2\/categories?post=239472"},{"taxonomy":"post_tag","embeddable":true,"href":"https:\/\/tropica-verde.de\/es\/wp-json\/wp\/v2\/tags?post=239472"}],"curies":[{"name":"wp","href":"https:\/\/api.w.org\/{rel}","templated":true}]}}