{"id":239461,"date":"2024-04-13T23:52:27","date_gmt":"2024-04-13T21:52:27","guid":{"rendered":"https:\/\/tropica-verde.de\/dia-de-la-conservacion-de-especies-en-el-zoo-de-francfort-el-07-05-2023\/"},"modified":"2025-02-01T02:53:00","modified_gmt":"2025-02-01T00:53:00","slug":"dia-de-la-conservacion-de-especies-en-el-zoo-de-francfort-el-07-05-2023","status":"publish","type":"post","link":"https:\/\/tropica-verde.de\/es\/dia-de-la-conservacion-de-especies-en-el-zoo-de-francfort-el-07-05-2023\/","title":{"rendered":"D\u00eda de la Conservaci\u00f3n de Especies en el Zoo de Fr\u00e1ncfort el 07.05.2023"},"content":{"rendered":"<p>[et_pb_section fb_built=\u00bb1&#8243; admin_label=\u00bbsection\u00bb _builder_version=\u00bb4.16&#8243; custom_padding=\u00bb0px|||||\u00bb global_colors_info=\u00bb{}\u00bb][et_pb_row admin_label=\u00bbfila\u00bb _builder_version=\u00bb4.16&#8243; background_size=\u00bbinitial\u00bb background_position=\u00bbtop_left\u00bb background_repeat=\u00bbrepeat\u00bb global_colors_info=\u00bb{}\u00bb][et_pb_column type=\u00bb4_4&#8243; _builder_version=\u00bb4.16&#8243; custom_padding=\u00bb|||\u00bb global_colors_info=\u00bb{}\u00bb custom_padding__hover=\u00bb|||\u00bb][et_pb_text admin_label=\u00bbText\u00bb _builder_version=\u00bb4.16&#8243; background_size=\u00bbinitial\u00bb background_position=\u00bbtop_left\u00bb background_repeat=\u00bbrepeat\u00bb global_colors_info=\u00bb{}\u00bb]<\/p>\n<p><strong>\u00bfC\u00f3mo funciona la conservaci\u00f3n de las especies?  <\/strong><\/p>\n<p><strong>\u00bfC\u00f3mo podemos preservar la diversidad de plantas y animales?  <\/strong><\/p>\n<p><strong>\u00bfC\u00f3mo podemos contrarrestar la creciente p\u00e9rdida de biodiversidad?<\/strong><\/p>\n<p>El 7 de mayo, de 10 a 18 h, el Zoo de Fr\u00e1ncfort y numerosas instituciones miembros y socios de la red BioFrankfurt e.V. responder\u00e1n a estas importantes preguntas. Los visitantes del zoo podr\u00e1n hacerse una idea apasionante del trabajo y los proyectos actuales en stands situados en el recinto del zoo, y tambi\u00e9n aprender sobre la importancia de la conservaci\u00f3n de las especies. Un amplio programa de apoyo con actuaciones de la compa\u00f1\u00eda teatral de ping\u00fcinos Picante, un concurso con grandes premios, pintacaras para ni\u00f1os y muchas otras atracciones garantizar\u00e1n que el tema de la conservaci\u00f3n de las especies se comunique de forma atractiva para j\u00f3venes y mayores, y todo ello en el entorno \u00fanico del Zoo de Fr\u00e1ncfort.  <\/p>\n<p>Como socio de la red, tambi\u00e9n estaremos all\u00ed el 7 de mayo para facilitar informaci\u00f3n sobre la conservaci\u00f3n de la selva tropical y de las especies. Ese d\u00eda nos centraremos en el gran guacamayo negro, el animal del zoo del a\u00f1o 2023. <\/p>\n<p>\u00a1Esperamos darte la bienvenida el domingo!<\/p>\n<p>Puedes encontrar m\u00e1s informaci\u00f3n <a href=\"https:\/\/www.zoo-frankfurt.de\/zoobesuch-planen\/was-ist-los-im-zoo\/event\/artenschutztag-im-zoo-in-kooperation-mit-biofrankfurt\" data-type=\"URL\" data-id=\"https:\/\/www.zoo-frankfurt.de\/zoobesuch-planen\/was-ist-los-im-zoo\/event\/artenschutztag-im-zoo-in-kooperation-mit-biofrankfurt\" rel=\"nofollow noopener\" target=\"_blank\">aqu\u00ed.<\/a><\/p>\n<p>&nbsp;<\/p>\n<\/p>\n<\/p>\n<p><a href=\"https:\/\/tropica-verde.de\/wp-content\/uploads\/2023\/05\/ZF_ArtenschutzTag2023_PlakatA4_Ausdruck-intern-1.pdf\" target=\"_blank\" rel=\"noopener\" title=\"PDF\"><img loading=\"lazy\" decoding=\"async\" src=\"https:\/\/tropica-verde.de\/wp-content\/uploads\/2023\/05\/artenschutztag-211x300.jpg\" width=\"211\" height=\"300\" alt=\"\" class=\"wp-image-237414 aligncenter size-medium\" title=\"\"><\/a><\/p>\n<\/p>\n<p>[\/et_pb_text][\/et_pb_column][\/et_pb_row][\/et_pb_section]<\/p>\n","protected":false},"excerpt":{"rendered":"<p>\u00bfC\u00f3mo funciona la conservaci\u00f3n de las especies? \u00bfC\u00f3mo podemos preservar la diversidad de plantas y animales? \u00bfC\u00f3mo podemos contrarrestar la creciente p\u00e9rdida de biodiversidad? El 7 de mayo, de 10 a 18 h, el Zoo de Fr\u00e1ncfort y numerosas instituciones miembros y socios de la red BioFrankfurt e.V. responder\u00e1n a estas importantes preguntas. Los visitantes [&hellip;]<\/p>\n","protected":false},"author":11,"featured_media":237043,"comment_status":"closed","ping_status":"open","sticky":false,"template":"","format":"standard","meta":{"_et_pb_use_builder":"on","_et_pb_old_content":"","_et_gb_content_width":"","inline_featured_image":false,"footnotes":""},"categories":[149,157],"tags":[],"class_list":["post-239461","post","type-post","status-publish","format-standard","has-post-thumbnail","hentry","category-eventos-fechas","category-trabajo-educativo-en-alemania"],"_links":{"self":[{"href":"https:\/\/tropica-verde.de\/es\/wp-json\/wp\/v2\/posts\/239461","targetHints":{"allow":["GET"]}}],"collection":[{"href":"https:\/\/tropica-verde.de\/es\/wp-json\/wp\/v2\/posts"}],"about":[{"href":"https:\/\/tropica-verde.de\/es\/wp-json\/wp\/v2\/types\/post"}],"author":[{"embeddable":true,"href":"https:\/\/tropica-verde.de\/es\/wp-json\/wp\/v2\/users\/11"}],"replies":[{"embeddable":true,"href":"https:\/\/tropica-verde.de\/es\/wp-json\/wp\/v2\/comments?post=239461"}],"version-history":[{"count":5,"href":"https:\/\/tropica-verde.de\/es\/wp-json\/wp\/v2\/posts\/239461\/revisions"}],"predecessor-version":[{"id":246489,"href":"https:\/\/tropica-verde.de\/es\/wp-json\/wp\/v2\/posts\/239461\/revisions\/246489"}],"wp:featuredmedia":[{"embeddable":true,"href":"https:\/\/tropica-verde.de\/es\/wp-json\/wp\/v2\/media\/237043"}],"wp:attachment":[{"href":"https:\/\/tropica-verde.de\/es\/wp-json\/wp\/v2\/media?parent=239461"}],"wp:term":[{"taxonomy":"category","embeddable":true,"href":"https:\/\/tropica-verde.de\/es\/wp-json\/wp\/v2\/categories?post=239461"},{"taxonomy":"post_tag","embeddable":true,"href":"https:\/\/tropica-verde.de\/es\/wp-json\/wp\/v2\/tags?post=239461"}],"curies":[{"name":"wp","href":"https:\/\/api.w.org\/{rel}","templated":true}]}}