{"id":239460,"date":"2024-04-13T23:52:27","date_gmt":"2024-04-13T21:52:27","guid":{"rendered":"https:\/\/tropica-verde.de\/protegemos-la-selva-tropical-nuestros-proyectos\/"},"modified":"2024-04-13T23:52:29","modified_gmt":"2024-04-13T21:52:29","slug":"protegemos-la-selva-tropical-nuestros-proyectos","status":"publish","type":"post","link":"https:\/\/tropica-verde.de\/es\/protegemos-la-selva-tropical-nuestros-proyectos\/","title":{"rendered":"Protegemos la selva tropical - Nuestros proyectos"},"content":{"rendered":"<p>Nuestro nuevo <strong>folleto de imagen <\/strong>est\u00e1 listo. El folleto, de nuevo dise\u00f1o, ofrece informaci\u00f3n sobre nuestros proyectos y actividades en Costa Rica. Esperamos que disfrute de su lectura.<\/p>\n<p><a href=\"https:\/\/www.tropica-verde.de\/wp-content\/uploads\/2021\/02\/TropicaVerde_Broschuere_Doppelseite_LOW_RES.pdf\">Enlace a la vista de escritorio<\/a><\/p>\n<p><a href=\"https:\/\/www.tropica-verde.de\/wp-content\/uploads\/2021\/02\/TropicaVerde_Brosch%C3%BCre_Einzelseiten_LOW2.pdf\">Enlace a la vista m\u00f3vil<\/a><\/p>\n&#13;\n<p><\/p>&#13;\n","protected":false},"excerpt":{"rendered":"<p>Nuestro nuevo folleto de imagen est\u00e1 listo. El folleto, de nuevo dise\u00f1o, ofrece informaci\u00f3n sobre nuestros proyectos y actividades en Costa Rica. Esperamos que disfrute de su lectura. Enlace a la vista de escritorio Enlace a la vista m\u00f3vil &#13; &#13;<\/p>\n","protected":false},"author":3,"featured_media":6307,"comment_status":"closed","ping_status":"open","sticky":false,"template":"","format":"standard","meta":{"_et_pb_use_builder":"","_et_pb_old_content":"","_et_gb_content_width":"","inline_featured_image":false,"footnotes":""},"categories":[207,233,228,155,216,243,157],"tags":[],"class_list":["post-239460","post","type-post","status-publish","format-standard","has-post-thumbnail","hentry","category-finca-curre-es","category-finca-lapa-verde-es","category-labor-educativa-en-costa-rica","category-monte-alto-es","category-noticias-de-los-proyectos","category-reserva-kinkajou-es","category-trabajo-educativo-en-alemania"],"_links":{"self":[{"href":"https:\/\/tropica-verde.de\/es\/wp-json\/wp\/v2\/posts\/239460","targetHints":{"allow":["GET"]}}],"collection":[{"href":"https:\/\/tropica-verde.de\/es\/wp-json\/wp\/v2\/posts"}],"about":[{"href":"https:\/\/tropica-verde.de\/es\/wp-json\/wp\/v2\/types\/post"}],"author":[{"embeddable":true,"href":"https:\/\/tropica-verde.de\/es\/wp-json\/wp\/v2\/users\/3"}],"replies":[{"embeddable":true,"href":"https:\/\/tropica-verde.de\/es\/wp-json\/wp\/v2\/comments?post=239460"}],"version-history":[{"count":1,"href":"https:\/\/tropica-verde.de\/es\/wp-json\/wp\/v2\/posts\/239460\/revisions"}],"predecessor-version":[{"id":239471,"href":"https:\/\/tropica-verde.de\/es\/wp-json\/wp\/v2\/posts\/239460\/revisions\/239471"}],"wp:featuredmedia":[{"embeddable":true,"href":"https:\/\/tropica-verde.de\/es\/wp-json\/wp\/v2\/media\/6307"}],"wp:attachment":[{"href":"https:\/\/tropica-verde.de\/es\/wp-json\/wp\/v2\/media?parent=239460"}],"wp:term":[{"taxonomy":"category","embeddable":true,"href":"https:\/\/tropica-verde.de\/es\/wp-json\/wp\/v2\/categories?post=239460"},{"taxonomy":"post_tag","embeddable":true,"href":"https:\/\/tropica-verde.de\/es\/wp-json\/wp\/v2\/tags?post=239460"}],"curies":[{"name":"wp","href":"https:\/\/api.w.org\/{rel}","templated":true}]}}