{"id":239459,"date":"2024-04-13T23:52:27","date_gmt":"2024-04-13T21:52:27","guid":{"rendered":"https:\/\/tropica-verde.de\/monte-alto-dia-del-arbol-2023\/"},"modified":"2024-07-04T23:39:17","modified_gmt":"2024-07-04T21:39:17","slug":"monte-alto-dia-del-arbol-2023","status":"publish","type":"post","link":"https:\/\/tropica-verde.de\/es\/monte-alto-dia-del-arbol-2023\/","title":{"rendered":"Monte Alto: D\u00eda del \u00c1rbol 2023"},"content":{"rendered":"<h2>La Fundaci\u00f3n Monte Alto celebra el D\u00eda del \u00c1rbol con las escuelas locales<\/h2>\n<p>[et_pb_section admin_label=\u00bbsection\u00bb]<br \/>[et_pb_row admin_label=\u00bbfila\u00bb]<br \/>[et_pb_column type=\u00bb4_4&#8243;][et_pb_text admin_label=\u00bbText\u00bb]<\/p>\n\n<p>\u00a1El D\u00eda del \u00c1rbol se celebr\u00f3 en Monte Alto el viernes 16 de junio de 2023!  <\/p>\n\n<p>Para este acontecimiento anual, se re\u00fanen clases escolares, voluntarios y otras personas comprometidas y plantan \u00e1rboles en la Reserva. Por el camino, aprenden y experimentan la importancia del bosque primigenio y la biodiversidad.<\/p>\n\n<p>Estamos encantados de participar en esta campa\u00f1a y contribuir as\u00ed a la educaci\u00f3n medioambiental y la protecci\u00f3n del clima.<\/p>\n\n<p><\/p>\n\n<figure class=\"wp-block-image size-large\"><img loading=\"lazy\" decoding=\"async\" width=\"1024\" height=\"819\" src=\"https:\/\/tropica-verde.de\/wp-content\/uploads\/2023\/06\/Collage_TagdesBaumes-1024x819.png\" alt=\"\" class=\"wp-image-237696\" title=\"\"><\/figure>\n<p>[\/et_pb_text][\/et_pb_column]<br \/>\n\t\t\t[\/et_pb_row]<br \/>\n\t\t[\/et_pb_section]<\/p>\n","protected":false},"excerpt":{"rendered":"<p>La Fundaci\u00f3n Monte Alto celebra el D\u00eda del \u00c1rbol con las escuelas locales \u00a1El D\u00eda del \u00c1rbol se celebr\u00f3 en Monte Alto el viernes 16 de junio de 2023! Para este acontecimiento anual, se re\u00fanen clases escolares, voluntarios y otras personas comprometidas y plantan \u00e1rboles en la Reserva. Por el camino, aprenden y experimentan la [&hellip;]<\/p>\n","protected":false},"author":11,"featured_media":237703,"comment_status":"closed","ping_status":"open","sticky":false,"template":"","format":"standard","meta":{"_et_pb_use_builder":"on","_et_pb_old_content":"","_et_gb_content_width":"","inline_featured_image":false,"footnotes":""},"categories":[155,226,227],"tags":[],"class_list":["post-239459","post","type-post","status-publish","format-standard","has-post-thumbnail","hentry","category-monte-alto-es","category-ods-13-accion-por-el-clima","category-ods-15-la-vida-en-la-tierra"],"_links":{"self":[{"href":"https:\/\/tropica-verde.de\/es\/wp-json\/wp\/v2\/posts\/239459","targetHints":{"allow":["GET"]}}],"collection":[{"href":"https:\/\/tropica-verde.de\/es\/wp-json\/wp\/v2\/posts"}],"about":[{"href":"https:\/\/tropica-verde.de\/es\/wp-json\/wp\/v2\/types\/post"}],"author":[{"embeddable":true,"href":"https:\/\/tropica-verde.de\/es\/wp-json\/wp\/v2\/users\/11"}],"replies":[{"embeddable":true,"href":"https:\/\/tropica-verde.de\/es\/wp-json\/wp\/v2\/comments?post=239459"}],"version-history":[{"count":1,"href":"https:\/\/tropica-verde.de\/es\/wp-json\/wp\/v2\/posts\/239459\/revisions"}],"predecessor-version":[{"id":239469,"href":"https:\/\/tropica-verde.de\/es\/wp-json\/wp\/v2\/posts\/239459\/revisions\/239469"}],"wp:featuredmedia":[{"embeddable":true,"href":"https:\/\/tropica-verde.de\/es\/wp-json\/wp\/v2\/media\/237703"}],"wp:attachment":[{"href":"https:\/\/tropica-verde.de\/es\/wp-json\/wp\/v2\/media?parent=239459"}],"wp:term":[{"taxonomy":"category","embeddable":true,"href":"https:\/\/tropica-verde.de\/es\/wp-json\/wp\/v2\/categories?post=239459"},{"taxonomy":"post_tag","embeddable":true,"href":"https:\/\/tropica-verde.de\/es\/wp-json\/wp\/v2\/tags?post=239459"}],"curies":[{"name":"wp","href":"https:\/\/api.w.org\/{rel}","templated":true}]}}