{"id":239445,"date":"2024-04-13T23:52:23","date_gmt":"2024-04-13T21:52:23","guid":{"rendered":"https:\/\/tropica-verde.de\/cafe-de-conservacion-para-el-guacamayo-soldado\/"},"modified":"2024-04-13T23:52:32","modified_gmt":"2024-04-13T21:52:32","slug":"cafe-de-conservacion-para-el-guacamayo-soldado","status":"publish","type":"post","link":"https:\/\/tropica-verde.de\/es\/cafe-de-conservacion-para-el-guacamayo-soldado\/","title":{"rendered":"Caf\u00e9 de conservaci\u00f3n para el guacamayo soldado"},"content":{"rendered":"\n<p>\u00a1Nos hemos asociado con <a href=\"https:\/\/donrobertocoffee.com\/\" rel=\"nofollow noopener\" target=\"_blank\">Don Roberto<\/a>!<\/p>\n\n<p>Don Roberto produce caf\u00e9 de Costa Rica respetuoso con el clima. Junto con Don Roberto, hemos lanzado una edici\u00f3n de conservaci\u00f3n de este delicioso caf\u00e9. Por cada paquete de caf\u00e9 Tropica Verde vendido, se donan 2 euros a proyectos de protecci\u00f3n del guacamayo soldado.<\/p>\n\n<p>Puede obtener m\u00e1s informaci\u00f3n sobre el concepto de caf\u00e9 <a href=\"https:\/\/donrobertocoffee.com\/klimaneutral\/klimafreundlich\/\" rel=\"nofollow noopener\" target=\"_blank\">aqu\u00ed<\/a><\/p>\n\n<div class=\"wp-block-buttons is-content-justification-center is-layout-flex wp-container-core-buttons-is-layout-16018d1d wp-block-buttons-is-layout-flex\">\n<div class=\"wp-block-button\"><a class=\"wp-block-button__link wp-element-button\" rel=\"https:\/\/donrobertocoffee.com\/produkt\/edition-tropica-verde-e-v-250-g\/\">Haga clic aqu\u00ed para ir a la tienda en l\u00ednea<\/a><\/div>\n<\/div>\n\n<figure class=\"wp-block-image size-large\"><img loading=\"lazy\" decoding=\"async\" width=\"872\" height=\"1024\" src=\"https:\/\/tropica-verde.de\/wp-content\/uploads\/2023\/05\/TropicaVerde-Webshop-ganzeBohne-872x1024.jpg\" alt=\"\" class=\"wp-image-237617\" title=\"\"><\/figure>\n","protected":false},"excerpt":{"rendered":"<p>\u00a1Nos hemos asociado con Don Roberto! Don Roberto produce caf\u00e9 de Costa Rica respetuoso con el clima. Junto con Don Roberto, hemos lanzado una edici\u00f3n de conservaci\u00f3n de este delicioso caf\u00e9. Por cada paquete de caf\u00e9 Tropica Verde vendido, se donan 2 euros a proyectos de protecci\u00f3n del guacamayo soldado. Puede obtener m\u00e1s informaci\u00f3n sobre [&hellip;]<\/p>\n","protected":false},"author":11,"featured_media":0,"comment_status":"closed","ping_status":"open","sticky":false,"template":"","format":"standard","meta":{"_et_pb_use_builder":"","_et_pb_old_content":"","_et_gb_content_width":"","inline_featured_image":false,"footnotes":""},"categories":[233,225],"tags":[],"class_list":["post-239445","post","type-post","status-publish","format-standard","hentry","category-finca-lapa-verde-es","category-ods-12-consumo-y-produccion-sostenibles"],"_links":{"self":[{"href":"https:\/\/tropica-verde.de\/es\/wp-json\/wp\/v2\/posts\/239445","targetHints":{"allow":["GET"]}}],"collection":[{"href":"https:\/\/tropica-verde.de\/es\/wp-json\/wp\/v2\/posts"}],"about":[{"href":"https:\/\/tropica-verde.de\/es\/wp-json\/wp\/v2\/types\/post"}],"author":[{"embeddable":true,"href":"https:\/\/tropica-verde.de\/es\/wp-json\/wp\/v2\/users\/11"}],"replies":[{"embeddable":true,"href":"https:\/\/tropica-verde.de\/es\/wp-json\/wp\/v2\/comments?post=239445"}],"version-history":[{"count":1,"href":"https:\/\/tropica-verde.de\/es\/wp-json\/wp\/v2\/posts\/239445\/revisions"}],"predecessor-version":[{"id":239451,"href":"https:\/\/tropica-verde.de\/es\/wp-json\/wp\/v2\/posts\/239445\/revisions\/239451"}],"wp:attachment":[{"href":"https:\/\/tropica-verde.de\/es\/wp-json\/wp\/v2\/media?parent=239445"}],"wp:term":[{"taxonomy":"category","embeddable":true,"href":"https:\/\/tropica-verde.de\/es\/wp-json\/wp\/v2\/categories?post=239445"},{"taxonomy":"post_tag","embeddable":true,"href":"https:\/\/tropica-verde.de\/es\/wp-json\/wp\/v2\/tags?post=239445"}],"curies":[{"name":"wp","href":"https:\/\/api.w.org\/{rel}","templated":true}]}}