{"id":239434,"date":"2024-04-13T23:52:22","date_gmt":"2024-04-13T21:52:22","guid":{"rendered":"https:\/\/tropica-verde.de\/crisis-de-corona-apoyo-a-las-familias-de-costa-rica\/"},"modified":"2025-02-01T03:13:39","modified_gmt":"2025-02-01T01:13:39","slug":"crisis-de-corona-apoyo-a-las-familias-de-costa-rica","status":"publish","type":"post","link":"https:\/\/tropica-verde.de\/es\/crisis-de-corona-apoyo-a-las-familias-de-costa-rica\/","title":{"rendered":"Crisis de Corona: apoyo a las familias de Costa Rica"},"content":{"rendered":"<p>[et_pb_section fb_built=\u00bb1&#8243; admin_label=\u00bbsection\u00bb _builder_version=\u00bb4.16&#8243; global_colors_info=\u00bb{}\u00bb][et_pb_row admin_label=\u00bbfila\u00bb _builder_version=\u00bb4.16&#8243; background_size=\u00bbinitial\u00bb background_position=\u00bbtop_left\u00bb background_repeat=\u00bbrepeat\u00bb global_colors_info=\u00bb{}\u00bb][et_pb_column type=\u00bb4_4&#8243; _builder_version=\u00bb4.16&#8243; custom_padding=\u00bb|||\u00bb global_colors_info=\u00bb{}\u00bb custom_padding__hover=\u00bb|||\u00bb][et_pb_text admin_label=\u00bbText\u00bb _builder_version=\u00bb4.16&#8243; background_size=\u00bbinitial\u00bb background_position=\u00bbtop_left\u00bb background_repeat=\u00bbrepeat\u00bb global_colors_info=\u00bb{}\u00bb]<\/p>\n<h2>Michael Ott y Stefan Rother, activistas de Tropica Verde, apoyan a las familias afectadas por la crisis del coronavirus en Costa Rica.<\/h2>\n<p>Todas las actividades tur\u00edsticas en Costa Rica tambi\u00e9n est\u00e1n suspendidas desde marzo. Por esta raz\u00f3n, muchas personas han perdido sus empleos y, por tanto, sus ingresos. Tropica Verde trabaja en el Pac\u00edfico costarricense con los proyectos ECODESI y Monte Alto. <br \/>Los activistas de Tropica Verde Michael Ott y Stefan Rother, que se encuentran actualmente en el lugar, consideran por tanto una obligaci\u00f3n social apoyar a las familias necesitadas de esta regi\u00f3n. Por este motivo, han tomado la iniciativa y han puesto en marcha un proyecto de ayuda espont\u00e1nea junto con el pastor local Nelson. El pastor Nelson conoce a la gente de Tamarindo y sabe qu\u00e9 familias est\u00e1n especialmente necesitadas de ayuda debido a la situaci\u00f3n actual. Juntos, los tres distribuyen cada semana paquetes con alimentos y otros art\u00edculos a familias necesitadas.<\/p>\n<blockquote>\n<p><span style=\"font-size: x-large;\">\u00abPuede que s\u00f3lo sea una gota en el oc\u00e9ano, pero las caras de alegr\u00eda y emoci\u00f3n nos demuestran que hemos podido hacer una contribuci\u00f3n positiva en nombre de Tropica Verde\u00bb, afirma Stefan Rother.<\/span><\/p>\n<\/blockquote>\n<p>Este proyecto se ha financiado hasta ahora con fondos privados de los dos gestores de Tropica Verde. Si t\u00fa tambi\u00e9n quieres apoyar este proyecto de ayuda, estaremos encantados de recibir tu donativo.<\/p>\n<p>IBAN: DE69 5005 0201 0000 2552 70 BIC: HELADEF1822 (Frankfurter Sparkasse) Objeto de la transferencia: Donaci\u00f3n Paquetes asistenciales<\/p>\n<p>Por favor, incluye tu direcci\u00f3n al donar para que podamos enviarte un recibo de donaci\u00f3n. Tu donaci\u00f3n ser\u00e1 administrada por Tropica Verde y utilizada inmediatamente para los paquetes de ayuda.<\/p>\n<p>[\/et_pb_text][\/et_pb_column][\/et_pb_row][\/et_pb_section]<\/p>\n","protected":false},"excerpt":{"rendered":"<p>Michael Ott y Stefan Rother, activistas de Tropica Verde, apoyan a las familias afectadas por la crisis del coronavirus en Costa Rica. Todas las actividades tur\u00edsticas en Costa Rica tambi\u00e9n est\u00e1n suspendidas desde marzo. Por esta raz\u00f3n, muchas personas han perdido sus empleos y, por tanto, sus ingresos. Tropica Verde trabaja en el Pac\u00edfico costarricense [&hellip;]<\/p>\n","protected":false},"author":4,"featured_media":5587,"comment_status":"closed","ping_status":"open","sticky":false,"template":"","format":"standard","meta":{"_et_pb_use_builder":"on","_et_pb_old_content":"","_et_gb_content_width":"","inline_featured_image":false,"footnotes":""},"categories":[155],"tags":[],"class_list":["post-239434","post","type-post","status-publish","format-standard","has-post-thumbnail","hentry","category-monte-alto-es"],"_links":{"self":[{"href":"https:\/\/tropica-verde.de\/es\/wp-json\/wp\/v2\/posts\/239434","targetHints":{"allow":["GET"]}}],"collection":[{"href":"https:\/\/tropica-verde.de\/es\/wp-json\/wp\/v2\/posts"}],"about":[{"href":"https:\/\/tropica-verde.de\/es\/wp-json\/wp\/v2\/types\/post"}],"author":[{"embeddable":true,"href":"https:\/\/tropica-verde.de\/es\/wp-json\/wp\/v2\/users\/4"}],"replies":[{"embeddable":true,"href":"https:\/\/tropica-verde.de\/es\/wp-json\/wp\/v2\/comments?post=239434"}],"version-history":[{"count":5,"href":"https:\/\/tropica-verde.de\/es\/wp-json\/wp\/v2\/posts\/239434\/revisions"}],"predecessor-version":[{"id":246560,"href":"https:\/\/tropica-verde.de\/es\/wp-json\/wp\/v2\/posts\/239434\/revisions\/246560"}],"wp:featuredmedia":[{"embeddable":true,"href":"https:\/\/tropica-verde.de\/es\/wp-json\/wp\/v2\/media\/5587"}],"wp:attachment":[{"href":"https:\/\/tropica-verde.de\/es\/wp-json\/wp\/v2\/media?parent=239434"}],"wp:term":[{"taxonomy":"category","embeddable":true,"href":"https:\/\/tropica-verde.de\/es\/wp-json\/wp\/v2\/categories?post=239434"},{"taxonomy":"post_tag","embeddable":true,"href":"https:\/\/tropica-verde.de\/es\/wp-json\/wp\/v2\/tags?post=239434"}],"curies":[{"name":"wp","href":"https:\/\/api.w.org\/{rel}","templated":true}]}}