{"id":239431,"date":"2024-04-13T23:52:21","date_gmt":"2024-04-13T21:52:21","guid":{"rendered":"https:\/\/tropica-verde.de\/videos-de-camaras-trampa-de-monte-alto\/"},"modified":"2024-04-13T23:52:31","modified_gmt":"2024-04-13T21:52:31","slug":"videos-de-camaras-trampa-de-monte-alto","status":"publish","type":"post","link":"https:\/\/tropica-verde.de\/es\/videos-de-camaras-trampa-de-monte-alto\/","title":{"rendered":"V\u00eddeos de c\u00e1maras trampa de Monte Alto"},"content":{"rendered":"\n<p>Nuestro colega Gustavo ha elaborado un magn\u00edfico v\u00eddeo con las \u00faltimas im\u00e1genes de las c\u00e1maras trampa. Incluso identific\u00f3 las especies animales y las escribi\u00f3 para ti. Nota: se requieren conocimientos de espa\u00f1ol.  <\/p>\n\n<p>\u00a1Divi\u00e9rtase mirando!<\/p>\n\n<figure class=\"wp-block-embed is-type-video is-provider-youtube wp-block-embed-youtube wp-embed-aspect-16-9 wp-has-aspect-ratio\"><div class=\"wp-block-embed__wrapper\">\n<iframe loading=\"lazy\" title=\"Kamerfalle Monte Alto Reserva Natural (spanisch)\" width=\"1080\" height=\"608\" src=\"https:\/\/www.youtube.com\/embed\/HWSerJYHf8M?feature=oembed\"  allow=\"accelerometer; autoplay; clipboard-write; encrypted-media; gyroscope; picture-in-picture; web-share\" referrerpolicy=\"strict-origin-when-cross-origin\" allowfullscreen><\/iframe>\n<\/div><\/figure>\n","protected":false},"excerpt":{"rendered":"<p>Nuestro colega Gustavo ha elaborado un magn\u00edfico v\u00eddeo con las \u00faltimas im\u00e1genes de las c\u00e1maras trampa. Incluso identific\u00f3 las especies animales y las escribi\u00f3 para ti. Nota: se requieren conocimientos de espa\u00f1ol. \u00a1Divi\u00e9rtase mirando!<\/p>\n","protected":false},"author":11,"featured_media":237601,"comment_status":"closed","ping_status":"open","sticky":false,"template":"","format":"standard","meta":{"_et_pb_use_builder":"","_et_pb_old_content":"","_et_gb_content_width":"","inline_featured_image":false,"footnotes":""},"categories":[155,227],"tags":[158,196,172],"class_list":["post-239431","post","type-post","status-publish","format-standard","has-post-thumbnail","hentry","category-monte-alto-es","category-ods-15-la-vida-en-la-tierra","tag-costa-rica-es","tag-proteccion-de-la-selva-tropical","tag-reforestacion"],"_links":{"self":[{"href":"https:\/\/tropica-verde.de\/es\/wp-json\/wp\/v2\/posts\/239431","targetHints":{"allow":["GET"]}}],"collection":[{"href":"https:\/\/tropica-verde.de\/es\/wp-json\/wp\/v2\/posts"}],"about":[{"href":"https:\/\/tropica-verde.de\/es\/wp-json\/wp\/v2\/types\/post"}],"author":[{"embeddable":true,"href":"https:\/\/tropica-verde.de\/es\/wp-json\/wp\/v2\/users\/11"}],"replies":[{"embeddable":true,"href":"https:\/\/tropica-verde.de\/es\/wp-json\/wp\/v2\/comments?post=239431"}],"version-history":[{"count":1,"href":"https:\/\/tropica-verde.de\/es\/wp-json\/wp\/v2\/posts\/239431\/revisions"}],"predecessor-version":[{"id":239438,"href":"https:\/\/tropica-verde.de\/es\/wp-json\/wp\/v2\/posts\/239431\/revisions\/239438"}],"wp:featuredmedia":[{"embeddable":true,"href":"https:\/\/tropica-verde.de\/es\/wp-json\/wp\/v2\/media\/237601"}],"wp:attachment":[{"href":"https:\/\/tropica-verde.de\/es\/wp-json\/wp\/v2\/media?parent=239431"}],"wp:term":[{"taxonomy":"category","embeddable":true,"href":"https:\/\/tropica-verde.de\/es\/wp-json\/wp\/v2\/categories?post=239431"},{"taxonomy":"post_tag","embeddable":true,"href":"https:\/\/tropica-verde.de\/es\/wp-json\/wp\/v2\/tags?post=239431"}],"curies":[{"name":"wp","href":"https:\/\/api.w.org\/{rel}","templated":true}]}}