{"id":239427,"date":"2024-04-13T23:52:20","date_gmt":"2024-04-13T21:52:20","guid":{"rendered":"https:\/\/tropica-verde.de\/experimentados-conservacionistas-de-la-selva-tropical-y-jovenes-investigadores-forman-equipo-en-la-reserva-kinkajou\/"},"modified":"2024-04-13T23:52:20","modified_gmt":"2024-04-13T21:52:20","slug":"experimentados-conservacionistas-de-la-selva-tropical-y-jovenes-investigadores-forman-equipo-en-la-reserva-kinkajou","status":"publish","type":"post","link":"https:\/\/tropica-verde.de\/es\/experimentados-conservacionistas-de-la-selva-tropical-y-jovenes-investigadores-forman-equipo-en-la-reserva-kinkajou\/","title":{"rendered":"Experimentados conservacionistas de la selva tropical y j\u00f3venes investigadores forman equipo en la Reserva Kinkajou"},"content":{"rendered":"<p>Estamos encantados de dar la bienvenida a la Reserva Kinkajou a dos j\u00f3venes alemanes amantes de la naturaleza, Lara Meller y Eric Sacher. Lara estudia ecolog\u00eda y planificaci\u00f3n medioambiental y dedica su tesis de licenciatura a la ecolog\u00eda y la fauna de la zona protegida. Eric empez\u00f3 como voluntario en Monte Alto a principios de enero y est\u00e1 aportando su experiencia en c\u00e1maras trampa y otros m\u00e9todos desde all\u00ed a la Reserva Kinkajou para apoyar a Lara en su trabajo de campo. Stefan Rother se encuentra in situ y, junto con Pedro M\u00e9ndez Tam, de Yatama Lodge, les ha presentado los trabajos actuales del proyecto. Les deseamos a Lara y Eric un tiempo emocionante y exitoso en Reserva Kinkajou.<br \/>\nDe izquierda a derecha: Lara, Eric, V\u00edctor, Luis y Pedro (Foto: Stefan Rother)<\/p>\n<p>&nbsp;<\/p>\n","protected":false},"excerpt":{"rendered":"<p>Estamos encantados de dar la bienvenida a la Reserva Kinkajou a dos j\u00f3venes alemanes amantes de la naturaleza, Lara Meller y Eric Sacher. Lara estudia ecolog\u00eda y planificaci\u00f3n medioambiental y dedica su tesis de licenciatura a la ecolog\u00eda y la fauna de la zona protegida. Eric empez\u00f3 como voluntario en Monte Alto a principios de [&hellip;]<\/p>\n","protected":false},"author":3,"featured_media":5615,"comment_status":"closed","ping_status":"open","sticky":false,"template":"","format":"standard","meta":{"_et_pb_use_builder":"","_et_pb_old_content":"","_et_gb_content_width":"","inline_featured_image":false,"footnotes":""},"categories":[228,227,243,157],"tags":[158,223],"class_list":["post-239427","post","type-post","status-publish","format-standard","has-post-thumbnail","hentry","category-labor-educativa-en-costa-rica","category-ods-15-la-vida-en-la-tierra","category-reserva-kinkajou-es","category-trabajo-educativo-en-alemania","tag-costa-rica-es","tag-voluntariado-es"],"_links":{"self":[{"href":"https:\/\/tropica-verde.de\/es\/wp-json\/wp\/v2\/posts\/239427","targetHints":{"allow":["GET"]}}],"collection":[{"href":"https:\/\/tropica-verde.de\/es\/wp-json\/wp\/v2\/posts"}],"about":[{"href":"https:\/\/tropica-verde.de\/es\/wp-json\/wp\/v2\/types\/post"}],"author":[{"embeddable":true,"href":"https:\/\/tropica-verde.de\/es\/wp-json\/wp\/v2\/users\/3"}],"replies":[{"embeddable":true,"href":"https:\/\/tropica-verde.de\/es\/wp-json\/wp\/v2\/comments?post=239427"}],"version-history":[{"count":0,"href":"https:\/\/tropica-verde.de\/es\/wp-json\/wp\/v2\/posts\/239427\/revisions"}],"wp:featuredmedia":[{"embeddable":true,"href":"https:\/\/tropica-verde.de\/es\/wp-json\/wp\/v2\/media\/5615"}],"wp:attachment":[{"href":"https:\/\/tropica-verde.de\/es\/wp-json\/wp\/v2\/media?parent=239427"}],"wp:term":[{"taxonomy":"category","embeddable":true,"href":"https:\/\/tropica-verde.de\/es\/wp-json\/wp\/v2\/categories?post=239427"},{"taxonomy":"post_tag","embeddable":true,"href":"https:\/\/tropica-verde.de\/es\/wp-json\/wp\/v2\/tags?post=239427"}],"curies":[{"name":"wp","href":"https:\/\/api.w.org\/{rel}","templated":true}]}}