{"id":239418,"date":"2024-04-13T23:52:18","date_gmt":"2024-04-13T21:52:18","guid":{"rendered":"https:\/\/tropica-verde.de\/puede-salvarse-el-guacamayo-soldado-entrevista-con-stefan-rother\/"},"modified":"2024-04-13T23:52:32","modified_gmt":"2024-04-13T21:52:32","slug":"puede-salvarse-el-guacamayo-soldado-entrevista-con-stefan-rother","status":"publish","type":"post","link":"https:\/\/tropica-verde.de\/es\/puede-salvarse-el-guacamayo-soldado-entrevista-con-stefan-rother\/","title":{"rendered":"\u00bfPuede salvarse el guacamayo soldado? - Entrevista con Stefan Rother"},"content":{"rendered":"<p>[et_pb_section fb_built=\u00bb1&#8243; admin_label=\u00bbsection\u00bb _builder_version=\u00bb4.16&#8243; global_colors_info=\u00bb{}\u00bb][et_pb_row _builder_version=\u00bb4.23.1&#8243; _module_preset=\u00bbdefault\u00bb global_colors_info=\u00bb{}\u00bb][et_pb_column type=\u00bb4_4&#8243; _builder_version=\u00bb4.23.1&#8243; _module_preset=\u00bbdefault\u00bb global_colors_info=\u00bb{}\u00bb][et_pb_gallery gallery_ids=\u00bb238772,238781,238778,238769&#8243; fullwidth=\u00bbon\u00bb _builder_version=\u00bb4.23.1&#8243; _module_preset=\u00bbdefault\u00bb global_colors_info=\u00bb{}\u00bb][\/et_pb_gallery][et_pb_text admin_label=\u00bbText\u00bb _builder_version=\u00bb4.16&#8243; background_size=\u00bbinitial\u00bb background_position=\u00bbtop_left\u00bb background_repeat=\u00bbrepeat\u00bb global_colors_info=\u00bb{}\u00bb]<\/p>\n<p><strong style=\"font-size: large; font-family: 'Source Sans 3', Helvetica, Arial, Lucida, sans-serif;\"><\/strong><\/p>\n<p><strong style=\"font-size: large; font-family: 'Source Sans 3', Helvetica, Arial, Lucida, sans-serif;\">El Dr. Stefan Rother es bi\u00f3logo cualificado, fot\u00f3grafo y, sobre todo, conservacionista de la selva tropical. Como miembro fundador de Tropica Verde, Stefan lleva m\u00e1s de 30 a\u00f1os comprometido con la protecci\u00f3n de los bosques tropicales y del gran guacamayo soldado.<\/strong><\/p>\n<p>En una entrevista con \u00abPlantaciones Edelman\u00bb, un proyecto de reforestaci\u00f3n en Costa Rica, Stefan explica la situaci\u00f3n actual del guacamayo soldado en Costa Rica y c\u00f3mo Tropica Verde protege a los animales. Tambi\u00e9n revela trucos y consejos para instalar nidos a alturas de v\u00e9rtigo.<\/p>\n<p><!-- \/wp:post-content --><!-- wp:paragraph --><!-- wp:paragraph -->\u00a1Divi\u00e9rtase leyendo!<!-- \/wp:paragraph --><!-- \/wp:paragraph --><\/p>\n<div class=\"wp-block-buttons\">\n<p><!-- wp:button --><\/p>\n<div class=\"wp-block-button\"><a class=\"wp-block-button__link wp-element-button\" href=\"https:\/\/plantacionesedelman.com\/interview-mit-diplombiologe-bin-optimistisch-dass-der-grosse-soldaten-ara-in-costa-rica-gerettet-werden-kann\/\" target=\"_blank\" rel=\"https:\/\/plantacionesedelman.com\/interview-mit-diplombiologe-bin-optimistisch-dass-der-grosse-soldaten-ara-in-costa-rica-gerettet-werden-kann\/ noopener nofollow\">A la entrevista<\/a><\/div>\n<\/div>\n<p><span style=\"font-size: large;\"><strong><\/strong><\/span><\/p>\n<div class=\"wp-block-buttons\"><\/div>\n<p>&nbsp;<\/p>\n<figure class=\"wp-block-image size-large\"><\/figure>\n<p><!-- \/wp:button --><\/p>\n<p>[\/et_pb_text][\/et_pb_column][\/et_pb_row][\/et_pb_section]<\/p>\n","protected":false},"excerpt":{"rendered":"<p>El Dr. Stefan Rother es bi\u00f3logo cualificado, fot\u00f3grafo y, sobre todo, conservacionista de la selva tropical. Como miembro fundador de Tropica Verde, Stefan lleva m\u00e1s de 30 a\u00f1os comprometido con la protecci\u00f3n de los bosques tropicales y del gran guacamayo soldado. En una entrevista con \u00abPlantaciones Edelman\u00bb, un proyecto de reforestaci\u00f3n en Costa Rica, Stefan [&hellip;]<\/p>\n","protected":false},"author":5,"featured_media":237609,"comment_status":"closed","ping_status":"open","sticky":false,"template":"","format":"standard","meta":{"_et_pb_use_builder":"on","_et_pb_old_content":"","_et_gb_content_width":"","inline_featured_image":false,"footnotes":""},"categories":[233,227,243,205],"tags":[],"class_list":["post-239418","post","type-post","status-publish","format-standard","has-post-thumbnail","hentry","category-finca-lapa-verde-es","category-ods-15-la-vida-en-la-tierra","category-reserva-kinkajou-es","category-testimonios"],"_links":{"self":[{"href":"https:\/\/tropica-verde.de\/es\/wp-json\/wp\/v2\/posts\/239418","targetHints":{"allow":["GET"]}}],"collection":[{"href":"https:\/\/tropica-verde.de\/es\/wp-json\/wp\/v2\/posts"}],"about":[{"href":"https:\/\/tropica-verde.de\/es\/wp-json\/wp\/v2\/types\/post"}],"author":[{"embeddable":true,"href":"https:\/\/tropica-verde.de\/es\/wp-json\/wp\/v2\/users\/5"}],"replies":[{"embeddable":true,"href":"https:\/\/tropica-verde.de\/es\/wp-json\/wp\/v2\/comments?post=239418"}],"version-history":[{"count":1,"href":"https:\/\/tropica-verde.de\/es\/wp-json\/wp\/v2\/posts\/239418\/revisions"}],"predecessor-version":[{"id":239424,"href":"https:\/\/tropica-verde.de\/es\/wp-json\/wp\/v2\/posts\/239418\/revisions\/239424"}],"wp:featuredmedia":[{"embeddable":true,"href":"https:\/\/tropica-verde.de\/es\/wp-json\/wp\/v2\/media\/237609"}],"wp:attachment":[{"href":"https:\/\/tropica-verde.de\/es\/wp-json\/wp\/v2\/media?parent=239418"}],"wp:term":[{"taxonomy":"category","embeddable":true,"href":"https:\/\/tropica-verde.de\/es\/wp-json\/wp\/v2\/categories?post=239418"},{"taxonomy":"post_tag","embeddable":true,"href":"https:\/\/tropica-verde.de\/es\/wp-json\/wp\/v2\/tags?post=239418"}],"curies":[{"name":"wp","href":"https:\/\/api.w.org\/{rel}","templated":true}]}}