{"id":239409,"date":"2024-04-13T23:52:14","date_gmt":"2024-04-13T21:52:14","guid":{"rendered":"https:\/\/tropica-verde.de\/nuevo-responsable-de-educacion-medioambiental-en-monte-alto\/"},"modified":"2025-02-01T03:13:33","modified_gmt":"2025-02-01T01:13:33","slug":"nuevo-responsable-de-educacion-medioambiental-en-monte-alto","status":"publish","type":"post","link":"https:\/\/tropica-verde.de\/es\/nuevo-responsable-de-educacion-medioambiental-en-monte-alto\/","title":{"rendered":"Nuevo responsable de educaci\u00f3n medioambiental en Monte Alto"},"content":{"rendered":"<p>[et_pb_section fb_built=\u00bb1&#8243; admin_label=\u00bbsection\u00bb _builder_version=\u00bb4.16&#8243; global_colors_info=\u00bb{}\u00bb][et_pb_row admin_label=\u00bbfila\u00bb _builder_version=\u00bb4.16&#8243; background_size=\u00bbinitial\u00bb background_position=\u00bbtop_left\u00bb background_repeat=\u00bbrepeat\u00bb global_colors_info=\u00bb{}\u00bb][et_pb_column type=\u00bb4_4&#8243; _builder_version=\u00bb4.16&#8243; custom_padding=\u00bb|||\u00bb global_colors_info=\u00bb{}\u00bb custom_padding__hover=\u00bb|||\u00bb][et_pb_text admin_label=\u00bbText\u00bb _builder_version=\u00bb4.16&#8243; background_size=\u00bbinitial\u00bb background_position=\u00bbtop_left\u00bb background_repeat=\u00bbrepeat\u00bb global_colors_info=\u00bb{}\u00bb]<\/p>\n<p>En 2019, Finca Alicia fue plantada con m\u00e1s de 1100 \u00e1rboles de 40 especies diferentes. Numerosos escolares y estudiantes de la regi\u00f3n echaron una mano. Con el comienzo de la temporada de lluvias, a principios de mayo de 2020, podremos evaluar con mayor precisi\u00f3n en qu\u00e9 medida los \u00e1rboles j\u00f3venes han sobrevivido a la calurosa estaci\u00f3n seca. Un inventario reciente mostr\u00f3 el muy buen estado de la plantaci\u00f3n. El proyecto fue<strong> gestionado y supervisado<\/strong> con \u00e9xito por nuestro<strong> ingeniero forestal V\u00edctor Esquivel durante 2 a\u00f1os<\/strong>.  V\u00edctor cambi\u00f3 de profesi\u00f3n a principios de 2020 y queremos agradecerle enormemente su labor profesional de reforestaci\u00f3n y su gran compromiso con la educaci\u00f3n medioambiental. Trabajar con \u00e9l fue muy divertido y le deseamos lo mejor para el futuro.<\/p>\n<p>Al <strong>mismo tiempo, estamos encantados<\/strong> de <strong>haber encontrado un sucesor profesional para la educaci\u00f3n medioambiental<\/strong> en Alexis Obreg\u00f3n Carillo. A principios de 2020, nuestro coordinador de proyectos Stefan Rother y Alexis ya han elaborado un plan de proyecto para los pr\u00f3ximos dos a\u00f1os, que tambi\u00e9n incluye numerosas ideas y proyectos nuevos. Adem\u00e1s de la educaci\u00f3n medioambiental tradicional en m\u00e1s de 10 escuelas y universidades regionales, pondremos en pr\u00e1ctica nuevas ideas con los alumnos, como la creaci\u00f3n de <strong>jardines<\/strong> locales <strong>con plantas medicinales en las escuelas<\/strong>.  Aqu\u00ed, los conocimientos de las generaciones mayores deben transmitirse a los alumnos y realizarse directamente con los viveros. Al mismo tiempo, nos gustar\u00eda aprovechar la proximidad inmediata entre las zonas reforestadas protegidas y las <strong>plantaciones de<\/strong> peque\u00f1as parcelas <strong>de frutales y caf\u00e9 de la cuenca del Hojancha<\/strong> para establecer un proyecto modelo que combine la conservaci\u00f3n de los bosques, la agricultura y la apicultura.<\/p>\n<p>Tambi\u00e9n se est\u00e1n teniendo m\u00e1s en cuenta los aspectos cient\u00edficos: Junto con la Fundaci\u00f3n Monte Alto y el Fondo Guanacaste, hemos logrado reforestar m\u00e1s del 60% de las aproximadamente 900 hect\u00e1reas de la cuenca con bosque mixto natural en 25 a\u00f1os. A partir de 2020, llevaremos a cabo cada vez m\u00e1s la <strong>determinaci\u00f3n e identificaci\u00f3n de especies animales y vegetales<\/strong> en la regi\u00f3n reforestada. Esto incluye tambi\u00e9n el establecimiento de c\u00e1maras trampa, destinadas principalmente a proporcionar datos sobre mam\u00edferos nocturnos. Deseamos a nuestro joven socio de proyecto Alexis un buen comienzo y mucho \u00e9xito con este amplio programa de educaci\u00f3n medioambiental, conservaci\u00f3n de la naturaleza y ciencia.<\/p>\n<div id=\"attachment_3784\" style=\"width: 1034px\" class=\"wp-caption aligncenter\"><img loading=\"lazy\" decoding=\"async\" aria-describedby=\"caption-attachment-3784\" class=\"wp-image-3784 size-large\" src=\"http:\/\/www.tropica-verde.de\/wp-content\/uploads\/2020\/04\/Alexis-und-Miguel-1024x682.jpg\" alt=\"\" width=\"1024\" height=\"682\" title=\"\"><p id=\"caption-attachment-3784\" class=\"wp-caption-text\">Alexis explica los m\u00f3dulos individuales de educaci\u00f3n ambiental a Stefan (izquierda), observado atentamente por el director de la Fundaci\u00f3n Monte Alto, Miguel M\u00e9ndez (derecha), y los j\u00f3venes, muy interesados.<\/p><\/div>\n<p>Fotos: \u00a9 Stefan Rother - Faunity &amp; Michael Ott<\/p>\n<p>[\/et_pb_text][\/et_pb_column][\/et_pb_row][\/et_pb_section]<\/p>\n","protected":false},"excerpt":{"rendered":"<p>En 2019, Finca Alicia fue plantada con m\u00e1s de 1100 \u00e1rboles de 40 especies diferentes. Numerosos escolares y estudiantes de la regi\u00f3n echaron una mano. Con el comienzo de la temporada de lluvias, a principios de mayo de 2020, podremos evaluar con mayor precisi\u00f3n en qu\u00e9 medida los \u00e1rboles j\u00f3venes han sobrevivido a la calurosa [&hellip;]<\/p>\n","protected":false},"author":3,"featured_media":5563,"comment_status":"closed","ping_status":"open","sticky":false,"template":"","format":"standard","meta":{"_et_pb_use_builder":"on","_et_pb_old_content":"","_et_gb_content_width":"","inline_featured_image":false,"footnotes":""},"categories":[228,155,216],"tags":[],"class_list":["post-239409","post","type-post","status-publish","format-standard","has-post-thumbnail","hentry","category-labor-educativa-en-costa-rica","category-monte-alto-es","category-noticias-de-los-proyectos"],"_links":{"self":[{"href":"https:\/\/tropica-verde.de\/es\/wp-json\/wp\/v2\/posts\/239409","targetHints":{"allow":["GET"]}}],"collection":[{"href":"https:\/\/tropica-verde.de\/es\/wp-json\/wp\/v2\/posts"}],"about":[{"href":"https:\/\/tropica-verde.de\/es\/wp-json\/wp\/v2\/types\/post"}],"author":[{"embeddable":true,"href":"https:\/\/tropica-verde.de\/es\/wp-json\/wp\/v2\/users\/3"}],"replies":[{"embeddable":true,"href":"https:\/\/tropica-verde.de\/es\/wp-json\/wp\/v2\/comments?post=239409"}],"version-history":[{"count":2,"href":"https:\/\/tropica-verde.de\/es\/wp-json\/wp\/v2\/posts\/239409\/revisions"}],"predecessor-version":[{"id":246536,"href":"https:\/\/tropica-verde.de\/es\/wp-json\/wp\/v2\/posts\/239409\/revisions\/246536"}],"wp:featuredmedia":[{"embeddable":true,"href":"https:\/\/tropica-verde.de\/es\/wp-json\/wp\/v2\/media\/5563"}],"wp:attachment":[{"href":"https:\/\/tropica-verde.de\/es\/wp-json\/wp\/v2\/media?parent=239409"}],"wp:term":[{"taxonomy":"category","embeddable":true,"href":"https:\/\/tropica-verde.de\/es\/wp-json\/wp\/v2\/categories?post=239409"},{"taxonomy":"post_tag","embeddable":true,"href":"https:\/\/tropica-verde.de\/es\/wp-json\/wp\/v2\/tags?post=239409"}],"curies":[{"name":"wp","href":"https:\/\/api.w.org\/{rel}","templated":true}]}}