{"id":239392,"date":"2024-04-13T23:52:03","date_gmt":"2024-04-13T21:52:03","guid":{"rendered":"https:\/\/tropica-verde.de\/educacion-medioambiental-en-la-gruene-boerse-2019\/"},"modified":"2024-07-04T23:38:56","modified_gmt":"2024-07-04T21:38:56","slug":"educacion-medioambiental-en-la-gruene-boerse-2019","status":"publish","type":"post","link":"https:\/\/tropica-verde.de\/es\/educacion-medioambiental-en-la-gruene-boerse-2019\/","title":{"rendered":"Educaci\u00f3n medioambiental en la Gr\u00fcne B\u00f6rse 2019"},"content":{"rendered":"<div class=\"csc-header csc-header-n1\">\n<h2>Stand informativo sobre el guacamayo real en el Palmengarten de Fr\u00e1ncfort<\/h2>\n<p><strong>Fr\u00e1ncfort, por supuesto. Descubrir los h\u00e1bitats: \u00a1proteger la diversidad!<\/strong><\/p>\n<p>Entre el 15 y el 17 de marzo de 2019, la Bolsa Verde volver\u00e1 a celebrarse en el Palmengarten.<br \/>\nTropica Verde volver\u00e1 a estar representada con un stand informativo, como sabemos por grandes ciudades como Fr\u00e1ncfort: el espacio es escaso y la escasez de viviendas es grande, comer alimentos cultivados en la puerta de casa es casi imposible. La selva tropical de Costa Rica no es diferente. Aqu\u00ed, debido a la deforestaci\u00f3n y los monocultivos, no s\u00f3lo el guacamayo moteado busca comida y refugio. En nuestro stand le mostraremos c\u00f3mo podemos colaborar para ayudar a los guacamayos en su b\u00fasqueda de alojamiento.<\/p>\n<p class=\"bodytext\">Encontrar\u00e1 m\u00e1s informaci\u00f3n sobre la Bolsa Verde e indicaciones para llegar a nuestro stand en el <a href=\"https:\/\/www.biofrankfurt.de\/aktivitaeten\/gruene-boerse-im-palmengarten\/gruene-boerse-2019\/\" rel=\"nofollow noopener\" target=\"_blank\">sitio web de BioFrankfurt<\/a>.<\/p>\n<p class=\"bodytext\">Esperamos su visita.<\/p>\n<\/div>\n","protected":false},"excerpt":{"rendered":"<p>Stand informativo sobre el guacamayo real en el Palmengarten de Fr\u00e1ncfort Fr\u00e1ncfort, por supuesto. Descubrir los h\u00e1bitats: \u00a1proteger la diversidad! Entre el 15 y el 17 de marzo de 2019, la Bolsa Verde volver\u00e1 a celebrarse en el Palmengarten. Tropica Verde volver\u00e1 a estar representada con un stand informativo, como sabemos por grandes ciudades como [&hellip;]<\/p>\n","protected":false},"author":6,"featured_media":5380,"comment_status":"closed","ping_status":"open","sticky":false,"template":"","format":"standard","meta":{"_et_pb_use_builder":"","_et_pb_old_content":"","_et_gb_content_width":"","inline_featured_image":false,"footnotes":""},"categories":[149,225,226,227,157],"tags":[],"class_list":["post-239392","post","type-post","status-publish","format-standard","has-post-thumbnail","hentry","category-eventos-fechas","category-ods-12-consumo-y-produccion-sostenibles","category-ods-13-accion-por-el-clima","category-ods-15-la-vida-en-la-tierra","category-trabajo-educativo-en-alemania"],"_links":{"self":[{"href":"https:\/\/tropica-verde.de\/es\/wp-json\/wp\/v2\/posts\/239392","targetHints":{"allow":["GET"]}}],"collection":[{"href":"https:\/\/tropica-verde.de\/es\/wp-json\/wp\/v2\/posts"}],"about":[{"href":"https:\/\/tropica-verde.de\/es\/wp-json\/wp\/v2\/types\/post"}],"author":[{"embeddable":true,"href":"https:\/\/tropica-verde.de\/es\/wp-json\/wp\/v2\/users\/6"}],"replies":[{"embeddable":true,"href":"https:\/\/tropica-verde.de\/es\/wp-json\/wp\/v2\/comments?post=239392"}],"version-history":[{"count":1,"href":"https:\/\/tropica-verde.de\/es\/wp-json\/wp\/v2\/posts\/239392\/revisions"}],"predecessor-version":[{"id":244286,"href":"https:\/\/tropica-verde.de\/es\/wp-json\/wp\/v2\/posts\/239392\/revisions\/244286"}],"wp:featuredmedia":[{"embeddable":true,"href":"https:\/\/tropica-verde.de\/es\/wp-json\/wp\/v2\/media\/5380"}],"wp:attachment":[{"href":"https:\/\/tropica-verde.de\/es\/wp-json\/wp\/v2\/media?parent=239392"}],"wp:term":[{"taxonomy":"category","embeddable":true,"href":"https:\/\/tropica-verde.de\/es\/wp-json\/wp\/v2\/categories?post=239392"},{"taxonomy":"post_tag","embeddable":true,"href":"https:\/\/tropica-verde.de\/es\/wp-json\/wp\/v2\/tags?post=239392"}],"curies":[{"name":"wp","href":"https:\/\/api.w.org\/{rel}","templated":true}]}}