{"id":239390,"date":"2024-04-13T23:52:02","date_gmt":"2024-04-13T21:52:02","guid":{"rendered":"https:\/\/tropica-verde.de\/visita-a-la-reserva-kinkajou-informe-de-tina-kitzing\/"},"modified":"2024-04-13T23:52:02","modified_gmt":"2024-04-13T21:52:02","slug":"visita-a-la-reserva-kinkajou-informe-de-tina-kitzing","status":"publish","type":"post","link":"https:\/\/tropica-verde.de\/es\/visita-a-la-reserva-kinkajou-informe-de-tina-kitzing\/","title":{"rendered":"Visita a la Reserva Kinkajou - Informe de Tina Kitzing"},"content":{"rendered":"<p>Desde principios de octubre de 2018 hasta finales de marzo de 2019, viaj\u00e9 de mochilero por Costa Rica y Panam\u00e1 en busca de proyectos de conservaci\u00f3n y reforestaci\u00f3n de la selva tropical. La gente que conoc\u00ed en mi viaje me habl\u00f3 de Tropica Verde. Por eso investigu\u00e9 un poco y me puse en contacto con Stefan Rother, que viaja mucho por Costa Rica para Tropica Verde, entre otros, y me habl\u00f3 del nuevo proyecto Kinkajou.<\/p>\n<p>Llegu\u00e9 al Yatama Lodge una tarde despu\u00e9s de un viaje lleno de aventuras con el experimentado conductor y amable anfitri\u00f3n Pedro. Donde hace 15 a\u00f1os hab\u00eda pastos para vacas, las sencillas caba\u00f1as est\u00e1n ahora rodeadas de un frondoso bosque secundario. Pedro cambi\u00f3 en su d\u00eda su casa de San Jos\u00e9 por estas tierras y ahora est\u00e1 justificadamente orgulloso del bosque que ahora crece aqu\u00ed y de los animales que han vuelto a instalarse despu\u00e9s de que \u00e9l plantara muchos \u00e1rboles. Construy\u00f3 el 60% de las caba\u00f1as, la acogedora habitaci\u00f3n de invitados y las pasarelas de madera entre ellas con madera encontrada en los pastos de vacas procedentes de anteriores deforestaciones.<\/p>\n<p>En la Reserva Kinkajou, los hu\u00e9spedes pueden realizar varias rutas de senderismo por el bosque y emocionantes excursiones diurnas y nocturnas con el propio anfitri\u00f3n o su gu\u00eda. Tras una deliciosa y copiosa cena, me maravill\u00e9 ante ranas, serpientes, insectos y el simp\u00e1tico kinkajou, que da nombre a la nueva reserva Tropica Verde, en las excursiones nocturnas.<br \/>\nAcud\u00eda regularmente a la Reserva, que linda con la zona de Pedro y el Parque Nacional Braulio Carillo, a las 5.30 de la ma\u00f1ana, con la sinfon\u00eda matinal de la naturaleza. Me horroriz\u00f3 ver que aqu\u00ed todo hab\u00eda sido talado. Los peque\u00f1os loros verdes graznaban al amanecer en \u00e1rboles muy dispersos y yo lloraba. En la parcela vecina, pr\u00e1cticamente despejada, hay una casa de madera de la mejor calidad, que parece haber estado habitada recientemente. Delante cuelga una peque\u00f1a jaula casera hecha de malla met\u00e1lica y una percha para loros en la que sol\u00edan vivir loros con las alas cortadas. Fue impactante verlo y la triste visi\u00f3n me conmovi\u00f3 profundamente.<\/p>\n<p><img loading=\"lazy\" decoding=\"async\" class=\"alignnone size-large wp-image-3241\" src=\"http:\/\/www.tropica-verde.de\/wp-content\/uploads\/2019\/04\/Vogelk%C3%A4fig-1-768x1024.jpg\" alt=\"\" width=\"768\" height=\"1024\" title=\"\"><\/p>\n<p><img loading=\"lazy\" decoding=\"async\" class=\"alignnone size-large wp-image-3242\" src=\"http:\/\/www.tropica-verde.de\/wp-content\/uploads\/2019\/04\/Vogelstange-1-1024x768.jpg\" alt=\"\" width=\"1024\" height=\"768\" title=\"\"><\/p>\n<p>Pedro me cont\u00f3 despu\u00e9s que aqu\u00ed viv\u00eda un le\u00f1ador que ofreci\u00f3 al antiguo propietario lo siguiente: Corta la madera, la vende y luego puede comprar la tierra y utilizarla para cultivar. As\u00ed que lo tal\u00f3 todo, se construy\u00f3 una casa, vendi\u00f3 la madera por su cuenta y se qued\u00f3 con las ganancias. Desgraciadamente, dej\u00f3 tras de s\u00ed una tierra devastada en gran medida, y los animales de all\u00ed se vieron privados de gran parte de su h\u00e1bitat. Este biocorredor, en gran parte deforestado pero de gran importancia ecol\u00f3gica, ha sido protegido mediante la compra de Tropica Verde y es ahora la base del proyecto de reforestaci\u00f3n \u00abReserva Kinkajou\u00bb.<\/p>\n<p>M\u00e1s tarde conoc\u00ed a una familia de San Francisco que tambi\u00e9n hab\u00eda visitado la Reserva Kinkajou el d\u00eda anterior. Grant, de 10 a\u00f1os, me cont\u00f3 orgulloso que est\u00e1 utilizando su dinero de bolsillo para replantar el bosque de esta zona. Sus padres le dan 9 $ de calderilla: 3 $ para gastar, 3 $ para ahorrar y 3 $ para regalar. Quiere utilizar el dinero para salvar y dar a replantar 25 \u00e1rboles donde fueron talados. Cuando le pregunt\u00e9 por qu\u00e9 lo hac\u00eda, me dio la respuesta:<\/p>\n<p><em>\u00abPara que los animales vuelvan a tener los \u00e1rboles como hogar y puedan desplazarse de un bosque a otro\u00bb.<\/em><\/p>\n<p>Tambi\u00e9n me ense\u00f1\u00f3 una lista de 54 especies animales que vio en el bosque de Pedro en s\u00f3lo dos d\u00edas y las dibuj\u00f3. Su hermana Jillian, de 7 a\u00f1os, a\u00f1adi\u00f3: \u00abQue la tierra de los animales ha sido destruida y necesita ser reparada.<\/p>\n<p><img loading=\"lazy\" decoding=\"async\" class=\"alignnone size-large wp-image-3243\" src=\"http:\/\/www.tropica-verde.de\/wp-content\/uploads\/2019\/04\/Zeichnung-von-Grant-1-1024x768.jpg\" alt=\"\" width=\"1024\" height=\"768\" title=\"\"><\/p>\n<p>\u00a1\u00a1\u00a1Gracias a los perspicaces, previsores y a todos los donantes!!!<\/p>\n<p><strong>Prof. MA Dipl.-Ing. Tina Kitzing<\/strong>, Universidad Beuth de Ciencias Aplicadas de Berl\u00edn, Facultad: Tecnolog\u00eda y Gesti\u00f3n de Eventos, Asignatura: Dise\u00f1o de Eventos, recaud\u00f3 dinero para la selva tropical de Costa Rica cuando era ni\u00f1a en el llamamiento anual de la escuela a los vecinos para que hicieran donativos. Como la caja de donativos siempre estaba llena y ella era la que m\u00e1s hab\u00eda recaudado, hab\u00eda un premio en forma de libro y la elecci\u00f3n siempre era a favor de un libro de fotos con muchos animales fant\u00e1sticos de la selva tropical. Siempre le ha fascinado la naturaleza y hace 10 a\u00f1os, cuando ten\u00eda 40, viaj\u00f3 por fin a Costa Rica. Cuando visit\u00f3 el Bosque de los Ni\u00f1os en Monteverde, hab\u00eda un cartel que dec\u00eda que este bosque existe porque los ni\u00f1os de todo el mundo llevan recolectando para \u00e9l desde los a\u00f1os ochenta. Esto la conmovi\u00f3 profundamente y desde entonces ha luchado activamente por la protecci\u00f3n de la selva tropical y la reforestaci\u00f3n, y quiere transmitirlo a sus alumnos y a las generaciones futuras. Ahora est\u00e1 pasando un semestre en un viaje de investigaci\u00f3n.<\/p>\n<p>Fotos: \u00a9 Tina Kitzing<\/p>\n","protected":false},"excerpt":{"rendered":"<p>Desde principios de octubre de 2018 hasta finales de marzo de 2019, viaj\u00e9 de mochilero por Costa Rica y Panam\u00e1 en busca de proyectos de conservaci\u00f3n y reforestaci\u00f3n de la selva tropical. La gente que conoc\u00ed en mi viaje me habl\u00f3 de Tropica Verde. Por eso investigu\u00e9 un poco y me puse en contacto con [&hellip;]<\/p>\n","protected":false},"author":6,"featured_media":5388,"comment_status":"closed","ping_status":"open","sticky":false,"template":"","format":"standard","meta":{"_et_pb_use_builder":"","_et_pb_old_content":"","_et_gb_content_width":"","inline_featured_image":false,"footnotes":""},"categories":[243,205],"tags":[],"class_list":["post-239390","post","type-post","status-publish","format-standard","has-post-thumbnail","hentry","category-reserva-kinkajou-es","category-testimonios"],"_links":{"self":[{"href":"https:\/\/tropica-verde.de\/es\/wp-json\/wp\/v2\/posts\/239390","targetHints":{"allow":["GET"]}}],"collection":[{"href":"https:\/\/tropica-verde.de\/es\/wp-json\/wp\/v2\/posts"}],"about":[{"href":"https:\/\/tropica-verde.de\/es\/wp-json\/wp\/v2\/types\/post"}],"author":[{"embeddable":true,"href":"https:\/\/tropica-verde.de\/es\/wp-json\/wp\/v2\/users\/6"}],"replies":[{"embeddable":true,"href":"https:\/\/tropica-verde.de\/es\/wp-json\/wp\/v2\/comments?post=239390"}],"version-history":[{"count":0,"href":"https:\/\/tropica-verde.de\/es\/wp-json\/wp\/v2\/posts\/239390\/revisions"}],"wp:featuredmedia":[{"embeddable":true,"href":"https:\/\/tropica-verde.de\/es\/wp-json\/wp\/v2\/media\/5388"}],"wp:attachment":[{"href":"https:\/\/tropica-verde.de\/es\/wp-json\/wp\/v2\/media?parent=239390"}],"wp:term":[{"taxonomy":"category","embeddable":true,"href":"https:\/\/tropica-verde.de\/es\/wp-json\/wp\/v2\/categories?post=239390"},{"taxonomy":"post_tag","embeddable":true,"href":"https:\/\/tropica-verde.de\/es\/wp-json\/wp\/v2\/tags?post=239390"}],"curies":[{"name":"wp","href":"https:\/\/api.w.org\/{rel}","templated":true}]}}