{"id":239389,"date":"2024-04-13T23:52:02","date_gmt":"2024-04-13T21:52:02","guid":{"rendered":"https:\/\/tropica-verde.de\/igs-nordend-corre-por-la-selva-tropical\/"},"modified":"2024-07-09T23:12:55","modified_gmt":"2024-07-09T21:12:55","slug":"igs-nordend-corre-por-la-selva-tropical","status":"publish","type":"post","link":"https:\/\/tropica-verde.de\/es\/igs-nordend-corre-por-la-selva-tropical\/","title":{"rendered":"IGS Nordend corre por la selva tropical"},"content":{"rendered":"<p>En la carrera ben\u00e9fica IGS Nordend de este a\u00f1o se recaud\u00f3 un total de <strong>5900,25 euros<\/strong>. En la fiesta anual de la escuela, los alumnos entregaron oficialmente la donaci\u00f3n a Tropica Verde delante de los visitantes.<\/p>\n<p><img loading=\"lazy\" decoding=\"async\" class=\"wp-image-3292 aligncenter\" src=\"http:\/\/www.tropica-verde.de\/wp-content\/uploads\/2019\/06\/20190619_104411-1-1024x576.jpg\" alt=\"\" width=\"583\" height=\"328\" title=\"\"><\/p>\n<p>No es la primera donaci\u00f3n de este tipo. IGS Nordend persigue el <strong>objetivo de la neutralidad de CO2<\/strong> y ha calculado que necesita plantar 4.000 \u00e1rboles para lograrlo. Llevan varios a\u00f1os colaborando con nuestra asociaci\u00f3n. Nos hab\u00e9is apoyado activamente en la compra de <strong>la Finca Alicia en Monte Alto<\/strong>. La segunda donaci\u00f3n se utilizar\u00e1 para plantar la <strong>\u00abhect\u00e1rea IGS\u00bb<\/strong> en la Finca Alicia. La tercera donaci\u00f3n se destinar\u00e1 ahora al \u00faltimo proyecto: la reforestaci\u00f3n de la Reserva Kinkajou.<\/p>\n<p>Tras investigaciones y c\u00e1lculos detallados, se definieron 3 hect\u00e1reas para reforestaci\u00f3n en la <strong>Reserva Kinkajou<\/strong>. Gracias a esta donaci\u00f3n, junto con otra de plantones de \u00e1rboles, se podr\u00e1n plantar y mantener las 3 hect\u00e1reas durante un a\u00f1o. Las 3 hect\u00e1reas restantes de la Reserva Kinkajou a\u00fan est\u00e1n cubiertas de maleza o pueden regenerarse de forma natural.<\/p>\n<p>Estamos muy contentos por esta gran contribuci\u00f3n a la selva tropical y queremos dar las gracias a los estudiantes de la IGS.<\/p>\n","protected":false},"excerpt":{"rendered":"<p>En la carrera ben\u00e9fica IGS Nordend de este a\u00f1o se recaud\u00f3 un total de 5900,25 euros. En la fiesta anual de la escuela, los alumnos entregaron oficialmente la donaci\u00f3n a Tropica Verde delante de los visitantes. No es la primera donaci\u00f3n de este tipo. IGS Nordend persigue el objetivo de la neutralidad de CO2 y [&hellip;]<\/p>\n","protected":false},"author":3,"featured_media":5420,"comment_status":"closed","ping_status":"open","sticky":false,"template":"","format":"standard","meta":{"_et_pb_use_builder":"","_et_pb_old_content":"","_et_gb_content_width":"","inline_featured_image":false,"footnotes":""},"categories":[226,147,157],"tags":[],"class_list":["post-239389","post","type-post","status-publish","format-standard","has-post-thumbnail","hentry","category-ods-13-accion-por-el-clima","category-todo-lo-demas-sobre-el-club","category-trabajo-educativo-en-alemania"],"_links":{"self":[{"href":"https:\/\/tropica-verde.de\/es\/wp-json\/wp\/v2\/posts\/239389","targetHints":{"allow":["GET"]}}],"collection":[{"href":"https:\/\/tropica-verde.de\/es\/wp-json\/wp\/v2\/posts"}],"about":[{"href":"https:\/\/tropica-verde.de\/es\/wp-json\/wp\/v2\/types\/post"}],"author":[{"embeddable":true,"href":"https:\/\/tropica-verde.de\/es\/wp-json\/wp\/v2\/users\/3"}],"replies":[{"embeddable":true,"href":"https:\/\/tropica-verde.de\/es\/wp-json\/wp\/v2\/comments?post=239389"}],"version-history":[{"count":1,"href":"https:\/\/tropica-verde.de\/es\/wp-json\/wp\/v2\/posts\/239389\/revisions"}],"predecessor-version":[{"id":244539,"href":"https:\/\/tropica-verde.de\/es\/wp-json\/wp\/v2\/posts\/239389\/revisions\/244539"}],"wp:featuredmedia":[{"embeddable":true,"href":"https:\/\/tropica-verde.de\/es\/wp-json\/wp\/v2\/media\/5420"}],"wp:attachment":[{"href":"https:\/\/tropica-verde.de\/es\/wp-json\/wp\/v2\/media?parent=239389"}],"wp:term":[{"taxonomy":"category","embeddable":true,"href":"https:\/\/tropica-verde.de\/es\/wp-json\/wp\/v2\/categories?post=239389"},{"taxonomy":"post_tag","embeddable":true,"href":"https:\/\/tropica-verde.de\/es\/wp-json\/wp\/v2\/tags?post=239389"}],"curies":[{"name":"wp","href":"https:\/\/api.w.org\/{rel}","templated":true}]}}