{"id":239386,"date":"2024-04-13T23:52:01","date_gmt":"2024-04-13T21:52:01","guid":{"rendered":"https:\/\/tropica-verde.de\/feria-de-la-sostenibilidad-kuleana-green-market\/"},"modified":"2025-02-01T02:54:19","modified_gmt":"2025-02-01T00:54:19","slug":"feria-de-la-sostenibilidad-kuleana-green-market","status":"publish","type":"post","link":"https:\/\/tropica-verde.de\/es\/feria-de-la-sostenibilidad-kuleana-green-market\/","title":{"rendered":"Feria de la sostenibilidad Kuleana Green Market"},"content":{"rendered":"<p>[et_pb_section fb_built=\u00bb1&#8243; admin_label=\u00bbsection\u00bb _builder_version=\u00bb4.16&#8243; global_colors_info=\u00bb{}\u00bb][et_pb_row admin_label=\u00bbfila\u00bb _builder_version=\u00bb4.16&#8243; background_size=\u00bbinitial\u00bb background_position=\u00bbtop_left\u00bb background_repeat=\u00bbrepeat\u00bb global_colors_info=\u00bb{}\u00bb][et_pb_column type=\u00bb4_4&#8243; _builder_version=\u00bb4.16&#8243; custom_padding=\u00bb|||\u00bb global_colors_info=\u00bb{}\u00bb custom_padding__hover=\u00bb|||\u00bb][et_pb_text admin_label=\u00bbText\u00bb _builder_version=\u00bb4.27.4&#8243; background_size=\u00bbinitial\u00bb background_position=\u00bbtop_left\u00bb background_repeat=\u00bbrepeat\u00bb hover_enabled=\u00bb0&#8243; global_colors_info=\u00bb{}\u00bb sticky_enabled=\u00bb0&#8243;]<\/p>\n<p>El viernes 24 de enero nos encontrar\u00e1 con un stand informativo en la <strong>feria de sostenibilidad Kuleana Green Market, en Saalbau Bornheim, Arnsburger Str. 24 de Fr\u00e1ncfort<\/strong>. El acto est\u00e1 organizado por una clase de gestores de eventos en ciernes de la Stauffenbergschule de Fr\u00e1ncfort, con el objetivo de organizar de forma independiente un acto respetuoso con el medio ambiente.<\/p>\n<p>Nos hace especial ilusi\u00f3n este evento, ya que los estudiantes quieren <strong>donar<\/strong> los <strong>beneficios de su evento a Tropica<\/strong> Verde.<\/p>\n<p>El programa promete una emocionante variedad de expositores diferentes con actividades pr\u00e1cticas, peque\u00f1os talleres, productos sostenibles y un programa esc\u00e9nico de acompa\u00f1amiento con m\u00fasica y charlas.<\/p>\n<p>A<strong> las 12.30 h <\/strong>, nuestro <strong>antiguo miembro de la junta Wolfgang Schmitt <\/strong>har\u00e1 una <strong>breve presentaci\u00f3n <\/strong>sobre <strong>nuestros proyectos <\/strong>en Costa Rica.  <\/p>\n<p>Vis\u00edtenos en nuestro stand.<\/p>\n<p>[\/et_pb_text][\/et_pb_column][\/et_pb_row][\/et_pb_section]<\/p>\n","protected":false},"excerpt":{"rendered":"<p>El viernes 24 de enero nos encontrar\u00e1 con un stand informativo en la feria de sostenibilidad Kuleana Green Market, en Saalbau Bornheim, Arnsburger Str. 24 de Fr\u00e1ncfort. El acto est\u00e1 organizado por una clase de gestores de eventos en ciernes de la Stauffenbergschule de Fr\u00e1ncfort, con el objetivo de organizar de forma independiente un acto [&hellip;]<\/p>\n","protected":false},"author":3,"featured_media":5550,"comment_status":"closed","ping_status":"open","sticky":false,"template":"","format":"standard","meta":{"_et_pb_use_builder":"on","_et_pb_old_content":"","_et_gb_content_width":"","inline_featured_image":false,"footnotes":""},"categories":[149,225,157],"tags":[],"class_list":["post-239386","post","type-post","status-publish","format-standard","has-post-thumbnail","hentry","category-eventos-fechas","category-ods-12-consumo-y-produccion-sostenibles","category-trabajo-educativo-en-alemania"],"_links":{"self":[{"href":"https:\/\/tropica-verde.de\/es\/wp-json\/wp\/v2\/posts\/239386","targetHints":{"allow":["GET"]}}],"collection":[{"href":"https:\/\/tropica-verde.de\/es\/wp-json\/wp\/v2\/posts"}],"about":[{"href":"https:\/\/tropica-verde.de\/es\/wp-json\/wp\/v2\/types\/post"}],"author":[{"embeddable":true,"href":"https:\/\/tropica-verde.de\/es\/wp-json\/wp\/v2\/users\/3"}],"replies":[{"embeddable":true,"href":"https:\/\/tropica-verde.de\/es\/wp-json\/wp\/v2\/comments?post=239386"}],"version-history":[{"count":5,"href":"https:\/\/tropica-verde.de\/es\/wp-json\/wp\/v2\/posts\/239386\/revisions"}],"predecessor-version":[{"id":246499,"href":"https:\/\/tropica-verde.de\/es\/wp-json\/wp\/v2\/posts\/239386\/revisions\/246499"}],"wp:featuredmedia":[{"embeddable":true,"href":"https:\/\/tropica-verde.de\/es\/wp-json\/wp\/v2\/media\/5550"}],"wp:attachment":[{"href":"https:\/\/tropica-verde.de\/es\/wp-json\/wp\/v2\/media?parent=239386"}],"wp:term":[{"taxonomy":"category","embeddable":true,"href":"https:\/\/tropica-verde.de\/es\/wp-json\/wp\/v2\/categories?post=239386"},{"taxonomy":"post_tag","embeddable":true,"href":"https:\/\/tropica-verde.de\/es\/wp-json\/wp\/v2\/tags?post=239386"}],"curies":[{"name":"wp","href":"https:\/\/api.w.org\/{rel}","templated":true}]}}