{"id":239383,"date":"2024-04-13T23:52:01","date_gmt":"2024-04-13T21:52:01","guid":{"rendered":"https:\/\/tropica-verde.de\/reserve-la-fecha-conferencias-publicas-del-miembro-fundador-stefan-rother\/"},"modified":"2024-04-13T23:52:01","modified_gmt":"2024-04-13T21:52:01","slug":"reserve-la-fecha-conferencias-publicas-del-miembro-fundador-stefan-rother","status":"publish","type":"post","link":"https:\/\/tropica-verde.de\/es\/reserve-la-fecha-conferencias-publicas-del-miembro-fundador-stefan-rother\/","title":{"rendered":"Reserve la fecha: conferencias p\u00fablicas del miembro fundador Stefan Rother"},"content":{"rendered":"<p>Stefan Rother es uno de los miembros m\u00e1s veteranos y activos de nuestra misi\u00f3n en Costa Rica y Alemania. Ha estado muchas veces en Costa Rica y conoce nuestros proyectos y socios como nadie. En su <a href=\"https:\/\/www.faunity.ch\/blog\/\" rel=\"nofollow noopener\" target=\"_blank\">blog<\/a> ofrece regularmente informaci\u00f3n sobre el estado actual de nuestros proyectos.<\/p>\n<p>Stefan Rother dar\u00e1 conferencias p\u00fablicas sobre nuestra organizaci\u00f3n y nuestro trabajo en cuatro fechas, a las que le invitamos cordialmente:<\/p>\n<p>- <strong>27 de marzo de 2019<\/strong>, \u00abSecretos en la selva\u00bb, caf\u00e9 nocturno en la residencia de ancianos Mathysweg, Z\u00farich, a partir de las 18:30 horas<br \/>\n- <strong>16 de mayo de 2019<\/strong>, \u00abViaje a la selva tropical\u00bb, tarde de la tercera edad de Steinhausen, Centro Ecum\u00e9nico de Encuentros de Chillematt, a partir de las 14:30 horas.<br \/>\n- <strong>24 de mayo de 2019<\/strong>, \u00abSecretos en la selva tropical\u00bb, Centro Alem\u00e1n de Investigaci\u00f3n del C\u00e1ncer, serie de conferencias del Laboratorio de Ciencias de la Vida, Heidelberg, inicio 17:00 horas.<br \/>\n- <strong>13 de agosto de 2018<\/strong>, \u00abSecretos en la selva\u00bb, residencia de ancianos Oberstrass, Z\u00farich, a partir de las 15:00 horas.<\/p>\n","protected":false},"excerpt":{"rendered":"<p>Stefan Rother es uno de los miembros m\u00e1s veteranos y activos de nuestra misi\u00f3n en Costa Rica y Alemania. Ha estado muchas veces en Costa Rica y conoce nuestros proyectos y socios como nadie. En su blog ofrece regularmente informaci\u00f3n sobre el estado actual de nuestros proyectos. Stefan Rother dar\u00e1 conferencias p\u00fablicas sobre nuestra organizaci\u00f3n [&hellip;]<\/p>\n","protected":false},"author":6,"featured_media":5382,"comment_status":"closed","ping_status":"open","sticky":false,"template":"","format":"standard","meta":{"_et_pb_use_builder":"","_et_pb_old_content":"","_et_gb_content_width":"","inline_featured_image":false,"footnotes":""},"categories":[149],"tags":[],"class_list":["post-239383","post","type-post","status-publish","format-standard","has-post-thumbnail","hentry","category-eventos-fechas"],"_links":{"self":[{"href":"https:\/\/tropica-verde.de\/es\/wp-json\/wp\/v2\/posts\/239383","targetHints":{"allow":["GET"]}}],"collection":[{"href":"https:\/\/tropica-verde.de\/es\/wp-json\/wp\/v2\/posts"}],"about":[{"href":"https:\/\/tropica-verde.de\/es\/wp-json\/wp\/v2\/types\/post"}],"author":[{"embeddable":true,"href":"https:\/\/tropica-verde.de\/es\/wp-json\/wp\/v2\/users\/6"}],"replies":[{"embeddable":true,"href":"https:\/\/tropica-verde.de\/es\/wp-json\/wp\/v2\/comments?post=239383"}],"version-history":[{"count":0,"href":"https:\/\/tropica-verde.de\/es\/wp-json\/wp\/v2\/posts\/239383\/revisions"}],"wp:featuredmedia":[{"embeddable":true,"href":"https:\/\/tropica-verde.de\/es\/wp-json\/wp\/v2\/media\/5382"}],"wp:attachment":[{"href":"https:\/\/tropica-verde.de\/es\/wp-json\/wp\/v2\/media?parent=239383"}],"wp:term":[{"taxonomy":"category","embeddable":true,"href":"https:\/\/tropica-verde.de\/es\/wp-json\/wp\/v2\/categories?post=239383"},{"taxonomy":"post_tag","embeddable":true,"href":"https:\/\/tropica-verde.de\/es\/wp-json\/wp\/v2\/tags?post=239383"}],"curies":[{"name":"wp","href":"https:\/\/api.w.org\/{rel}","templated":true}]}}