{"id":239382,"date":"2024-04-13T23:52:01","date_gmt":"2024-04-13T21:52:01","guid":{"rendered":"https:\/\/tropica-verde.de\/el-guacamayo-soldado-en-el-zoo-de-francfort\/"},"modified":"2024-04-13T23:52:01","modified_gmt":"2024-04-13T21:52:01","slug":"el-guacamayo-soldado-en-el-zoo-de-francfort","status":"publish","type":"post","link":"https:\/\/tropica-verde.de\/es\/el-guacamayo-soldado-en-el-zoo-de-francfort\/","title":{"rendered":"El guacamayo soldado en el zoo de Fr\u00e1ncfort"},"content":{"rendered":"<p>El s\u00e1bado <strong>25 de mayo, de 10.00 a 18.00 horas, estaremos en el zoo de Fr\u00e1ncfort<\/strong> con un stand informativo sobre el <strong>guacamayo soldado<\/strong>. Le mostraremos por qu\u00e9 nuestro nuevo proyecto, la Reserva Kinkajou, es tan importante para la protecci\u00f3n de estos extraordinarios animales en peligro de extinci\u00f3n.<\/p>\n<p>Un cuestionario ilustrado le ense\u00f1ar\u00e1 datos interesantes sobre los animales y las formas de protegerlos. Para los ni\u00f1os, hay atractivos dibujos para colorear y chapas del guacamayo Arlo, que encuentra suficientes \u00e1rboles para anidar gracias a tus donaciones<a href=\"https:\/\/www.betterplace.org\/de\/projects\/61869-fliegst-du-noch-oder-wohnst-du-schon-arlosuchtbaumhaus\" rel=\"nofollow noopener\" target=\"_blank\">(#ArlosuchtBaumhaus<\/a>).<\/p>\n<p>El stand informativo se celebra en el marco del D\u00eda de Acci\u00f3n Zool\u00f3gica, con motivo de la <a href=\"https:\/\/www.biofrankfurt.de\/aktivitaeten\/aktionswoche-biologische-vielfalt-erleben\/\" rel=\"nofollow noopener\" target=\"_blank\">Semana de Acci\u00f3n<\/a> por la Diversidad Biol\u00f3gica <a href=\"https:\/\/www.biofrankfurt.de\/aktivitaeten\/aktionswoche-biologische-vielfalt-erleben\/\" rel=\"nofollow noopener\" target=\"_blank\">de BioFrankfurt<\/a>.<\/p>\n","protected":false},"excerpt":{"rendered":"<p>El s\u00e1bado 25 de mayo, de 10.00 a 18.00 horas, estaremos en el zoo de Fr\u00e1ncfort con un stand informativo sobre el guacamayo soldado. Le mostraremos por qu\u00e9 nuestro nuevo proyecto, la Reserva Kinkajou, es tan importante para la protecci\u00f3n de estos extraordinarios animales en peligro de extinci\u00f3n. Un cuestionario ilustrado le ense\u00f1ar\u00e1 datos interesantes [&hellip;]<\/p>\n","protected":false},"author":3,"featured_media":5406,"comment_status":"closed","ping_status":"open","sticky":false,"template":"","format":"standard","meta":{"_et_pb_use_builder":"","_et_pb_old_content":"","_et_gb_content_width":"","inline_featured_image":false,"footnotes":""},"categories":[149,157],"tags":[],"class_list":["post-239382","post","type-post","status-publish","format-standard","has-post-thumbnail","hentry","category-eventos-fechas","category-trabajo-educativo-en-alemania"],"_links":{"self":[{"href":"https:\/\/tropica-verde.de\/es\/wp-json\/wp\/v2\/posts\/239382","targetHints":{"allow":["GET"]}}],"collection":[{"href":"https:\/\/tropica-verde.de\/es\/wp-json\/wp\/v2\/posts"}],"about":[{"href":"https:\/\/tropica-verde.de\/es\/wp-json\/wp\/v2\/types\/post"}],"author":[{"embeddable":true,"href":"https:\/\/tropica-verde.de\/es\/wp-json\/wp\/v2\/users\/3"}],"replies":[{"embeddable":true,"href":"https:\/\/tropica-verde.de\/es\/wp-json\/wp\/v2\/comments?post=239382"}],"version-history":[{"count":0,"href":"https:\/\/tropica-verde.de\/es\/wp-json\/wp\/v2\/posts\/239382\/revisions"}],"wp:featuredmedia":[{"embeddable":true,"href":"https:\/\/tropica-verde.de\/es\/wp-json\/wp\/v2\/media\/5406"}],"wp:attachment":[{"href":"https:\/\/tropica-verde.de\/es\/wp-json\/wp\/v2\/media?parent=239382"}],"wp:term":[{"taxonomy":"category","embeddable":true,"href":"https:\/\/tropica-verde.de\/es\/wp-json\/wp\/v2\/categories?post=239382"},{"taxonomy":"post_tag","embeddable":true,"href":"https:\/\/tropica-verde.de\/es\/wp-json\/wp\/v2\/tags?post=239382"}],"curies":[{"name":"wp","href":"https:\/\/api.w.org\/{rel}","templated":true}]}}