{"id":239371,"date":"2024-04-13T23:51:59","date_gmt":"2024-04-13T21:51:59","guid":{"rendered":"https:\/\/tropica-verde.de\/hojancha-un-lugar-sin-bosque\/"},"modified":"2024-04-13T23:51:59","modified_gmt":"2024-04-13T21:51:59","slug":"hojancha-un-lugar-sin-bosque","status":"publish","type":"post","link":"https:\/\/tropica-verde.de\/es\/hojancha-un-lugar-sin-bosque\/","title":{"rendered":"Hojancha - Un lugar sin bosque"},"content":{"rendered":"<p>Los bosques de Monte Alto, ricos en especies, fueron deforestados masivamente a mediados del siglo XX para satisfacer la elevada demanda de carne de vacuno. En 1976, salvo el 2%, todo el bosque hab\u00eda ca\u00eddo v\u00edctima de la ganader\u00eda. El ciclo natural del agua empez\u00f3 a fallar y el r\u00edo Nosara, importante fuente de agua para la poblaci\u00f3n local, se sec\u00f3.<\/p>\n<p>Lea aqu\u00ed c\u00f3mo la poblaci\u00f3n local ha luchado por su bosque y c\u00f3mo Tropica Verde les ha apoyado en este empe\u00f1o durante m\u00e1s de 20 a\u00f1os.<\/p>\n<a href=\"https:\/\/vozdeguanacaste.com\/en\/the-feat-in-hojancha-the-town-that-lost-its-forest\/\" class=\"big-button biggreen\" target=\"_blank\" rel=\"nofollow noopener\">Art\u00edculo sobre la historia de Monte Alto<\/a>\n<p>&nbsp;<\/p>\n","protected":false},"excerpt":{"rendered":"<p>Los bosques de Monte Alto, ricos en especies, fueron deforestados masivamente a mediados del siglo XX para satisfacer la elevada demanda de carne de vacuno. En 1976, salvo el 2%, todo el bosque hab\u00eda ca\u00eddo v\u00edctima de la ganader\u00eda. El ciclo natural del agua empez\u00f3 a fallar y el r\u00edo Nosara, importante fuente de agua [&hellip;]<\/p>\n","protected":false},"author":3,"featured_media":5416,"comment_status":"closed","ping_status":"open","sticky":false,"template":"","format":"standard","meta":{"_et_pb_use_builder":"","_et_pb_old_content":"","_et_gb_content_width":"","inline_featured_image":false,"footnotes":""},"categories":[155,216],"tags":[],"class_list":["post-239371","post","type-post","status-publish","format-standard","has-post-thumbnail","hentry","category-monte-alto-es","category-noticias-de-los-proyectos"],"_links":{"self":[{"href":"https:\/\/tropica-verde.de\/es\/wp-json\/wp\/v2\/posts\/239371","targetHints":{"allow":["GET"]}}],"collection":[{"href":"https:\/\/tropica-verde.de\/es\/wp-json\/wp\/v2\/posts"}],"about":[{"href":"https:\/\/tropica-verde.de\/es\/wp-json\/wp\/v2\/types\/post"}],"author":[{"embeddable":true,"href":"https:\/\/tropica-verde.de\/es\/wp-json\/wp\/v2\/users\/3"}],"replies":[{"embeddable":true,"href":"https:\/\/tropica-verde.de\/es\/wp-json\/wp\/v2\/comments?post=239371"}],"version-history":[{"count":0,"href":"https:\/\/tropica-verde.de\/es\/wp-json\/wp\/v2\/posts\/239371\/revisions"}],"wp:featuredmedia":[{"embeddable":true,"href":"https:\/\/tropica-verde.de\/es\/wp-json\/wp\/v2\/media\/5416"}],"wp:attachment":[{"href":"https:\/\/tropica-verde.de\/es\/wp-json\/wp\/v2\/media?parent=239371"}],"wp:term":[{"taxonomy":"category","embeddable":true,"href":"https:\/\/tropica-verde.de\/es\/wp-json\/wp\/v2\/categories?post=239371"},{"taxonomy":"post_tag","embeddable":true,"href":"https:\/\/tropica-verde.de\/es\/wp-json\/wp\/v2\/tags?post=239371"}],"curies":[{"name":"wp","href":"https:\/\/api.w.org\/{rel}","templated":true}]}}